{"id":10142,"date":"2022-12-19T16:44:22","date_gmt":"2022-12-19T16:44:22","guid":{"rendered":"https:\/\/www.elisabetbach.com\/?p=10142"},"modified":"2022-12-19T16:44:22","modified_gmt":"2022-12-19T16:44:22","slug":"el-componente-economico-del-precio","status":"publish","type":"post","link":"https:\/\/www.elisabetbach.com\/es\/el-componente-economico-del-precio\/","title":{"rendered":"El componente econ\u00f3mico del precio"},"content":{"rendered":"<p>El <strong>precio<\/strong> es aquella cantidad de dinero que permite adquirir un bien o un servicio. El hecho de que su concreci\u00f3n se realice en unidades monetarias (U.M.), ya permite intuir que tiene un componente econ\u00f3mico importante y tenemos claro que todo negocio es siempre y por encima de todo un agente econ\u00f3mico.<\/p>\n<p>Ahora bien, sabemos que la suma de cada uno de los precios por el n\u00famero de los servicios vendidos dar\u00e1 el nivel de ingresos del negocio. Dicho nivel de ingresos debe cubrir los gastos y dejar un margen o beneficio. Podemos decir, pues, que el componente econ\u00f3mico del precio es una referencia para vender por encima del coste de producci\u00f3n del servicio. Es decir, el precio es un componente clave de la viabilidad del negocio.<\/p>\n<p>Si eres un profesional, te habr\u00e1s planteado si debes facturar <strong>por horas<\/strong> o <strong>por servicio<\/strong>. En cualquiera de los dos casos, se necesita un precio de referencia para calcular el precio de venta.<\/p>\n<p>Y para fijar ese precio, se han de tomar en cuenta dos factores:<\/p>\n<p>&nbsp;<\/p>\n<h3><strong>La capacidad de prestaci\u00f3n de servicios<\/strong><\/h3>\n<p>Independientemente de la forma en la que vendas tus servicios, el principal recurso que subyace es el tiempo invertido en su realizaci\u00f3n. Como bien sabes, el tiempo es un recurso limitado. En consecuencia, la capacidad de prestaci\u00f3n de servicios viene delimitada por las horas disponibles.<\/p>\n<p>En la prestaci\u00f3n de servicios profesionales independientes, el principal recurso de que dispone y vende la persona profesional es su tiempo. Y, \u00e9ste, es limitado. Por eso es importante que conozcas las <strong>horas totales de trabajo<\/strong>, y las <strong>horas disponibles para la prestaci\u00f3n del servicio<\/strong>.<\/p>\n<p>Con estos dos elementos, podr\u00e1s calcular tu capacidad para prestar un servicio y tener un elemento esencial para calcular tus costes; en el libro <a href=\"https:\/\/www.amazon.es\/Precios-Conectados-perfecta-servicios-profesionales-ebook\/dp\/B09YBT18KJ\/ref=tmm_kin_swatch_0?_encoding=UTF8&amp;qid=&amp;sr=\">Precios Conectados<\/a>, escrito junto con Marisela Cuevas, dedicamos todo un cap\u00edtulo a este tema; y estamos seguras de que ser\u00e1 de gran ayuda para tu proyecto profesional.<\/p>\n<p>&nbsp;<\/p>\n<h3><strong>La estructura de gastos y el beneficio esperado <\/strong><\/h3>\n<p>La valoraci\u00f3n econ\u00f3mica del precio debe asegurar la viabilidad de la empresa. Es decir, los ingresos que se generen con el precio deben cubrir los gastos que tiene el negocio m\u00e1s un beneficio de mercado.<\/p>\n<p>Recuerda que los ingresos son el resultado del volumen de servicios prestados -limitado por el n\u00famero de horas disponibles, factor que hemos calculado en el apartado anterior- multiplicado por el precio de dichos servicios.<\/p>\n<p>En este sentido, la primera premisa es pues, cubrir todos los costes empresariales, est\u00e1 completamente contraindicado fijar un precio que est\u00e9 por debajo del precio de costo, tal y como lo viste en <a href=\"https:\/\/www.elisabetbach.com\/es\/principales-errores-al-momento-de-fijar-precios-a-los-servicios-profesionales\/\">los errores m\u00e1s comunes<\/a>.<\/p>\n<p>Para evitar este error en la fijaci\u00f3n del precio, ten en cuenta estos dos puntos:<\/p>\n<ol>\n<li>En la medida de lo posible, utiliza un ejercicio completo (12 meses), especialmente si se trata de actividades con un fuerte contenido estacional.<\/li>\n<li>No incluyas los impuestos indirectos en el c\u00e1lculo de los costes de tu actividad (Ej. IVA), excepto si son un coste para tu empresa.<\/li>\n<\/ol>\n<p>\u00bfQuieres saber m\u00e1s sobre c\u00f3mo fijar el precio de tus servicios profesionales? En <a href=\"https:\/\/www.amazon.es\/Precios-Conectados-perfecta-servicios-profesionales-ebook\/dp\/B09YBT18KJ\/ref=tmm_kin_swatch_0?_encoding=UTF8&amp;qid=&amp;sr=\">Precios Conectados<\/a> tendr\u00e1s una gu\u00eda te\u00f3rico-pr\u00e1ctica que te ayudar\u00e1 a conseguir el precio ideal.<\/p>\n","protected":false},"excerpt":{"rendered":"<p>El precio es aquella cantidad de dinero que permite adquirir un bien o un servicio. El hecho de que su concreci\u00f3n se realice en unidades monetarias<span class=\"excerpt-hellip\"> [\u2026]<\/span><\/p>\n","protected":false},"author":5,"featured_media":10140,"comment_status":"open","ping_status":"open","sticky":false,"template":"","format":"standard","meta":{"footnotes":""},"categories":[98],"tags":[],"class_list":["post-10142","post","type-post","status-publish","format-standard","has-post-thumbnail","hentry","category-general-es"],"yoast_head":"<!-- This site is optimized with the Yoast SEO plugin v27.4 - https:\/\/yoast.com\/product\/yoast-seo-wordpress\/ -->\n<title>El componente econ\u00f3mico del precio - Elisabet Bach<\/title>\n<meta name=\"description\" content=\"El precio es aquella cantidad de dinero que permite adquirir un bien o un servicio. Conoce cu\u00e1les son sus componentes.\" \/>\n<meta name=\"robots\" content=\"index, follow, max-snippet:-1, max-image-preview:large, max-video-preview:-1\" \/>\n<link rel=\"canonical\" href=\"https:\/\/www.elisabetbach.com\/es\/el-componente-economico-del-precio\/\" \/>\n<meta property=\"og:locale\" content=\"es_ES\" \/>\n<meta property=\"og:type\" content=\"article\" \/>\n<meta property=\"og:title\" content=\"El componente econ\u00f3mico del precio - Elisabet Bach\" \/>\n<meta property=\"og:description\" content=\"El precio es aquella cantidad de dinero que permite adquirir un bien o un servicio. Conoce cu\u00e1les son sus componentes.\" \/>\n<meta property=\"og:url\" content=\"https:\/\/www.elisabetbach.com\/es\/el-componente-economico-del-precio\/\" \/>\n<meta property=\"og:site_name\" content=\"Elisabet Bach\" \/>\n<meta property=\"article:publisher\" content=\"https:\/\/www.facebook.com\/elisabetbacholler\/\" \/>\n<meta property=\"article:published_time\" content=\"2022-12-19T16:44:22+00:00\" \/>\n<meta property=\"og:image\" content=\"https:\/\/www.elisabetbach.com\/wp-content\/uploads\/2022\/12\/Diseno-sin-titulo-2022-12-19T173744.486.png\" \/>\n\t<meta property=\"og:image:width\" content=\"800\" \/>\n\t<meta property=\"og:image:height\" content=\"444\" \/>\n\t<meta property=\"og:image:type\" content=\"image\/png\" \/>\n<meta name=\"author\" content=\"Gabriela Granja\" \/>\n<meta name=\"twitter:label1\" content=\"Escrito por\" \/>\n\t<meta name=\"twitter:data1\" content=\"Gabriela Granja\" \/>\n\t<meta name=\"twitter:label2\" content=\"Tiempo de lectura\" \/>\n\t<meta name=\"twitter:data2\" content=\"3 minutos\" \/>\n<script type=\"application\/ld+json\" class=\"yoast-schema-graph\">{\"@context\":\"https:\\\/\\\/schema.org\",\"@graph\":[{\"@type\":\"Article\",\"@id\":\"https:\\\/\\\/www.elisabetbach.com\\\/es\\\/el-componente-economico-del-precio\\\/#article\",\"isPartOf\":{\"@id\":\"https:\\\/\\\/www.elisabetbach.com\\\/es\\\/el-componente-economico-del-precio\\\/\"},\"author\":{\"name\":\"Gabriela Granja\",\"@id\":\"https:\\\/\\\/www.elisabetbach.com\\\/#\\\/schema\\\/person\\\/aed6c44263d3fb71bfed603c8edc7c21\"},\"headline\":\"El componente econ\u00f3mico del precio\",\"datePublished\":\"2022-12-19T16:44:22+00:00\",\"mainEntityOfPage\":{\"@id\":\"https:\\\/\\\/www.elisabetbach.com\\\/es\\\/el-componente-economico-del-precio\\\/\"},\"wordCount\":558,\"commentCount\":0,\"publisher\":{\"@id\":\"https:\\\/\\\/www.elisabetbach.com\\\/#organization\"},\"image\":{\"@id\":\"https:\\\/\\\/www.elisabetbach.com\\\/es\\\/el-componente-economico-del-precio\\\/#primaryimage\"},\"thumbnailUrl\":\"https:\\\/\\\/www.elisabetbach.com\\\/wp-content\\\/uploads\\\/2022\\\/12\\\/Diseno-sin-titulo-2022-12-19T173744.486.png\",\"articleSection\":[\"General @es\"],\"inLanguage\":\"es\",\"potentialAction\":[{\"@type\":\"CommentAction\",\"name\":\"Comment\",\"target\":[\"https:\\\/\\\/www.elisabetbach.com\\\/es\\\/el-componente-economico-del-precio\\\/#respond\"]}]},{\"@type\":\"WebPage\",\"@id\":\"https:\\\/\\\/www.elisabetbach.com\\\/es\\\/el-componente-economico-del-precio\\\/\",\"url\":\"https:\\\/\\\/www.elisabetbach.com\\\/es\\\/el-componente-economico-del-precio\\\/\",\"name\":\"El componente econ\u00f3mico del precio - Elisabet Bach\",\"isPartOf\":{\"@id\":\"https:\\\/\\\/www.elisabetbach.com\\\/#website\"},\"primaryImageOfPage\":{\"@id\":\"https:\\\/\\\/www.elisabetbach.com\\\/es\\\/el-componente-economico-del-precio\\\/#primaryimage\"},\"image\":{\"@id\":\"https:\\\/\\\/www.elisabetbach.com\\\/es\\\/el-componente-economico-del-precio\\\/#primaryimage\"},\"thumbnailUrl\":\"https:\\\/\\\/www.elisabetbach.com\\\/wp-content\\\/uploads\\\/2022\\\/12\\\/Diseno-sin-titulo-2022-12-19T173744.486.png\",\"datePublished\":\"2022-12-19T16:44:22+00:00\",\"description\":\"El precio es aquella cantidad de dinero que permite adquirir un bien o un servicio. Conoce cu\u00e1les son sus componentes.\",\"breadcrumb\":{\"@id\":\"https:\\\/\\\/www.elisabetbach.com\\\/es\\\/el-componente-economico-del-precio\\\/#breadcrumb\"},\"inLanguage\":\"es\",\"potentialAction\":[{\"@type\":\"ReadAction\",\"target\":[\"https:\\\/\\\/www.elisabetbach.com\\\/es\\\/el-componente-economico-del-precio\\\/\"]}]},{\"@type\":\"ImageObject\",\"inLanguage\":\"es\",\"@id\":\"https:\\\/\\\/www.elisabetbach.com\\\/es\\\/el-componente-economico-del-precio\\\/#primaryimage\",\"url\":\"https:\\\/\\\/www.elisabetbach.com\\\/wp-content\\\/uploads\\\/2022\\\/12\\\/Diseno-sin-titulo-2022-12-19T173744.486.png\",\"contentUrl\":\"https:\\\/\\\/www.elisabetbach.com\\\/wp-content\\\/uploads\\\/2022\\\/12\\\/Diseno-sin-titulo-2022-12-19T173744.486.png\",\"width\":800,\"height\":444,\"caption\":\"Component Economic del Preu\"},{\"@type\":\"BreadcrumbList\",\"@id\":\"https:\\\/\\\/www.elisabetbach.com\\\/es\\\/el-componente-economico-del-precio\\\/#breadcrumb\",\"itemListElement\":[{\"@type\":\"ListItem\",\"position\":1,\"name\":\"Inici\",\"item\":\"https:\\\/\\\/www.elisabetbach.com\\\/es\\\/\"},{\"@type\":\"ListItem\",\"position\":2,\"name\":\"El componente econ\u00f3mico del precio\"}]},{\"@type\":\"WebSite\",\"@id\":\"https:\\\/\\\/www.elisabetbach.com\\\/#website\",\"url\":\"https:\\\/\\\/www.elisabetbach.com\\\/\",\"name\":\"Elisabet Bach\",\"description\":\"Consultora Econ\u00f3mica y Financiera\",\"publisher\":{\"@id\":\"https:\\\/\\\/www.elisabetbach.com\\\/#organization\"},\"potentialAction\":[{\"@type\":\"SearchAction\",\"target\":{\"@type\":\"EntryPoint\",\"urlTemplate\":\"https:\\\/\\\/www.elisabetbach.com\\\/?s={search_term_string}\"},\"query-input\":{\"@type\":\"PropertyValueSpecification\",\"valueRequired\":true,\"valueName\":\"search_term_string\"}}],\"inLanguage\":\"es\"},{\"@type\":\"Organization\",\"@id\":\"https:\\\/\\\/www.elisabetbach.com\\\/#organization\",\"name\":\"Elisabet Bach\",\"url\":\"https:\\\/\\\/www.elisabetbach.com\\\/\",\"logo\":{\"@type\":\"ImageObject\",\"inLanguage\":\"es\",\"@id\":\"https:\\\/\\\/www.elisabetbach.com\\\/#\\\/schema\\\/logo\\\/image\\\/\",\"url\":\"https:\\\/\\\/www.elisabetbach.com\\\/wp-content\\\/uploads\\\/2014\\\/03\\\/logo.png\",\"contentUrl\":\"https:\\\/\\\/www.elisabetbach.com\\\/wp-content\\\/uploads\\\/2014\\\/03\\\/logo.png\",\"width\":308,\"height\":49,\"caption\":\"Elisabet Bach\"},\"image\":{\"@id\":\"https:\\\/\\\/www.elisabetbach.com\\\/#\\\/schema\\\/logo\\\/image\\\/\"},\"sameAs\":[\"https:\\\/\\\/www.facebook.com\\\/elisabetbacholler\\\/\",\"https:\\\/\\\/x.com\\\/elisabet_bach\",\"https:\\\/\\\/www.linkedin.com\\\/in\\\/elisabetbachconsultant\\\/\",\"https:\\\/\\\/www.youtube.com\\\/channel\\\/UCaoleye0jmPoR0_FLWsGa8Q\"]},{\"@type\":\"Person\",\"@id\":\"https:\\\/\\\/www.elisabetbach.com\\\/#\\\/schema\\\/person\\\/aed6c44263d3fb71bfed603c8edc7c21\",\"name\":\"Gabriela Granja\",\"image\":{\"@type\":\"ImageObject\",\"inLanguage\":\"es\",\"@id\":\"https:\\\/\\\/secure.gravatar.com\\\/avatar\\\/fc8117cb1263432cf991690b0187a13a2baf8f2144aa16d5078080f3926cd9f0?s=96&d=mm&r=g\",\"url\":\"https:\\\/\\\/secure.gravatar.com\\\/avatar\\\/fc8117cb1263432cf991690b0187a13a2baf8f2144aa16d5078080f3926cd9f0?s=96&d=mm&r=g\",\"contentUrl\":\"https:\\\/\\\/secure.gravatar.com\\\/avatar\\\/fc8117cb1263432cf991690b0187a13a2baf8f2144aa16d5078080f3926cd9f0?s=96&d=mm&r=g\",\"caption\":\"Gabriela Granja\"},\"url\":\"https:\\\/\\\/www.elisabetbach.com\\\/es\\\/author\\\/gabriela-granja\\\/\"}]}<\/script>\n<!-- \/ Yoast SEO plugin. -->","yoast_head_json":{"title":"El componente econ\u00f3mico del precio - Elisabet Bach","description":"El precio es aquella cantidad de dinero que permite adquirir un bien o un servicio. Conoce cu\u00e1les son sus componentes.","robots":{"index":"index","follow":"follow","max-snippet":"max-snippet:-1","max-image-preview":"max-image-preview:large","max-video-preview":"max-video-preview:-1"},"canonical":"https:\/\/www.elisabetbach.com\/es\/el-componente-economico-del-precio\/","og_locale":"es_ES","og_type":"article","og_title":"El componente econ\u00f3mico del precio - Elisabet Bach","og_description":"El precio es aquella cantidad de dinero que permite adquirir un bien o un servicio. Conoce cu\u00e1les son sus componentes.","og_url":"https:\/\/www.elisabetbach.com\/es\/el-componente-economico-del-precio\/","og_site_name":"Elisabet Bach","article_publisher":"https:\/\/www.facebook.com\/elisabetbacholler\/","article_published_time":"2022-12-19T16:44:22+00:00","og_image":[{"width":800,"height":444,"url":"https:\/\/www.elisabetbach.com\/wp-content\/uploads\/2022\/12\/Diseno-sin-titulo-2022-12-19T173744.486.png","type":"image\/png"}],"author":"Gabriela Granja","twitter_misc":{"Escrito por":"Gabriela Granja","Tiempo de lectura":"3 minutos"},"schema":{"@context":"https:\/\/schema.org","@graph":[{"@type":"Article","@id":"https:\/\/www.elisabetbach.com\/es\/el-componente-economico-del-precio\/#article","isPartOf":{"@id":"https:\/\/www.elisabetbach.com\/es\/el-componente-economico-del-precio\/"},"author":{"name":"Gabriela Granja","@id":"https:\/\/www.elisabetbach.com\/#\/schema\/person\/aed6c44263d3fb71bfed603c8edc7c21"},"headline":"El componente econ\u00f3mico del precio","datePublished":"2022-12-19T16:44:22+00:00","mainEntityOfPage":{"@id":"https:\/\/www.elisabetbach.com\/es\/el-componente-economico-del-precio\/"},"wordCount":558,"commentCount":0,"publisher":{"@id":"https:\/\/www.elisabetbach.com\/#organization"},"image":{"@id":"https:\/\/www.elisabetbach.com\/es\/el-componente-economico-del-precio\/#primaryimage"},"thumbnailUrl":"https:\/\/www.elisabetbach.com\/wp-content\/uploads\/2022\/12\/Diseno-sin-titulo-2022-12-19T173744.486.png","articleSection":["General @es"],"inLanguage":"es","potentialAction":[{"@type":"CommentAction","name":"Comment","target":["https:\/\/www.elisabetbach.com\/es\/el-componente-economico-del-precio\/#respond"]}]},{"@type":"WebPage","@id":"https:\/\/www.elisabetbach.com\/es\/el-componente-economico-del-precio\/","url":"https:\/\/www.elisabetbach.com\/es\/el-componente-economico-del-precio\/","name":"El componente econ\u00f3mico del precio - Elisabet Bach","isPartOf":{"@id":"https:\/\/www.elisabetbach.com\/#website"},"primaryImageOfPage":{"@id":"https:\/\/www.elisabetbach.com\/es\/el-componente-economico-del-precio\/#primaryimage"},"image":{"@id":"https:\/\/www.elisabetbach.com\/es\/el-componente-economico-del-precio\/#primaryimage"},"thumbnailUrl":"https:\/\/www.elisabetbach.com\/wp-content\/uploads\/2022\/12\/Diseno-sin-titulo-2022-12-19T173744.486.png","datePublished":"2022-12-19T16:44:22+00:00","description":"El precio es aquella cantidad de dinero que permite adquirir un bien o un servicio. Conoce cu\u00e1les son sus componentes.","breadcrumb":{"@id":"https:\/\/www.elisabetbach.com\/es\/el-componente-economico-del-precio\/#breadcrumb"},"inLanguage":"es","potentialAction":[{"@type":"ReadAction","target":["https:\/\/www.elisabetbach.com\/es\/el-componente-economico-del-precio\/"]}]},{"@type":"ImageObject","inLanguage":"es","@id":"https:\/\/www.elisabetbach.com\/es\/el-componente-economico-del-precio\/#primaryimage","url":"https:\/\/www.elisabetbach.com\/wp-content\/uploads\/2022\/12\/Diseno-sin-titulo-2022-12-19T173744.486.png","contentUrl":"https:\/\/www.elisabetbach.com\/wp-content\/uploads\/2022\/12\/Diseno-sin-titulo-2022-12-19T173744.486.png","width":800,"height":444,"caption":"Component Economic del Preu"},{"@type":"BreadcrumbList","@id":"https:\/\/www.elisabetbach.com\/es\/el-componente-economico-del-precio\/#breadcrumb","itemListElement":[{"@type":"ListItem","position":1,"name":"Inici","item":"https:\/\/www.elisabetbach.com\/es\/"},{"@type":"ListItem","position":2,"name":"El componente econ\u00f3mico del precio"}]},{"@type":"WebSite","@id":"https:\/\/www.elisabetbach.com\/#website","url":"https:\/\/www.elisabetbach.com\/","name":"Elisabet Bach","description":"Consultora Econ\u00f3mica y Financiera","publisher":{"@id":"https:\/\/www.elisabetbach.com\/#organization"},"potentialAction":[{"@type":"SearchAction","target":{"@type":"EntryPoint","urlTemplate":"https:\/\/www.elisabetbach.com\/?s={search_term_string}"},"query-input":{"@type":"PropertyValueSpecification","valueRequired":true,"valueName":"search_term_string"}}],"inLanguage":"es"},{"@type":"Organization","@id":"https:\/\/www.elisabetbach.com\/#organization","name":"Elisabet Bach","url":"https:\/\/www.elisabetbach.com\/","logo":{"@type":"ImageObject","inLanguage":"es","@id":"https:\/\/www.elisabetbach.com\/#\/schema\/logo\/image\/","url":"https:\/\/www.elisabetbach.com\/wp-content\/uploads\/2014\/03\/logo.png","contentUrl":"https:\/\/www.elisabetbach.com\/wp-content\/uploads\/2014\/03\/logo.png","width":308,"height":49,"caption":"Elisabet Bach"},"image":{"@id":"https:\/\/www.elisabetbach.com\/#\/schema\/logo\/image\/"},"sameAs":["https:\/\/www.facebook.com\/elisabetbacholler\/","https:\/\/x.com\/elisabet_bach","https:\/\/www.linkedin.com\/in\/elisabetbachconsultant\/","https:\/\/www.youtube.com\/channel\/UCaoleye0jmPoR0_FLWsGa8Q"]},{"@type":"Person","@id":"https:\/\/www.elisabetbach.com\/#\/schema\/person\/aed6c44263d3fb71bfed603c8edc7c21","name":"Gabriela Granja","image":{"@type":"ImageObject","inLanguage":"es","@id":"https:\/\/secure.gravatar.com\/avatar\/fc8117cb1263432cf991690b0187a13a2baf8f2144aa16d5078080f3926cd9f0?s=96&d=mm&r=g","url":"https:\/\/secure.gravatar.com\/avatar\/fc8117cb1263432cf991690b0187a13a2baf8f2144aa16d5078080f3926cd9f0?s=96&d=mm&r=g","contentUrl":"https:\/\/secure.gravatar.com\/avatar\/fc8117cb1263432cf991690b0187a13a2baf8f2144aa16d5078080f3926cd9f0?s=96&d=mm&r=g","caption":"Gabriela Granja"},"url":"https:\/\/www.elisabetbach.com\/es\/author\/gabriela-granja\/"}]}},"_links":{"self":[{"href":"https:\/\/www.elisabetbach.com\/es\/wp-json\/wp\/v2\/posts\/10142","targetHints":{"allow":["GET"]}}],"collection":[{"href":"https:\/\/www.elisabetbach.com\/es\/wp-json\/wp\/v2\/posts"}],"about":[{"href":"https:\/\/www.elisabetbach.com\/es\/wp-json\/wp\/v2\/types\/post"}],"author":[{"embeddable":true,"href":"https:\/\/www.elisabetbach.com\/es\/wp-json\/wp\/v2\/users\/5"}],"replies":[{"embeddable":true,"href":"https:\/\/www.elisabetbach.com\/es\/wp-json\/wp\/v2\/comments?post=10142"}],"version-history":[{"count":1,"href":"https:\/\/www.elisabetbach.com\/es\/wp-json\/wp\/v2\/posts\/10142\/revisions"}],"predecessor-version":[{"id":10143,"href":"https:\/\/www.elisabetbach.com\/es\/wp-json\/wp\/v2\/posts\/10142\/revisions\/10143"}],"wp:featuredmedia":[{"embeddable":true,"href":"https:\/\/www.elisabetbach.com\/es\/wp-json\/wp\/v2\/media\/10140"}],"wp:attachment":[{"href":"https:\/\/www.elisabetbach.com\/es\/wp-json\/wp\/v2\/media?parent=10142"}],"wp:term":[{"taxonomy":"category","embeddable":true,"href":"https:\/\/www.elisabetbach.com\/es\/wp-json\/wp\/v2\/categories?post=10142"},{"taxonomy":"post_tag","embeddable":true,"href":"https:\/\/www.elisabetbach.com\/es\/wp-json\/wp\/v2\/tags?post=10142"}],"curies":[{"name":"wp","href":"https:\/\/api.w.org\/{rel}","templated":true}]}}