{"id":10655,"date":"2023-07-06T11:10:29","date_gmt":"2023-07-06T11:10:29","guid":{"rendered":"https:\/\/www.elisabetbach.com\/garantint-la-supervivencia-del-negoci-com-crear-un-fons-demergencia\/"},"modified":"2023-07-06T11:22:43","modified_gmt":"2023-07-06T11:22:43","slug":"garantizando-la-supervivencia-del-negocio-como-crear-un-fondo-de-emergencia","status":"publish","type":"post","link":"https:\/\/www.elisabetbach.com\/es\/garantizando-la-supervivencia-del-negocio-como-crear-un-fondo-de-emergencia\/","title":{"rendered":"Garantizando la supervivencia del negocio: c\u00f3mo crear un fondo de emergencia"},"content":{"rendered":"<p><span style=\"font-weight: 400;\">En un entorno tan cambiante como el actual, la viabilidad de un negocio consiste no solo en generar beneficio, sino tambi\u00e9n en su capacidad para afrontar situaciones inesperadas. Porque, podemos afirmar que se producir\u00e1n situaciones inesperadas, aunque no sabemos en qu\u00e9 momento. Tambi\u00e9n sabemos que se necesitar\u00e1n recursos econ\u00f3micos para afrontarlas. \u00bfC\u00f3mo hacerles frente? Con la creaci\u00f3n de un fondo de emergencia.<\/span><\/p>\n<p><span style=\"font-weight: 400;\">En este post explicaremos c\u00f3mo calcular el importe que deber\u00eda tener dicho fondo, como generarlo y como mantenerlo.<\/span><\/p>\n<h2>\u00bfQu\u00e9 es un fondo de emergencia?<\/h2>\n<p><span style=\"font-weight: 400;\">Un fondo de emergencia lo podemos definir como un ahorro que genera la actividad y que se destinar\u00e1 a situaciones extraordinarias o poco habituales en el negocio. Por ejemplo, una reducci\u00f3n de ingresos que provoca temporalmente que no se cubran los gastos; una indemnizaci\u00f3n por despido de personal; el retraso en el pago de una factura de un cliente.<\/span><\/p>\n<h3>\u00bfQu\u00e9 importe debe tener un fondo de emergencia?<\/h3>\n<p><span style=\"font-weight: 400;\">Podemos utilizar diferentes par\u00e1metros para calcular el importe que deber\u00eda tener este fondo de emergencia. Os presentamos algunos para que escoj\u00e1is los que m\u00e1s se ajusten a vuestra actividad:<\/span><\/p>\n<p><span style=\"font-weight: 400;\">&#8211; Los gastos fijos (personal, Seguridad Social, suministros, alquileres, seguros, servicios externos&#8230;) de 3 meses.<\/span><\/p>\n<p><span style=\"font-weight: 400;\">&#8211; El coste de despedir un 25% de la plantilla.<\/span><\/p>\n<h2>\u00bfC\u00f3mo generar un fondo de emergencia?<\/h2>\n<p><span style=\"font-weight: 400;\">Un fondo de emergencia no se crea de hoy para ma\u00f1ana. Requiere tiempo, dado que es recomendable crearlo con el beneficio que genera el negocio. Es recomendable dejar al menos una parte del beneficio generado anualmente como fondo de emergencia. Esta parte tiene que ser m\u00e1s elevada si partimos de cero y puede menguar a medida que se logra la cifra objetivo.<\/span><\/p>\n<p><span style=\"font-weight: 400;\">A pesar de que la medida nos la da el beneficio empresarial, la periodicidad de ahorro debe ser mensual o trimestral, de este modo se puede trabajar con cantidades m\u00e1s peque\u00f1as y de forma m\u00e1s regular.<\/span><\/p>\n<p><span style=\"font-weight: 400;\">Tambi\u00e9n es importante retomar el fondo en el supuesto de que se utilice una parte, de forma que siempre haya un fondo de dimensi\u00f3n adecuada.<\/span><\/p>\n<h2>\u00bfC\u00f3mo mantener el fondo de emergencia?<\/h2>\n<p><span style=\"font-weight: 400;\">El fondo de emergencia no es para situaciones del d\u00eda a d\u00eda de la empresa. Como su nombre indica, es para situaciones imprevistas, at\u00edpicas, que pueden comprometer la viabilidad de la actividad. Hace falta, pues, ser riguroso y no usarlo para otros elementos que no sean este tipo de circunstancias.\u00a0<\/span><\/p>\n<p><span style=\"font-weight: 400;\">Al mismo tiempo, hay que rehacerlo cuando se usa una parte. Tambi\u00e9n hace falta recalcular los importes anualmente para adaptar la cantidad del importe a ahorrar a la situaci\u00f3n de la empresa. Por ejemplo, si ha habido un incremento de gasto, hay que recalcular el importe a alcanzar del fondo de emergencia, seg\u00fan este nuevo gasto fijo.<\/span><\/p>\n<p><span style=\"font-weight: 400;\">Es recomendable tambi\u00e9n mantener este fondo en una cuenta separada de aquella que se utilice en el d\u00eda a d\u00eda.\u00a0<\/span><\/p>\n<p><span style=\"font-weight: 400;\">Si el importe se invierte para obtener un rendimiento, es importante que sea en un tipo de inversi\u00f3n de perfil de bajo riesgo y liquidez inmediata.<\/span><\/p>\n<h2>Conclusi\u00f3n<\/h2>\n<p><span style=\"font-weight: 400;\">La creaci\u00f3n de un fondo de emergencia para un negocio es una decisi\u00f3n estrat\u00e9gica que puede garantizar su supervivencia durante tiempos dif\u00edciles. Es esencial ponerle foco, atenci\u00f3n e intenci\u00f3n, dado que requiere rigurosidad i tiempo.<\/span><\/p>\n<p><span style=\"font-weight: 400;\">Con un fondo de emergencia adecuado, promotores y promotoras de negocios podr\u00e1n afrontar desaf\u00edos imprevistos con confianza, tranquilidad y asegurar un futuro s\u00f3lido para el negocio.<\/span><\/p>\n<p>&nbsp;<\/p>\n","protected":false},"excerpt":{"rendered":"<p>En un entorno tan cambiante como el actual, la viabilidad de un negocio consiste no solo en generar beneficio, sino tambi\u00e9n en su capacidad para afrontar<span class=\"excerpt-hellip\"> [\u2026]<\/span><\/p>\n","protected":false},"author":5,"featured_media":10653,"comment_status":"open","ping_status":"open","sticky":false,"template":"","format":"standard","meta":{"footnotes":""},"categories":[246,244],"tags":[],"class_list":["post-10655","post","type-post","status-publish","format-standard","has-post-thumbnail","hentry","category-crecimiento-empresarial","category-creixement-empresarial"],"yoast_head":"<!-- This site is optimized with the Yoast SEO plugin v27.4 - https:\/\/yoast.com\/product\/yoast-seo-wordpress\/ -->\n<title>Garantizando la supervivencia del negocio: c\u00f3mo crear un fondo de emergencia - Elisabet Bach<\/title>\n<meta name=\"description\" content=\"Un fondo de emergencia es un ahorro que genera la actividad y que se destinar\u00e1 a situaciones extraordinarias o poco habituales en el negocio.\" \/>\n<meta name=\"robots\" content=\"index, follow, max-snippet:-1, max-image-preview:large, max-video-preview:-1\" \/>\n<link rel=\"canonical\" href=\"https:\/\/www.elisabetbach.com\/es\/garantizando-la-supervivencia-del-negocio-como-crear-un-fondo-de-emergencia\/\" \/>\n<meta property=\"og:locale\" content=\"es_ES\" \/>\n<meta property=\"og:type\" content=\"article\" \/>\n<meta property=\"og:title\" content=\"Garantizando la supervivencia del negocio: c\u00f3mo crear un fondo de emergencia - Elisabet Bach\" \/>\n<meta property=\"og:description\" content=\"Un fondo de emergencia es un ahorro que genera la actividad y que se destinar\u00e1 a situaciones extraordinarias o poco habituales en el negocio.\" \/>\n<meta property=\"og:url\" content=\"https:\/\/www.elisabetbach.com\/es\/garantizando-la-supervivencia-del-negocio-como-crear-un-fondo-de-emergencia\/\" \/>\n<meta property=\"og:site_name\" content=\"Elisabet Bach\" \/>\n<meta property=\"article:publisher\" content=\"https:\/\/www.facebook.com\/elisabetbacholler\/\" \/>\n<meta property=\"article:published_time\" content=\"2023-07-06T11:10:29+00:00\" \/>\n<meta property=\"article:modified_time\" content=\"2023-07-06T11:22:43+00:00\" \/>\n<meta property=\"og:image\" content=\"https:\/\/www.elisabetbach.com\/wp-content\/uploads\/2023\/07\/fondo-ahorros-empresa.jpeg\" \/>\n\t<meta property=\"og:image:width\" content=\"2560\" \/>\n\t<meta property=\"og:image:height\" content=\"1707\" \/>\n\t<meta property=\"og:image:type\" content=\"image\/jpeg\" \/>\n<meta name=\"author\" content=\"Gabriela Granja\" \/>\n<meta name=\"twitter:label1\" content=\"Escrito por\" \/>\n\t<meta name=\"twitter:data1\" content=\"Gabriela Granja\" \/>\n\t<meta name=\"twitter:label2\" content=\"Tiempo de lectura\" \/>\n\t<meta name=\"twitter:data2\" content=\"4 minutos\" \/>\n<script type=\"application\/ld+json\" class=\"yoast-schema-graph\">{\"@context\":\"https:\\\/\\\/schema.org\",\"@graph\":[{\"@type\":\"Article\",\"@id\":\"https:\\\/\\\/www.elisabetbach.com\\\/es\\\/garantizando-la-supervivencia-del-negocio-como-crear-un-fondo-de-emergencia\\\/#article\",\"isPartOf\":{\"@id\":\"https:\\\/\\\/www.elisabetbach.com\\\/es\\\/garantizando-la-supervivencia-del-negocio-como-crear-un-fondo-de-emergencia\\\/\"},\"author\":{\"name\":\"Gabriela Granja\",\"@id\":\"https:\\\/\\\/www.elisabetbach.com\\\/#\\\/schema\\\/person\\\/aed6c44263d3fb71bfed603c8edc7c21\"},\"headline\":\"Garantizando la supervivencia del negocio: c\u00f3mo crear un fondo de emergencia\",\"datePublished\":\"2023-07-06T11:10:29+00:00\",\"dateModified\":\"2023-07-06T11:22:43+00:00\",\"mainEntityOfPage\":{\"@id\":\"https:\\\/\\\/www.elisabetbach.com\\\/es\\\/garantizando-la-supervivencia-del-negocio-como-crear-un-fondo-de-emergencia\\\/\"},\"wordCount\":612,\"commentCount\":0,\"publisher\":{\"@id\":\"https:\\\/\\\/www.elisabetbach.com\\\/#organization\"},\"image\":{\"@id\":\"https:\\\/\\\/www.elisabetbach.com\\\/es\\\/garantizando-la-supervivencia-del-negocio-como-crear-un-fondo-de-emergencia\\\/#primaryimage\"},\"thumbnailUrl\":\"https:\\\/\\\/www.elisabetbach.com\\\/wp-content\\\/uploads\\\/2023\\\/07\\\/fondo-ahorros-empresa.jpeg\",\"articleSection\":[\"Crecimiento Empresarial\",\"creixement empresarial\"],\"inLanguage\":\"es\",\"potentialAction\":[{\"@type\":\"CommentAction\",\"name\":\"Comment\",\"target\":[\"https:\\\/\\\/www.elisabetbach.com\\\/es\\\/garantizando-la-supervivencia-del-negocio-como-crear-un-fondo-de-emergencia\\\/#respond\"]}]},{\"@type\":\"WebPage\",\"@id\":\"https:\\\/\\\/www.elisabetbach.com\\\/es\\\/garantizando-la-supervivencia-del-negocio-como-crear-un-fondo-de-emergencia\\\/\",\"url\":\"https:\\\/\\\/www.elisabetbach.com\\\/es\\\/garantizando-la-supervivencia-del-negocio-como-crear-un-fondo-de-emergencia\\\/\",\"name\":\"Garantizando la supervivencia del negocio: c\u00f3mo crear un fondo de emergencia - Elisabet Bach\",\"isPartOf\":{\"@id\":\"https:\\\/\\\/www.elisabetbach.com\\\/#website\"},\"primaryImageOfPage\":{\"@id\":\"https:\\\/\\\/www.elisabetbach.com\\\/es\\\/garantizando-la-supervivencia-del-negocio-como-crear-un-fondo-de-emergencia\\\/#primaryimage\"},\"image\":{\"@id\":\"https:\\\/\\\/www.elisabetbach.com\\\/es\\\/garantizando-la-supervivencia-del-negocio-como-crear-un-fondo-de-emergencia\\\/#primaryimage\"},\"thumbnailUrl\":\"https:\\\/\\\/www.elisabetbach.com\\\/wp-content\\\/uploads\\\/2023\\\/07\\\/fondo-ahorros-empresa.jpeg\",\"datePublished\":\"2023-07-06T11:10:29+00:00\",\"dateModified\":\"2023-07-06T11:22:43+00:00\",\"description\":\"Un fondo de emergencia es un ahorro que genera la actividad y que se destinar\u00e1 a situaciones extraordinarias o poco habituales en el negocio.\",\"breadcrumb\":{\"@id\":\"https:\\\/\\\/www.elisabetbach.com\\\/es\\\/garantizando-la-supervivencia-del-negocio-como-crear-un-fondo-de-emergencia\\\/#breadcrumb\"},\"inLanguage\":\"es\",\"potentialAction\":[{\"@type\":\"ReadAction\",\"target\":[\"https:\\\/\\\/www.elisabetbach.com\\\/es\\\/garantizando-la-supervivencia-del-negocio-como-crear-un-fondo-de-emergencia\\\/\"]}]},{\"@type\":\"ImageObject\",\"inLanguage\":\"es\",\"@id\":\"https:\\\/\\\/www.elisabetbach.com\\\/es\\\/garantizando-la-supervivencia-del-negocio-como-crear-un-fondo-de-emergencia\\\/#primaryimage\",\"url\":\"https:\\\/\\\/www.elisabetbach.com\\\/wp-content\\\/uploads\\\/2023\\\/07\\\/fondo-ahorros-empresa.jpeg\",\"contentUrl\":\"https:\\\/\\\/www.elisabetbach.com\\\/wp-content\\\/uploads\\\/2023\\\/07\\\/fondo-ahorros-empresa.jpeg\",\"width\":2560,\"height\":1707},{\"@type\":\"BreadcrumbList\",\"@id\":\"https:\\\/\\\/www.elisabetbach.com\\\/es\\\/garantizando-la-supervivencia-del-negocio-como-crear-un-fondo-de-emergencia\\\/#breadcrumb\",\"itemListElement\":[{\"@type\":\"ListItem\",\"position\":1,\"name\":\"Inici\",\"item\":\"https:\\\/\\\/www.elisabetbach.com\\\/es\\\/\"},{\"@type\":\"ListItem\",\"position\":2,\"name\":\"Garantizando la supervivencia del negocio: c\u00f3mo crear un fondo de emergencia\"}]},{\"@type\":\"WebSite\",\"@id\":\"https:\\\/\\\/www.elisabetbach.com\\\/#website\",\"url\":\"https:\\\/\\\/www.elisabetbach.com\\\/\",\"name\":\"Elisabet Bach\",\"description\":\"Consultora Econ\u00f3mica y Financiera\",\"publisher\":{\"@id\":\"https:\\\/\\\/www.elisabetbach.com\\\/#organization\"},\"potentialAction\":[{\"@type\":\"SearchAction\",\"target\":{\"@type\":\"EntryPoint\",\"urlTemplate\":\"https:\\\/\\\/www.elisabetbach.com\\\/?s={search_term_string}\"},\"query-input\":{\"@type\":\"PropertyValueSpecification\",\"valueRequired\":true,\"valueName\":\"search_term_string\"}}],\"inLanguage\":\"es\"},{\"@type\":\"Organization\",\"@id\":\"https:\\\/\\\/www.elisabetbach.com\\\/#organization\",\"name\":\"Elisabet Bach\",\"url\":\"https:\\\/\\\/www.elisabetbach.com\\\/\",\"logo\":{\"@type\":\"ImageObject\",\"inLanguage\":\"es\",\"@id\":\"https:\\\/\\\/www.elisabetbach.com\\\/#\\\/schema\\\/logo\\\/image\\\/\",\"url\":\"https:\\\/\\\/www.elisabetbach.com\\\/wp-content\\\/uploads\\\/2014\\\/03\\\/logo.png\",\"contentUrl\":\"https:\\\/\\\/www.elisabetbach.com\\\/wp-content\\\/uploads\\\/2014\\\/03\\\/logo.png\",\"width\":308,\"height\":49,\"caption\":\"Elisabet Bach\"},\"image\":{\"@id\":\"https:\\\/\\\/www.elisabetbach.com\\\/#\\\/schema\\\/logo\\\/image\\\/\"},\"sameAs\":[\"https:\\\/\\\/www.facebook.com\\\/elisabetbacholler\\\/\",\"https:\\\/\\\/x.com\\\/elisabet_bach\",\"https:\\\/\\\/www.linkedin.com\\\/in\\\/elisabetbachconsultant\\\/\",\"https:\\\/\\\/www.youtube.com\\\/channel\\\/UCaoleye0jmPoR0_FLWsGa8Q\"]},{\"@type\":\"Person\",\"@id\":\"https:\\\/\\\/www.elisabetbach.com\\\/#\\\/schema\\\/person\\\/aed6c44263d3fb71bfed603c8edc7c21\",\"name\":\"Gabriela Granja\",\"image\":{\"@type\":\"ImageObject\",\"inLanguage\":\"es\",\"@id\":\"https:\\\/\\\/secure.gravatar.com\\\/avatar\\\/fc8117cb1263432cf991690b0187a13a2baf8f2144aa16d5078080f3926cd9f0?s=96&d=mm&r=g\",\"url\":\"https:\\\/\\\/secure.gravatar.com\\\/avatar\\\/fc8117cb1263432cf991690b0187a13a2baf8f2144aa16d5078080f3926cd9f0?s=96&d=mm&r=g\",\"contentUrl\":\"https:\\\/\\\/secure.gravatar.com\\\/avatar\\\/fc8117cb1263432cf991690b0187a13a2baf8f2144aa16d5078080f3926cd9f0?s=96&d=mm&r=g\",\"caption\":\"Gabriela Granja\"},\"url\":\"https:\\\/\\\/www.elisabetbach.com\\\/es\\\/author\\\/gabriela-granja\\\/\"}]}<\/script>\n<!-- \/ Yoast SEO plugin. -->","yoast_head_json":{"title":"Garantizando la supervivencia del negocio: c\u00f3mo crear un fondo de emergencia - Elisabet Bach","description":"Un fondo de emergencia es un ahorro que genera la actividad y que se destinar\u00e1 a situaciones extraordinarias o poco habituales en el negocio.","robots":{"index":"index","follow":"follow","max-snippet":"max-snippet:-1","max-image-preview":"max-image-preview:large","max-video-preview":"max-video-preview:-1"},"canonical":"https:\/\/www.elisabetbach.com\/es\/garantizando-la-supervivencia-del-negocio-como-crear-un-fondo-de-emergencia\/","og_locale":"es_ES","og_type":"article","og_title":"Garantizando la supervivencia del negocio: c\u00f3mo crear un fondo de emergencia - Elisabet Bach","og_description":"Un fondo de emergencia es un ahorro que genera la actividad y que se destinar\u00e1 a situaciones extraordinarias o poco habituales en el negocio.","og_url":"https:\/\/www.elisabetbach.com\/es\/garantizando-la-supervivencia-del-negocio-como-crear-un-fondo-de-emergencia\/","og_site_name":"Elisabet Bach","article_publisher":"https:\/\/www.facebook.com\/elisabetbacholler\/","article_published_time":"2023-07-06T11:10:29+00:00","article_modified_time":"2023-07-06T11:22:43+00:00","og_image":[{"width":2560,"height":1707,"url":"https:\/\/www.elisabetbach.com\/wp-content\/uploads\/2023\/07\/fondo-ahorros-empresa.jpeg","type":"image\/jpeg"}],"author":"Gabriela Granja","twitter_misc":{"Escrito por":"Gabriela Granja","Tiempo de lectura":"4 minutos"},"schema":{"@context":"https:\/\/schema.org","@graph":[{"@type":"Article","@id":"https:\/\/www.elisabetbach.com\/es\/garantizando-la-supervivencia-del-negocio-como-crear-un-fondo-de-emergencia\/#article","isPartOf":{"@id":"https:\/\/www.elisabetbach.com\/es\/garantizando-la-supervivencia-del-negocio-como-crear-un-fondo-de-emergencia\/"},"author":{"name":"Gabriela Granja","@id":"https:\/\/www.elisabetbach.com\/#\/schema\/person\/aed6c44263d3fb71bfed603c8edc7c21"},"headline":"Garantizando la supervivencia del negocio: c\u00f3mo crear un fondo de emergencia","datePublished":"2023-07-06T11:10:29+00:00","dateModified":"2023-07-06T11:22:43+00:00","mainEntityOfPage":{"@id":"https:\/\/www.elisabetbach.com\/es\/garantizando-la-supervivencia-del-negocio-como-crear-un-fondo-de-emergencia\/"},"wordCount":612,"commentCount":0,"publisher":{"@id":"https:\/\/www.elisabetbach.com\/#organization"},"image":{"@id":"https:\/\/www.elisabetbach.com\/es\/garantizando-la-supervivencia-del-negocio-como-crear-un-fondo-de-emergencia\/#primaryimage"},"thumbnailUrl":"https:\/\/www.elisabetbach.com\/wp-content\/uploads\/2023\/07\/fondo-ahorros-empresa.jpeg","articleSection":["Crecimiento Empresarial","creixement empresarial"],"inLanguage":"es","potentialAction":[{"@type":"CommentAction","name":"Comment","target":["https:\/\/www.elisabetbach.com\/es\/garantizando-la-supervivencia-del-negocio-como-crear-un-fondo-de-emergencia\/#respond"]}]},{"@type":"WebPage","@id":"https:\/\/www.elisabetbach.com\/es\/garantizando-la-supervivencia-del-negocio-como-crear-un-fondo-de-emergencia\/","url":"https:\/\/www.elisabetbach.com\/es\/garantizando-la-supervivencia-del-negocio-como-crear-un-fondo-de-emergencia\/","name":"Garantizando la supervivencia del negocio: c\u00f3mo crear un fondo de emergencia - Elisabet Bach","isPartOf":{"@id":"https:\/\/www.elisabetbach.com\/#website"},"primaryImageOfPage":{"@id":"https:\/\/www.elisabetbach.com\/es\/garantizando-la-supervivencia-del-negocio-como-crear-un-fondo-de-emergencia\/#primaryimage"},"image":{"@id":"https:\/\/www.elisabetbach.com\/es\/garantizando-la-supervivencia-del-negocio-como-crear-un-fondo-de-emergencia\/#primaryimage"},"thumbnailUrl":"https:\/\/www.elisabetbach.com\/wp-content\/uploads\/2023\/07\/fondo-ahorros-empresa.jpeg","datePublished":"2023-07-06T11:10:29+00:00","dateModified":"2023-07-06T11:22:43+00:00","description":"Un fondo de emergencia es un ahorro que genera la actividad y que se destinar\u00e1 a situaciones extraordinarias o poco habituales en el negocio.","breadcrumb":{"@id":"https:\/\/www.elisabetbach.com\/es\/garantizando-la-supervivencia-del-negocio-como-crear-un-fondo-de-emergencia\/#breadcrumb"},"inLanguage":"es","potentialAction":[{"@type":"ReadAction","target":["https:\/\/www.elisabetbach.com\/es\/garantizando-la-supervivencia-del-negocio-como-crear-un-fondo-de-emergencia\/"]}]},{"@type":"ImageObject","inLanguage":"es","@id":"https:\/\/www.elisabetbach.com\/es\/garantizando-la-supervivencia-del-negocio-como-crear-un-fondo-de-emergencia\/#primaryimage","url":"https:\/\/www.elisabetbach.com\/wp-content\/uploads\/2023\/07\/fondo-ahorros-empresa.jpeg","contentUrl":"https:\/\/www.elisabetbach.com\/wp-content\/uploads\/2023\/07\/fondo-ahorros-empresa.jpeg","width":2560,"height":1707},{"@type":"BreadcrumbList","@id":"https:\/\/www.elisabetbach.com\/es\/garantizando-la-supervivencia-del-negocio-como-crear-un-fondo-de-emergencia\/#breadcrumb","itemListElement":[{"@type":"ListItem","position":1,"name":"Inici","item":"https:\/\/www.elisabetbach.com\/es\/"},{"@type":"ListItem","position":2,"name":"Garantizando la supervivencia del negocio: c\u00f3mo crear un fondo de emergencia"}]},{"@type":"WebSite","@id":"https:\/\/www.elisabetbach.com\/#website","url":"https:\/\/www.elisabetbach.com\/","name":"Elisabet Bach","description":"Consultora Econ\u00f3mica y Financiera","publisher":{"@id":"https:\/\/www.elisabetbach.com\/#organization"},"potentialAction":[{"@type":"SearchAction","target":{"@type":"EntryPoint","urlTemplate":"https:\/\/www.elisabetbach.com\/?s={search_term_string}"},"query-input":{"@type":"PropertyValueSpecification","valueRequired":true,"valueName":"search_term_string"}}],"inLanguage":"es"},{"@type":"Organization","@id":"https:\/\/www.elisabetbach.com\/#organization","name":"Elisabet Bach","url":"https:\/\/www.elisabetbach.com\/","logo":{"@type":"ImageObject","inLanguage":"es","@id":"https:\/\/www.elisabetbach.com\/#\/schema\/logo\/image\/","url":"https:\/\/www.elisabetbach.com\/wp-content\/uploads\/2014\/03\/logo.png","contentUrl":"https:\/\/www.elisabetbach.com\/wp-content\/uploads\/2014\/03\/logo.png","width":308,"height":49,"caption":"Elisabet Bach"},"image":{"@id":"https:\/\/www.elisabetbach.com\/#\/schema\/logo\/image\/"},"sameAs":["https:\/\/www.facebook.com\/elisabetbacholler\/","https:\/\/x.com\/elisabet_bach","https:\/\/www.linkedin.com\/in\/elisabetbachconsultant\/","https:\/\/www.youtube.com\/channel\/UCaoleye0jmPoR0_FLWsGa8Q"]},{"@type":"Person","@id":"https:\/\/www.elisabetbach.com\/#\/schema\/person\/aed6c44263d3fb71bfed603c8edc7c21","name":"Gabriela Granja","image":{"@type":"ImageObject","inLanguage":"es","@id":"https:\/\/secure.gravatar.com\/avatar\/fc8117cb1263432cf991690b0187a13a2baf8f2144aa16d5078080f3926cd9f0?s=96&d=mm&r=g","url":"https:\/\/secure.gravatar.com\/avatar\/fc8117cb1263432cf991690b0187a13a2baf8f2144aa16d5078080f3926cd9f0?s=96&d=mm&r=g","contentUrl":"https:\/\/secure.gravatar.com\/avatar\/fc8117cb1263432cf991690b0187a13a2baf8f2144aa16d5078080f3926cd9f0?s=96&d=mm&r=g","caption":"Gabriela Granja"},"url":"https:\/\/www.elisabetbach.com\/es\/author\/gabriela-granja\/"}]}},"_links":{"self":[{"href":"https:\/\/www.elisabetbach.com\/es\/wp-json\/wp\/v2\/posts\/10655","targetHints":{"allow":["GET"]}}],"collection":[{"href":"https:\/\/www.elisabetbach.com\/es\/wp-json\/wp\/v2\/posts"}],"about":[{"href":"https:\/\/www.elisabetbach.com\/es\/wp-json\/wp\/v2\/types\/post"}],"author":[{"embeddable":true,"href":"https:\/\/www.elisabetbach.com\/es\/wp-json\/wp\/v2\/users\/5"}],"replies":[{"embeddable":true,"href":"https:\/\/www.elisabetbach.com\/es\/wp-json\/wp\/v2\/comments?post=10655"}],"version-history":[{"count":2,"href":"https:\/\/www.elisabetbach.com\/es\/wp-json\/wp\/v2\/posts\/10655\/revisions"}],"predecessor-version":[{"id":10657,"href":"https:\/\/www.elisabetbach.com\/es\/wp-json\/wp\/v2\/posts\/10655\/revisions\/10657"}],"wp:featuredmedia":[{"embeddable":true,"href":"https:\/\/www.elisabetbach.com\/es\/wp-json\/wp\/v2\/media\/10653"}],"wp:attachment":[{"href":"https:\/\/www.elisabetbach.com\/es\/wp-json\/wp\/v2\/media?parent=10655"}],"wp:term":[{"taxonomy":"category","embeddable":true,"href":"https:\/\/www.elisabetbach.com\/es\/wp-json\/wp\/v2\/categories?post=10655"},{"taxonomy":"post_tag","embeddable":true,"href":"https:\/\/www.elisabetbach.com\/es\/wp-json\/wp\/v2\/tags?post=10655"}],"curies":[{"name":"wp","href":"https:\/\/api.w.org\/{rel}","templated":true}]}}