{"id":11033,"date":"2023-12-22T12:26:40","date_gmt":"2023-12-22T12:26:40","guid":{"rendered":"https:\/\/www.elisabetbach.com\/?p=11033"},"modified":"2023-12-22T12:27:55","modified_gmt":"2023-12-22T12:27:55","slug":"gestionas-tu-propio-negocio-valora-el-trabajo-de-este-ano","status":"publish","type":"post","link":"https:\/\/www.elisabetbach.com\/es\/gestionas-tu-propio-negocio-valora-el-trabajo-de-este-ano\/","title":{"rendered":"\u00bfGestionas tu propio negocio? Valora el trabajo de este a\u00f1o"},"content":{"rendered":"<p>Hemos llegado al \u00faltimo mes del a\u00f1o, momento id\u00f3neo para reflexionar sobre los avances, retos superados y \u00e9xitos obtenidos, as\u00ed como los aprendizajes realizados. Si gestionas tu propio negocio, esta valoraci\u00f3n es esencial para apreciar y reconocer el trabajo realizado. En este art\u00edculo resaltamos la importancia de valorar la labor desarrollada a lo largo del a\u00f1o, as\u00ed como de los aprendizajes obtenidos, y lo hacemos fij\u00e1ndonos en 4 \u00e1mbitos: reconocimiento de \u00e9xitos; aprendizajes obtenidos; testimonios y reconocimientos; y la importancia de celebrarlo.<\/p>\n<h2>Reconocimiento de \u00e9xitos<\/h2>\n<p>Como persona aut\u00f3noma, es inevitable enfrentarse a retos diarios y situaciones imprevistas. Estos retos, ya sean a nivel profesional o personal, demuestran tu fortaleza y determinaci\u00f3n para superarlos. Valora y recon\u00f3cete esta capacidad de resiliencia y adaptabilidad frente a los obst\u00e1culos que has tenido.<\/p>\n<p>Al mismo tiempo, en estos doce meses tambi\u00e9n habr\u00e1s obtenido avances y \u00e9xitos profesionales. A t\u00edtulo de ejemplo, nuevos servicios, nuevos clientes, crecimiento del equipo, ingresos m\u00e1s altos, mejor sueldo, m\u00e1s tiempo para ti, incremento de tu red de contactos&#8230; Es la hora de repasarlos, valorarlos y reconoc\u00e9rtelos.<\/p>\n<p>El \u00e9xito personal y profesional no sale de la suerte, sino de la suma de peque\u00f1as victorias, de un camino recorrido a lo largo de todo el a\u00f1o.<\/p>\n<h2>Aprendizajes obtenidos<\/h2>\n<blockquote><p>\n\u00abEn la vida, algunas veces se gana y en otras se aprende\u00bb (an\u00f3nimo)<\/p><\/blockquote>\n<p>Esta es una m\u00e1xima que hemos escuchado muchas veces en relaci\u00f3n con el fracaso, pero ciertamente podemos aplicarla tanto a los \u00e9xitos que hemos obtenido como a los fracasos, dado qu\u00e9 los primeros nos dicen que funciona y c\u00f3mo debemos hacerlo y, los segundos, qu\u00e9 no debemos hacer o c\u00f3mo no funciona.<\/p>\n<p>Es importante, dedicarnos este espacio de reflexi\u00f3n para que nos ayude a trabajar mejor al a\u00f1o siguiente, a partir de los aprendizajes realizados este a\u00f1o. Siguiendo con las frases,<\/p>\n<blockquote><p>\n\u00abEl camino es siempre el resultado final de todo verdadero aprendizaje\u00bb (Leo Buscaglia).<\/p><\/blockquote>\n<h2>\nTestimonios y reconocimientos<\/h2>\n<p>Quiz\u00e1s durante el a\u00f1o acostumbras a pedir a clientes que te pongan testimonios y valoraciones en las redes sociales, o que te den feedback del trabajo realizado. Las otras personas ven mucho mejor nuestras cualidades que nosotros mismos. A menudo, estos comentarios ayudan en el proceso de mejora continua.<\/p>\n<p>Pero en estos momentos te sugerimos utilizarlo para valorarte y reconocer el trabajo realizado y c\u00f3mo esta ha tenido un impacto positivo en la vida de las personas y empresas con las que has colaborado. Recuerda: \u00a1te lo dicen tus clientes!<\/p>\n<h2>\nLa importancia de celebrarlo<\/h2>\n<p>Valorar el trabajo propio en la gesti\u00f3n y desarrollo del negocio pasa tambi\u00e9n por cuidar de uno mismo. En este sentido, es fundamental celebrar la trayectoria del a\u00f1o y recompensarte, sea a trav\u00e9s de una escapada, de una experiencia gratificante o tom\u00e1ndote un tiempo para la reflexi\u00f3n y la autoafirmaci\u00f3n.<\/p>\n<p>No te olvides de agradecer a las personas que te han apoyado en este recorrido, socios, familia, amigos, personas con las que has colaborado&#8230; El entorno es fundamental para superar los momentos dif\u00edciles y celebrar los \u00e9xitos juntos.<\/p>\n<p>Como has podido leer, para gestionar un negocio tambi\u00e9n es esencial valorar el trabajo realizado durante el a\u00f1o y celebrar todos los avances y \u00e9xitos obtenidos. Esta valoraci\u00f3n refuerza la confianza en uno mismo, carga de energ\u00eda positiva y proporciona un impulso para afrontar nuevos retos al a\u00f1o siguiente.<\/p>\n<p>As\u00ed que te invitamos a aprovechar este momento de reflexi\u00f3n para celebrar y valorar tu trabajo en la gesti\u00f3n de tu microempresa. \u00a1Te deseamos un feliz a\u00f1o nuevo lleno de oportunidades y \u00e9xitos! \u00a1Y deseamos acompa\u00f1arte tambi\u00e9n en 2024 en estas oportunidades y en el logro de estos \u00e9xitos!<\/p>\n","protected":false},"excerpt":{"rendered":"<p>Hemos llegado al \u00faltimo mes del a\u00f1o, momento id\u00f3neo para reflexionar sobre los avances, retos superados y \u00e9xitos obtenidos, as\u00ed como los aprendizajes realizados. Si gestionas<span class=\"excerpt-hellip\"> [\u2026]<\/span><\/p>\n","protected":false},"author":3,"featured_media":11031,"comment_status":"open","ping_status":"open","sticky":false,"template":"","format":"standard","meta":{"footnotes":""},"categories":[206,252,251,98],"tags":[],"class_list":["post-11033","post","type-post","status-publish","format-standard","has-post-thumbnail","hentry","category-autonoms-es","category-disfruta-tu-negocio-2","category-disfruta-tu-negocio","category-general-es"],"yoast_head":"<!-- This site is optimized with the Yoast SEO plugin v27.4 - https:\/\/yoast.com\/product\/yoast-seo-wordpress\/ -->\n<title>\u00bfGestionas tu propio negocio? Valora el trabajo de este a\u00f1o - Elisabet Bach<\/title>\n<meta name=\"description\" content=\"Aprende a valorar tu trabajo y \u00e9xitos en la gesti\u00f3n de tu negocio este a\u00f1o. Consejos clave para reflexionar y celebrar tus logros.\" \/>\n<meta name=\"robots\" content=\"index, follow, max-snippet:-1, max-image-preview:large, max-video-preview:-1\" \/>\n<link rel=\"canonical\" href=\"https:\/\/www.elisabetbach.com\/es\/gestionas-tu-propio-negocio-valora-el-trabajo-de-este-ano\/\" \/>\n<meta property=\"og:locale\" content=\"es_ES\" \/>\n<meta property=\"og:type\" content=\"article\" \/>\n<meta property=\"og:title\" content=\"\u00bfGestionas tu propio negocio? Valora el trabajo de este a\u00f1o - Elisabet Bach\" \/>\n<meta property=\"og:description\" content=\"Aprende a valorar tu trabajo y \u00e9xitos en la gesti\u00f3n de tu negocio este a\u00f1o. Consejos clave para reflexionar y celebrar tus logros.\" \/>\n<meta property=\"og:url\" content=\"https:\/\/www.elisabetbach.com\/es\/gestionas-tu-propio-negocio-valora-el-trabajo-de-este-ano\/\" \/>\n<meta property=\"og:site_name\" content=\"Elisabet Bach\" \/>\n<meta property=\"article:publisher\" content=\"https:\/\/www.facebook.com\/elisabetbacholler\/\" \/>\n<meta property=\"article:published_time\" content=\"2023-12-22T12:26:40+00:00\" \/>\n<meta property=\"article:modified_time\" content=\"2023-12-22T12:27:55+00:00\" \/>\n<meta property=\"og:image\" content=\"https:\/\/www.elisabetbach.com\/wp-content\/uploads\/2023\/12\/Valora-el-treball-d-aquest-any.jpeg\" \/>\n\t<meta property=\"og:image:width\" content=\"8064\" \/>\n\t<meta property=\"og:image:height\" content=\"5376\" \/>\n\t<meta property=\"og:image:type\" content=\"image\/jpeg\" \/>\n<meta name=\"author\" content=\"Elisabet Bach\" \/>\n<meta name=\"twitter:label1\" content=\"Escrito por\" \/>\n\t<meta name=\"twitter:data1\" content=\"Elisabet Bach\" \/>\n\t<meta name=\"twitter:label2\" content=\"Tiempo de lectura\" \/>\n\t<meta name=\"twitter:data2\" content=\"4 minutos\" \/>\n<script type=\"application\/ld+json\" class=\"yoast-schema-graph\">{\"@context\":\"https:\\\/\\\/schema.org\",\"@graph\":[{\"@type\":\"Article\",\"@id\":\"https:\\\/\\\/www.elisabetbach.com\\\/es\\\/gestionas-tu-propio-negocio-valora-el-trabajo-de-este-ano\\\/#article\",\"isPartOf\":{\"@id\":\"https:\\\/\\\/www.elisabetbach.com\\\/es\\\/gestionas-tu-propio-negocio-valora-el-trabajo-de-este-ano\\\/\"},\"author\":{\"name\":\"Elisabet Bach\",\"@id\":\"https:\\\/\\\/www.elisabetbach.com\\\/#\\\/schema\\\/person\\\/685f9d1030414b49ce9a4362405597ba\"},\"headline\":\"\u00bfGestionas tu propio negocio? Valora el trabajo de este a\u00f1o\",\"datePublished\":\"2023-12-22T12:26:40+00:00\",\"dateModified\":\"2023-12-22T12:27:55+00:00\",\"mainEntityOfPage\":{\"@id\":\"https:\\\/\\\/www.elisabetbach.com\\\/es\\\/gestionas-tu-propio-negocio-valora-el-trabajo-de-este-ano\\\/\"},\"wordCount\":653,\"commentCount\":0,\"publisher\":{\"@id\":\"https:\\\/\\\/www.elisabetbach.com\\\/#organization\"},\"image\":{\"@id\":\"https:\\\/\\\/www.elisabetbach.com\\\/es\\\/gestionas-tu-propio-negocio-valora-el-trabajo-de-este-ano\\\/#primaryimage\"},\"thumbnailUrl\":\"https:\\\/\\\/www.elisabetbach.com\\\/wp-content\\\/uploads\\\/2023\\\/12\\\/Valora-el-treball-d-aquest-any.jpeg\",\"articleSection\":[\"Aut\u00f2noms\",\"Disfruta tu negocio\",\"Disfruta tu negocio\",\"General @es\"],\"inLanguage\":\"es\",\"potentialAction\":[{\"@type\":\"CommentAction\",\"name\":\"Comment\",\"target\":[\"https:\\\/\\\/www.elisabetbach.com\\\/es\\\/gestionas-tu-propio-negocio-valora-el-trabajo-de-este-ano\\\/#respond\"]}]},{\"@type\":\"WebPage\",\"@id\":\"https:\\\/\\\/www.elisabetbach.com\\\/es\\\/gestionas-tu-propio-negocio-valora-el-trabajo-de-este-ano\\\/\",\"url\":\"https:\\\/\\\/www.elisabetbach.com\\\/es\\\/gestionas-tu-propio-negocio-valora-el-trabajo-de-este-ano\\\/\",\"name\":\"\u00bfGestionas tu propio negocio? Valora el trabajo de este a\u00f1o - Elisabet Bach\",\"isPartOf\":{\"@id\":\"https:\\\/\\\/www.elisabetbach.com\\\/#website\"},\"primaryImageOfPage\":{\"@id\":\"https:\\\/\\\/www.elisabetbach.com\\\/es\\\/gestionas-tu-propio-negocio-valora-el-trabajo-de-este-ano\\\/#primaryimage\"},\"image\":{\"@id\":\"https:\\\/\\\/www.elisabetbach.com\\\/es\\\/gestionas-tu-propio-negocio-valora-el-trabajo-de-este-ano\\\/#primaryimage\"},\"thumbnailUrl\":\"https:\\\/\\\/www.elisabetbach.com\\\/wp-content\\\/uploads\\\/2023\\\/12\\\/Valora-el-treball-d-aquest-any.jpeg\",\"datePublished\":\"2023-12-22T12:26:40+00:00\",\"dateModified\":\"2023-12-22T12:27:55+00:00\",\"description\":\"Aprende a valorar tu trabajo y \u00e9xitos en la gesti\u00f3n de tu negocio este a\u00f1o. Consejos clave para reflexionar y celebrar tus logros.\",\"breadcrumb\":{\"@id\":\"https:\\\/\\\/www.elisabetbach.com\\\/es\\\/gestionas-tu-propio-negocio-valora-el-trabajo-de-este-ano\\\/#breadcrumb\"},\"inLanguage\":\"es\",\"potentialAction\":[{\"@type\":\"ReadAction\",\"target\":[\"https:\\\/\\\/www.elisabetbach.com\\\/es\\\/gestionas-tu-propio-negocio-valora-el-trabajo-de-este-ano\\\/\"]}]},{\"@type\":\"ImageObject\",\"inLanguage\":\"es\",\"@id\":\"https:\\\/\\\/www.elisabetbach.com\\\/es\\\/gestionas-tu-propio-negocio-valora-el-trabajo-de-este-ano\\\/#primaryimage\",\"url\":\"https:\\\/\\\/www.elisabetbach.com\\\/wp-content\\\/uploads\\\/2023\\\/12\\\/Valora-el-treball-d-aquest-any.jpeg\",\"contentUrl\":\"https:\\\/\\\/www.elisabetbach.com\\\/wp-content\\\/uploads\\\/2023\\\/12\\\/Valora-el-treball-d-aquest-any.jpeg\",\"width\":8064,\"height\":5376},{\"@type\":\"BreadcrumbList\",\"@id\":\"https:\\\/\\\/www.elisabetbach.com\\\/es\\\/gestionas-tu-propio-negocio-valora-el-trabajo-de-este-ano\\\/#breadcrumb\",\"itemListElement\":[{\"@type\":\"ListItem\",\"position\":1,\"name\":\"Inici\",\"item\":\"https:\\\/\\\/www.elisabetbach.com\\\/es\\\/\"},{\"@type\":\"ListItem\",\"position\":2,\"name\":\"\u00bfGestionas tu propio negocio? Valora el trabajo de este a\u00f1o\"}]},{\"@type\":\"WebSite\",\"@id\":\"https:\\\/\\\/www.elisabetbach.com\\\/#website\",\"url\":\"https:\\\/\\\/www.elisabetbach.com\\\/\",\"name\":\"Elisabet Bach\",\"description\":\"Consultora Econ\u00f3mica y Financiera\",\"publisher\":{\"@id\":\"https:\\\/\\\/www.elisabetbach.com\\\/#organization\"},\"potentialAction\":[{\"@type\":\"SearchAction\",\"target\":{\"@type\":\"EntryPoint\",\"urlTemplate\":\"https:\\\/\\\/www.elisabetbach.com\\\/?s={search_term_string}\"},\"query-input\":{\"@type\":\"PropertyValueSpecification\",\"valueRequired\":true,\"valueName\":\"search_term_string\"}}],\"inLanguage\":\"es\"},{\"@type\":\"Organization\",\"@id\":\"https:\\\/\\\/www.elisabetbach.com\\\/#organization\",\"name\":\"Elisabet Bach\",\"url\":\"https:\\\/\\\/www.elisabetbach.com\\\/\",\"logo\":{\"@type\":\"ImageObject\",\"inLanguage\":\"es\",\"@id\":\"https:\\\/\\\/www.elisabetbach.com\\\/#\\\/schema\\\/logo\\\/image\\\/\",\"url\":\"https:\\\/\\\/www.elisabetbach.com\\\/wp-content\\\/uploads\\\/2014\\\/03\\\/logo.png\",\"contentUrl\":\"https:\\\/\\\/www.elisabetbach.com\\\/wp-content\\\/uploads\\\/2014\\\/03\\\/logo.png\",\"width\":308,\"height\":49,\"caption\":\"Elisabet Bach\"},\"image\":{\"@id\":\"https:\\\/\\\/www.elisabetbach.com\\\/#\\\/schema\\\/logo\\\/image\\\/\"},\"sameAs\":[\"https:\\\/\\\/www.facebook.com\\\/elisabetbacholler\\\/\",\"https:\\\/\\\/x.com\\\/elisabet_bach\",\"https:\\\/\\\/www.linkedin.com\\\/in\\\/elisabetbachconsultant\\\/\",\"https:\\\/\\\/www.youtube.com\\\/channel\\\/UCaoleye0jmPoR0_FLWsGa8Q\"]},{\"@type\":\"Person\",\"@id\":\"https:\\\/\\\/www.elisabetbach.com\\\/#\\\/schema\\\/person\\\/685f9d1030414b49ce9a4362405597ba\",\"name\":\"Elisabet Bach\",\"image\":{\"@type\":\"ImageObject\",\"inLanguage\":\"es\",\"@id\":\"https:\\\/\\\/secure.gravatar.com\\\/avatar\\\/d13c76c09a17d190fa2cc3ea283c77f6157acedd712e72edb10e741afaba1cf3?s=96&d=mm&r=g\",\"url\":\"https:\\\/\\\/secure.gravatar.com\\\/avatar\\\/d13c76c09a17d190fa2cc3ea283c77f6157acedd712e72edb10e741afaba1cf3?s=96&d=mm&r=g\",\"contentUrl\":\"https:\\\/\\\/secure.gravatar.com\\\/avatar\\\/d13c76c09a17d190fa2cc3ea283c77f6157acedd712e72edb10e741afaba1cf3?s=96&d=mm&r=g\",\"caption\":\"Elisabet Bach\"},\"sameAs\":[\"http:\\\/\\\/www.elisabetbach.com\"],\"url\":\"https:\\\/\\\/www.elisabetbach.com\\\/es\\\/author\\\/ebach\\\/\"}]}<\/script>\n<!-- \/ Yoast SEO plugin. -->","yoast_head_json":{"title":"\u00bfGestionas tu propio negocio? Valora el trabajo de este a\u00f1o - Elisabet Bach","description":"Aprende a valorar tu trabajo y \u00e9xitos en la gesti\u00f3n de tu negocio este a\u00f1o. Consejos clave para reflexionar y celebrar tus logros.","robots":{"index":"index","follow":"follow","max-snippet":"max-snippet:-1","max-image-preview":"max-image-preview:large","max-video-preview":"max-video-preview:-1"},"canonical":"https:\/\/www.elisabetbach.com\/es\/gestionas-tu-propio-negocio-valora-el-trabajo-de-este-ano\/","og_locale":"es_ES","og_type":"article","og_title":"\u00bfGestionas tu propio negocio? Valora el trabajo de este a\u00f1o - Elisabet Bach","og_description":"Aprende a valorar tu trabajo y \u00e9xitos en la gesti\u00f3n de tu negocio este a\u00f1o. Consejos clave para reflexionar y celebrar tus logros.","og_url":"https:\/\/www.elisabetbach.com\/es\/gestionas-tu-propio-negocio-valora-el-trabajo-de-este-ano\/","og_site_name":"Elisabet Bach","article_publisher":"https:\/\/www.facebook.com\/elisabetbacholler\/","article_published_time":"2023-12-22T12:26:40+00:00","article_modified_time":"2023-12-22T12:27:55+00:00","og_image":[{"width":8064,"height":5376,"url":"https:\/\/www.elisabetbach.com\/wp-content\/uploads\/2023\/12\/Valora-el-treball-d-aquest-any.jpeg","type":"image\/jpeg"}],"author":"Elisabet Bach","twitter_misc":{"Escrito por":"Elisabet Bach","Tiempo de lectura":"4 minutos"},"schema":{"@context":"https:\/\/schema.org","@graph":[{"@type":"Article","@id":"https:\/\/www.elisabetbach.com\/es\/gestionas-tu-propio-negocio-valora-el-trabajo-de-este-ano\/#article","isPartOf":{"@id":"https:\/\/www.elisabetbach.com\/es\/gestionas-tu-propio-negocio-valora-el-trabajo-de-este-ano\/"},"author":{"name":"Elisabet Bach","@id":"https:\/\/www.elisabetbach.com\/#\/schema\/person\/685f9d1030414b49ce9a4362405597ba"},"headline":"\u00bfGestionas tu propio negocio? Valora el trabajo de este a\u00f1o","datePublished":"2023-12-22T12:26:40+00:00","dateModified":"2023-12-22T12:27:55+00:00","mainEntityOfPage":{"@id":"https:\/\/www.elisabetbach.com\/es\/gestionas-tu-propio-negocio-valora-el-trabajo-de-este-ano\/"},"wordCount":653,"commentCount":0,"publisher":{"@id":"https:\/\/www.elisabetbach.com\/#organization"},"image":{"@id":"https:\/\/www.elisabetbach.com\/es\/gestionas-tu-propio-negocio-valora-el-trabajo-de-este-ano\/#primaryimage"},"thumbnailUrl":"https:\/\/www.elisabetbach.com\/wp-content\/uploads\/2023\/12\/Valora-el-treball-d-aquest-any.jpeg","articleSection":["Aut\u00f2noms","Disfruta tu negocio","Disfruta tu negocio","General @es"],"inLanguage":"es","potentialAction":[{"@type":"CommentAction","name":"Comment","target":["https:\/\/www.elisabetbach.com\/es\/gestionas-tu-propio-negocio-valora-el-trabajo-de-este-ano\/#respond"]}]},{"@type":"WebPage","@id":"https:\/\/www.elisabetbach.com\/es\/gestionas-tu-propio-negocio-valora-el-trabajo-de-este-ano\/","url":"https:\/\/www.elisabetbach.com\/es\/gestionas-tu-propio-negocio-valora-el-trabajo-de-este-ano\/","name":"\u00bfGestionas tu propio negocio? Valora el trabajo de este a\u00f1o - Elisabet Bach","isPartOf":{"@id":"https:\/\/www.elisabetbach.com\/#website"},"primaryImageOfPage":{"@id":"https:\/\/www.elisabetbach.com\/es\/gestionas-tu-propio-negocio-valora-el-trabajo-de-este-ano\/#primaryimage"},"image":{"@id":"https:\/\/www.elisabetbach.com\/es\/gestionas-tu-propio-negocio-valora-el-trabajo-de-este-ano\/#primaryimage"},"thumbnailUrl":"https:\/\/www.elisabetbach.com\/wp-content\/uploads\/2023\/12\/Valora-el-treball-d-aquest-any.jpeg","datePublished":"2023-12-22T12:26:40+00:00","dateModified":"2023-12-22T12:27:55+00:00","description":"Aprende a valorar tu trabajo y \u00e9xitos en la gesti\u00f3n de tu negocio este a\u00f1o. Consejos clave para reflexionar y celebrar tus logros.","breadcrumb":{"@id":"https:\/\/www.elisabetbach.com\/es\/gestionas-tu-propio-negocio-valora-el-trabajo-de-este-ano\/#breadcrumb"},"inLanguage":"es","potentialAction":[{"@type":"ReadAction","target":["https:\/\/www.elisabetbach.com\/es\/gestionas-tu-propio-negocio-valora-el-trabajo-de-este-ano\/"]}]},{"@type":"ImageObject","inLanguage":"es","@id":"https:\/\/www.elisabetbach.com\/es\/gestionas-tu-propio-negocio-valora-el-trabajo-de-este-ano\/#primaryimage","url":"https:\/\/www.elisabetbach.com\/wp-content\/uploads\/2023\/12\/Valora-el-treball-d-aquest-any.jpeg","contentUrl":"https:\/\/www.elisabetbach.com\/wp-content\/uploads\/2023\/12\/Valora-el-treball-d-aquest-any.jpeg","width":8064,"height":5376},{"@type":"BreadcrumbList","@id":"https:\/\/www.elisabetbach.com\/es\/gestionas-tu-propio-negocio-valora-el-trabajo-de-este-ano\/#breadcrumb","itemListElement":[{"@type":"ListItem","position":1,"name":"Inici","item":"https:\/\/www.elisabetbach.com\/es\/"},{"@type":"ListItem","position":2,"name":"\u00bfGestionas tu propio negocio? Valora el trabajo de este a\u00f1o"}]},{"@type":"WebSite","@id":"https:\/\/www.elisabetbach.com\/#website","url":"https:\/\/www.elisabetbach.com\/","name":"Elisabet Bach","description":"Consultora Econ\u00f3mica y Financiera","publisher":{"@id":"https:\/\/www.elisabetbach.com\/#organization"},"potentialAction":[{"@type":"SearchAction","target":{"@type":"EntryPoint","urlTemplate":"https:\/\/www.elisabetbach.com\/?s={search_term_string}"},"query-input":{"@type":"PropertyValueSpecification","valueRequired":true,"valueName":"search_term_string"}}],"inLanguage":"es"},{"@type":"Organization","@id":"https:\/\/www.elisabetbach.com\/#organization","name":"Elisabet Bach","url":"https:\/\/www.elisabetbach.com\/","logo":{"@type":"ImageObject","inLanguage":"es","@id":"https:\/\/www.elisabetbach.com\/#\/schema\/logo\/image\/","url":"https:\/\/www.elisabetbach.com\/wp-content\/uploads\/2014\/03\/logo.png","contentUrl":"https:\/\/www.elisabetbach.com\/wp-content\/uploads\/2014\/03\/logo.png","width":308,"height":49,"caption":"Elisabet Bach"},"image":{"@id":"https:\/\/www.elisabetbach.com\/#\/schema\/logo\/image\/"},"sameAs":["https:\/\/www.facebook.com\/elisabetbacholler\/","https:\/\/x.com\/elisabet_bach","https:\/\/www.linkedin.com\/in\/elisabetbachconsultant\/","https:\/\/www.youtube.com\/channel\/UCaoleye0jmPoR0_FLWsGa8Q"]},{"@type":"Person","@id":"https:\/\/www.elisabetbach.com\/#\/schema\/person\/685f9d1030414b49ce9a4362405597ba","name":"Elisabet Bach","image":{"@type":"ImageObject","inLanguage":"es","@id":"https:\/\/secure.gravatar.com\/avatar\/d13c76c09a17d190fa2cc3ea283c77f6157acedd712e72edb10e741afaba1cf3?s=96&d=mm&r=g","url":"https:\/\/secure.gravatar.com\/avatar\/d13c76c09a17d190fa2cc3ea283c77f6157acedd712e72edb10e741afaba1cf3?s=96&d=mm&r=g","contentUrl":"https:\/\/secure.gravatar.com\/avatar\/d13c76c09a17d190fa2cc3ea283c77f6157acedd712e72edb10e741afaba1cf3?s=96&d=mm&r=g","caption":"Elisabet Bach"},"sameAs":["http:\/\/www.elisabetbach.com"],"url":"https:\/\/www.elisabetbach.com\/es\/author\/ebach\/"}]}},"_links":{"self":[{"href":"https:\/\/www.elisabetbach.com\/es\/wp-json\/wp\/v2\/posts\/11033","targetHints":{"allow":["GET"]}}],"collection":[{"href":"https:\/\/www.elisabetbach.com\/es\/wp-json\/wp\/v2\/posts"}],"about":[{"href":"https:\/\/www.elisabetbach.com\/es\/wp-json\/wp\/v2\/types\/post"}],"author":[{"embeddable":true,"href":"https:\/\/www.elisabetbach.com\/es\/wp-json\/wp\/v2\/users\/3"}],"replies":[{"embeddable":true,"href":"https:\/\/www.elisabetbach.com\/es\/wp-json\/wp\/v2\/comments?post=11033"}],"version-history":[{"count":1,"href":"https:\/\/www.elisabetbach.com\/es\/wp-json\/wp\/v2\/posts\/11033\/revisions"}],"predecessor-version":[{"id":11035,"href":"https:\/\/www.elisabetbach.com\/es\/wp-json\/wp\/v2\/posts\/11033\/revisions\/11035"}],"wp:featuredmedia":[{"embeddable":true,"href":"https:\/\/www.elisabetbach.com\/es\/wp-json\/wp\/v2\/media\/11031"}],"wp:attachment":[{"href":"https:\/\/www.elisabetbach.com\/es\/wp-json\/wp\/v2\/media?parent=11033"}],"wp:term":[{"taxonomy":"category","embeddable":true,"href":"https:\/\/www.elisabetbach.com\/es\/wp-json\/wp\/v2\/categories?post=11033"},{"taxonomy":"post_tag","embeddable":true,"href":"https:\/\/www.elisabetbach.com\/es\/wp-json\/wp\/v2\/tags?post=11033"}],"curies":[{"name":"wp","href":"https:\/\/api.w.org\/{rel}","templated":true}]}}