{"id":12852,"date":"2025-07-16T09:32:14","date_gmt":"2025-07-16T09:32:14","guid":{"rendered":"https:\/\/www.elisabetbach.com\/?p=12852"},"modified":"2025-07-16T09:54:21","modified_gmt":"2025-07-16T09:54:21","slug":"gestion-para-autonomos-tienes-una-vision-empresarial-o-todavia-piensas-como-un-trabajador","status":"publish","type":"post","link":"https:\/\/www.elisabetbach.com\/es\/gestion-para-autonomos-tienes-una-vision-empresarial-o-todavia-piensas-como-un-trabajador\/","title":{"rendered":"Gesti\u00f3n para aut\u00f3nomos: \u00bftienes una visi\u00f3n empresarial o todav\u00eda piensas como un trabajador?"},"content":{"rendered":"<p>El verano es ese momento esperado del a\u00f1o en el que el ritmo baja, las agendas se aligeran y por fin encontramos un poco de espacio para pensar con claridad. Si eres aut\u00f3nomo, si llevas un negocio, quiz\u00e1s este verano sea el mejor momento para hacerte una pregunta clave: \u00bfest\u00e1s gestionando tu negocio con visi\u00f3n empresarial o desde una mentalidad de trabajo? Es decir, \u00bftrabajas para facturar o est\u00e1s construyendo un negocio que puede crecer con sostenibilidad?<\/p>\n<p>Puede parecer una diferencia sutil, pero en realidad, esta distinci\u00f3n puede marcar el \u00e9xito de tu actividad. Y este verano, sea una buena ocasi\u00f3n, para reflexionar sobre c\u00f3mo enfocas <a href=\"https:\/\/www.elisabetbach.com\/es\/vacaciones-para-autonomos-consejos-y-estrategias\/\" target=\"_blank\" rel=\"noopener\">la gesti\u00f3n del negocio:<\/a> \u00bfest\u00e1s simplemente trabajando para sobrevivir o est\u00e1s construyendo un proyecto con estructura y proyecci\u00f3n?<\/p>\n<h3><strong>La historia de Roger<\/strong><\/h3>\n<p>Roger inici\u00f3 una actividad de dise\u00f1o gr\u00e1fico hace tres a\u00f1os. Al principio, trabajaba much\u00edsimas horas, cobraba cada factura como si fuera sueldo y calculaba los precios seg\u00fan lo que \u00able parec\u00eda justo\u00bb. No llevaba un control real de los gastos, ni planificaba nada. Todo depend\u00eda de \u00e9l, y cuando se ausentaba por enfermedad o descanso, los ingresos se deten\u00edan.<\/p>\n<p>A pesar de hacer muchos esfuerzos, nunca llegaba a fin de mes con tranquilidad. \u00abTrabajo mucho y cuando llega el trimestre, no tengo dinero para pagar el IVA\u00bb, dec\u00eda a menudo.<\/p>\n<p>Como \u00e9l mismo me explicaba: <em>\u00abLlevo muchas horas, pero no veo ning\u00fan resultado estable. Hac\u00eda de dise\u00f1ador, de comercial, de contable, de todo&#8230; pero no tengo ninguna direcci\u00f3n\u00bb.<\/em><\/p>\n<p>No era cuesti\u00f3n de falta de ganas ni de talento, sino de perspectiva: Roger estaba pensando como un trabajador, no como alguien con una visi\u00f3n empresarial.<\/p>\n<h3><strong>\u00bfQu\u00e9 quiere decir tener visi\u00f3n empresarial?<\/strong><\/h3>\n<p>Adoptar una visi\u00f3n empresarial no significa dejar de ser aut\u00f3nomo o perder tu esencia. Quiere decir pasar de verte como alguien que \u00abhace trabajos\u00bb a verte como la persona que lidera un negocio. Es como pasar de pedalear sin rumbo a tener un mapa y una direcci\u00f3n clara. No se trata solo de hacer bien tu trabajo, sino de gestionar el conjunto del negocio con una mirada estrat\u00e9gica y de gesti\u00f3n.<\/p>\n<p>Una de las primeras diferencias es la forma en que entiendes los ingresos. Cuando tienes mentalidad de trabajo, cada euro que entra se percibe como una n\u00f3mina. Los gastos y los impuestos se entienden que se restan de esta n\u00f3mina y al final, lo que queda, es para la persona. Pero cuando aplicas visi\u00f3n empresarial, la n\u00f3mina se integra como parte de los gastos. En el caso de Roger, cuando se hizo este planteamiento, se dio cuenta de que la facturaci\u00f3n se transformaba en esa cantidad necesaria para cubrir los gastos, su n\u00f3mina, los impuestos y la inversi\u00f3n en el crecimiento del negocio. Esta mentalidad hizo que la visi\u00f3n de los ingresos se ampliara, es decir que incrementara la dimensi\u00f3n del negocio.<\/p>\n<p>Una segunda diferencia es el enfoque estrat\u00e9gico. Esta mayor dimensi\u00f3n implica pensar <em>\u00ab\u00bfQu\u00e9 debo hacer para alcanzar esta facturaci\u00f3n?<\/em>\u00ab. Por ejemplo, Roger se plante\u00f3 <em>\u00ab\u00bfA qu\u00e9 clientes me tengo que enfocar?\u00bb; \u00ab\u00bfCu\u00e1les son los servicios que les puedo ofrecer, que aporten valor a\u00f1adido, que sean diferenciales?\u00bb; \u00ab\u00bfA qu\u00e9 precios?\u00bb; \u00ab\u00bfCu\u00e1l es la mejor manera de darme a conocer?\u00bb.<\/em><\/p>\n<h3><strong>Una nueva mirada sobre la gesti\u00f3n para aut\u00f3nomos<\/strong><\/h3>\n<p>Tambi\u00e9n cambia la manera de valorar tu tiempo. Con mentalidad de trabajo, la medida se centra en las horas que se dedican al trabajo. \u00ab<em>\u00bfCu\u00e1ntas horas he trabajado este mes?<\/em>\u00ab, se preguntaba Roger. Pero desde una visi\u00f3n empresarial, el enfoque est\u00e1 en el valor que generas: si tu tiempo est\u00e1 bien invertido, si los procesos son eficientes, si puedes sistematizar tareas o delegarlas para centrarte en lo que realmente hace rentable y sostenible el proyecto.<\/p>\n<p>En este sentido, Roger introdujo una herramienta de gesti\u00f3n en la nube que le permitiera hacer el seguimiento de cada proyecto; comenz\u00f3 a registrar la dedicaci\u00f3n a cada proyecto; valor\u00f3 si los presupuestos que hac\u00eda estaban alineados con esta dedicaci\u00f3n; automatiz\u00f3 los correos de seguimiento; estandariz\u00f3 el formato de los presupuestos; y deleg\u00f3 algunos servicios que eran de poco valor a\u00f1adido o bien que a \u00e9l no se le daban suficientemente bien.<\/p>\n<h3><strong>Un verano para hacer balance<\/strong><\/h3>\n<p>Este verano puede ser una oportunidad ideal para revisar c\u00f3mo est\u00e1s enfocando tu gesti\u00f3n como aut\u00f3nomo. \u00bfSabes cu\u00e1l es la facturaci\u00f3n necesaria para cubrir gastos, sueldo y generar ahorro? \u00bfTienes identificados los gastos fijos? \u00bfSabes qu\u00e9 margen real tienes sobre lo que vendes? \u00bfHas creado sistemas que te permitan trabajar con m\u00e1s tranquilidad?<\/p>\n<p>Reflexionar sobre estas preguntas no significa atascarse, sino simplemente empezar a ver el negocio con ojos nuevos. No es necesario que hagas todos los cambios de golpe, pero puedes volver en septiembre con una intenci\u00f3n clara: pasar de trabajar dentro de tu negocio a liderarlo con visi\u00f3n empresarial.<\/p>\n<p>Como me dec\u00eda Roger: <em>\u00abVoy a pasar de ser trabajador aut\u00f3nomo, a profesional aut\u00f3nomo\u00bb.<\/em><\/p>\n<h3><strong>Una nueva etapa empieza con una nueva perspectiva<\/strong><\/h3>\n<p>Roger, despu\u00e9s de pasar por momentos dif\u00edciles, empez\u00f3 a cambiar su manera de pensar. Calcul\u00f3 exactamente cu\u00e1les eran sus gastos, ajust\u00f3 precios, sistematiz\u00f3 la forma de trabajar con sus clientes y comenz\u00f3 a planificar con antelaci\u00f3n. Hoy sigue trabajando mucho, pero con una estructura que le permite descansar, invertir y crecer.<\/p>\n<p>Este verano, t\u00fa tambi\u00e9n puedes empezar este cambio. Reg\u00e1late un momento de silencio, un caf\u00e9 al aire libre y una libreta. Escribe qu\u00e9 quieres para tu negocio en los pr\u00f3ximos meses, qu\u00e9 te desgasta y qu\u00e9 querr\u00edas transformar.<\/p>\n<p>Quiz\u00e1s no sea el descanso cl\u00e1sico de playa y hamaca, pero es un regalo igualmente valioso: volver en septiembre con una mirada m\u00e1s clara y, sobre todo, con energ\u00eda renovada para liderar tu proyecto con sentido y direcci\u00f3n.<\/p>\n<h3><strong>\u00bfQuieres hacer este cambio con apoyo y claridad?<\/strong><\/h3>\n<p>Desde <a href=\"https:\/\/www.linkedin.com\/company\/ELISABET-BACH\" target=\"_blank\" rel=\"noopener\">nuestra consultor\u00eda<\/a> acompa\u00f1amos a transformar la gesti\u00f3n para aut\u00f3nomos en una herramienta clara, sostenible y enfocada al crecimiento.<\/p>\n<p>Te ayudamos a revisar tu modelo de negocio y a mejorar la gesti\u00f3n econ\u00f3mica de manera que la actividad pueda crecer con tranquilidad.<\/p>\n<p>Reserva una sesi\u00f3n de asesoramiento y comienza en septiembre con una visi\u00f3n realista y estrat\u00e9gica de tu negocio.<\/p>\n<p><strong>Este verano, reg\u00e1late perspectiva. En septiembre, transf\u00f3rmala en acci\u00f3n.<\/strong><\/p>\n","protected":false},"excerpt":{"rendered":"<p>El verano es ese momento esperado del a\u00f1o en el que el ritmo baja, las agendas se aligeran y por fin encontramos un poco de espacio<span class=\"excerpt-hellip\"> [\u2026]<\/span><\/p>\n","protected":false},"author":6,"featured_media":12868,"comment_status":"open","ping_status":"open","sticky":false,"template":"","format":"standard","meta":{"footnotes":""},"categories":[206,245,354,103,324,98],"tags":[208,151],"class_list":["post-12852","post","type-post","status-publish","format-standard","has-post-thumbnail","hentry","category-autonoms-es","category-creixement-empresarial-es","category-disfruta-tu-negocio-es","category-emprendedores","category-gaudeix-el-teu-negoci-es","category-general-es","tag-autonoms-es","tag-gestion-economica"],"yoast_head":"<!-- This site is optimized with the Yoast SEO plugin v27.4 - https:\/\/yoast.com\/product\/yoast-seo-wordpress\/ -->\n<title>C\u00f3mo desarrollar una visi\u00f3n empresarial para crecer<\/title>\n<meta name=\"description\" content=\"Gesti\u00f3n para aut\u00f3nomos: Este art\u00edculo te ayuda a hacer el cambio de mentalidad y comenzar en septiembre con una visi\u00f3n empresarial.\" \/>\n<meta name=\"robots\" content=\"index, follow, max-snippet:-1, max-image-preview:large, max-video-preview:-1\" \/>\n<link rel=\"canonical\" href=\"https:\/\/www.elisabetbach.com\/es\/gestion-para-autonomos-tienes-una-vision-empresarial-o-todavia-piensas-como-un-trabajador\/\" \/>\n<meta property=\"og:locale\" content=\"es_ES\" \/>\n<meta property=\"og:type\" content=\"article\" \/>\n<meta property=\"og:title\" content=\"C\u00f3mo desarrollar una visi\u00f3n empresarial para crecer\" \/>\n<meta property=\"og:description\" content=\"Gesti\u00f3n para aut\u00f3nomos: Este art\u00edculo te ayuda a hacer el cambio de mentalidad y comenzar en septiembre con una visi\u00f3n empresarial.\" \/>\n<meta property=\"og:url\" content=\"https:\/\/www.elisabetbach.com\/es\/gestion-para-autonomos-tienes-una-vision-empresarial-o-todavia-piensas-como-un-trabajador\/\" \/>\n<meta property=\"og:site_name\" content=\"Elisabet Bach\" \/>\n<meta property=\"article:publisher\" content=\"https:\/\/www.facebook.com\/elisabetbacholler\/\" \/>\n<meta property=\"article:published_time\" content=\"2025-07-16T09:32:14+00:00\" \/>\n<meta property=\"article:modified_time\" content=\"2025-07-16T09:54:21+00:00\" \/>\n<meta property=\"og:image\" content=\"https:\/\/www.elisabetbach.com\/wp-content\/uploads\/2025\/07\/Aquest-estiu-regalat-perspectiva.-Al-setembre-transforma-la-en-accio.2-2.png\" \/>\n\t<meta property=\"og:image:width\" content=\"1366\" \/>\n\t<meta property=\"og:image:height\" content=\"768\" \/>\n\t<meta property=\"og:image:type\" content=\"image\/png\" \/>\n<meta name=\"author\" content=\"gestio\" \/>\n<meta name=\"twitter:label1\" content=\"Escrito por\" \/>\n\t<meta name=\"twitter:data1\" content=\"gestio\" \/>\n\t<meta name=\"twitter:label2\" content=\"Tiempo de lectura\" \/>\n\t<meta name=\"twitter:data2\" content=\"6 minutos\" \/>\n<script type=\"application\/ld+json\" class=\"yoast-schema-graph\">{\"@context\":\"https:\\\/\\\/schema.org\",\"@graph\":[{\"@type\":\"Article\",\"@id\":\"https:\\\/\\\/www.elisabetbach.com\\\/es\\\/gestion-para-autonomos-tienes-una-vision-empresarial-o-todavia-piensas-como-un-trabajador\\\/#article\",\"isPartOf\":{\"@id\":\"https:\\\/\\\/www.elisabetbach.com\\\/es\\\/gestion-para-autonomos-tienes-una-vision-empresarial-o-todavia-piensas-como-un-trabajador\\\/\"},\"author\":{\"name\":\"gestio\",\"@id\":\"https:\\\/\\\/www.elisabetbach.com\\\/#\\\/schema\\\/person\\\/3eef444482646bc8da81626f8e6a21ca\"},\"headline\":\"Gesti\u00f3n para aut\u00f3nomos: \u00bftienes una visi\u00f3n empresarial o todav\u00eda piensas como un trabajador?\",\"datePublished\":\"2025-07-16T09:32:14+00:00\",\"dateModified\":\"2025-07-16T09:54:21+00:00\",\"mainEntityOfPage\":{\"@id\":\"https:\\\/\\\/www.elisabetbach.com\\\/es\\\/gestion-para-autonomos-tienes-una-vision-empresarial-o-todavia-piensas-como-un-trabajador\\\/\"},\"wordCount\":1129,\"commentCount\":0,\"publisher\":{\"@id\":\"https:\\\/\\\/www.elisabetbach.com\\\/#organization\"},\"image\":{\"@id\":\"https:\\\/\\\/www.elisabetbach.com\\\/es\\\/gestion-para-autonomos-tienes-una-vision-empresarial-o-todavia-piensas-como-un-trabajador\\\/#primaryimage\"},\"thumbnailUrl\":\"https:\\\/\\\/www.elisabetbach.com\\\/wp-content\\\/uploads\\\/2025\\\/07\\\/Aquest-estiu-regalat-perspectiva.-Al-setembre-transforma-la-en-accio.2-2.png\",\"keywords\":[\"aut\u00f2noms\",\"gesti\u00f3n econ\u00f3mica\"],\"articleSection\":[\"Aut\u00f2noms\",\"creixement empresarial\",\"Disfruta tu negocio\",\"Emprendedores\",\"Gaudeix el teu negoci\",\"General @es\"],\"inLanguage\":\"es\",\"potentialAction\":[{\"@type\":\"CommentAction\",\"name\":\"Comment\",\"target\":[\"https:\\\/\\\/www.elisabetbach.com\\\/es\\\/gestion-para-autonomos-tienes-una-vision-empresarial-o-todavia-piensas-como-un-trabajador\\\/#respond\"]}]},{\"@type\":\"WebPage\",\"@id\":\"https:\\\/\\\/www.elisabetbach.com\\\/es\\\/gestion-para-autonomos-tienes-una-vision-empresarial-o-todavia-piensas-como-un-trabajador\\\/\",\"url\":\"https:\\\/\\\/www.elisabetbach.com\\\/es\\\/gestion-para-autonomos-tienes-una-vision-empresarial-o-todavia-piensas-como-un-trabajador\\\/\",\"name\":\"C\u00f3mo desarrollar una visi\u00f3n empresarial para crecer\",\"isPartOf\":{\"@id\":\"https:\\\/\\\/www.elisabetbach.com\\\/#website\"},\"primaryImageOfPage\":{\"@id\":\"https:\\\/\\\/www.elisabetbach.com\\\/es\\\/gestion-para-autonomos-tienes-una-vision-empresarial-o-todavia-piensas-como-un-trabajador\\\/#primaryimage\"},\"image\":{\"@id\":\"https:\\\/\\\/www.elisabetbach.com\\\/es\\\/gestion-para-autonomos-tienes-una-vision-empresarial-o-todavia-piensas-como-un-trabajador\\\/#primaryimage\"},\"thumbnailUrl\":\"https:\\\/\\\/www.elisabetbach.com\\\/wp-content\\\/uploads\\\/2025\\\/07\\\/Aquest-estiu-regalat-perspectiva.-Al-setembre-transforma-la-en-accio.2-2.png\",\"datePublished\":\"2025-07-16T09:32:14+00:00\",\"dateModified\":\"2025-07-16T09:54:21+00:00\",\"description\":\"Gesti\u00f3n para aut\u00f3nomos: Este art\u00edculo te ayuda a hacer el cambio de mentalidad y comenzar en septiembre con una visi\u00f3n empresarial.\",\"breadcrumb\":{\"@id\":\"https:\\\/\\\/www.elisabetbach.com\\\/es\\\/gestion-para-autonomos-tienes-una-vision-empresarial-o-todavia-piensas-como-un-trabajador\\\/#breadcrumb\"},\"inLanguage\":\"es\",\"potentialAction\":[{\"@type\":\"ReadAction\",\"target\":[\"https:\\\/\\\/www.elisabetbach.com\\\/es\\\/gestion-para-autonomos-tienes-una-vision-empresarial-o-todavia-piensas-como-un-trabajador\\\/\"]}]},{\"@type\":\"ImageObject\",\"inLanguage\":\"es\",\"@id\":\"https:\\\/\\\/www.elisabetbach.com\\\/es\\\/gestion-para-autonomos-tienes-una-vision-empresarial-o-todavia-piensas-como-un-trabajador\\\/#primaryimage\",\"url\":\"https:\\\/\\\/www.elisabetbach.com\\\/wp-content\\\/uploads\\\/2025\\\/07\\\/Aquest-estiu-regalat-perspectiva.-Al-setembre-transforma-la-en-accio.2-2.png\",\"contentUrl\":\"https:\\\/\\\/www.elisabetbach.com\\\/wp-content\\\/uploads\\\/2025\\\/07\\\/Aquest-estiu-regalat-perspectiva.-Al-setembre-transforma-la-en-accio.2-2.png\",\"width\":1366,\"height\":768},{\"@type\":\"BreadcrumbList\",\"@id\":\"https:\\\/\\\/www.elisabetbach.com\\\/es\\\/gestion-para-autonomos-tienes-una-vision-empresarial-o-todavia-piensas-como-un-trabajador\\\/#breadcrumb\",\"itemListElement\":[{\"@type\":\"ListItem\",\"position\":1,\"name\":\"Inici\",\"item\":\"https:\\\/\\\/www.elisabetbach.com\\\/es\\\/\"},{\"@type\":\"ListItem\",\"position\":2,\"name\":\"Gesti\u00f3n para aut\u00f3nomos: \u00bftienes una visi\u00f3n empresarial o todav\u00eda piensas como un trabajador?\"}]},{\"@type\":\"WebSite\",\"@id\":\"https:\\\/\\\/www.elisabetbach.com\\\/#website\",\"url\":\"https:\\\/\\\/www.elisabetbach.com\\\/\",\"name\":\"Elisabet Bach\",\"description\":\"Consultora Econ\u00f3mica y Financiera\",\"publisher\":{\"@id\":\"https:\\\/\\\/www.elisabetbach.com\\\/#organization\"},\"potentialAction\":[{\"@type\":\"SearchAction\",\"target\":{\"@type\":\"EntryPoint\",\"urlTemplate\":\"https:\\\/\\\/www.elisabetbach.com\\\/?s={search_term_string}\"},\"query-input\":{\"@type\":\"PropertyValueSpecification\",\"valueRequired\":true,\"valueName\":\"search_term_string\"}}],\"inLanguage\":\"es\"},{\"@type\":\"Organization\",\"@id\":\"https:\\\/\\\/www.elisabetbach.com\\\/#organization\",\"name\":\"Elisabet Bach\",\"url\":\"https:\\\/\\\/www.elisabetbach.com\\\/\",\"logo\":{\"@type\":\"ImageObject\",\"inLanguage\":\"es\",\"@id\":\"https:\\\/\\\/www.elisabetbach.com\\\/#\\\/schema\\\/logo\\\/image\\\/\",\"url\":\"https:\\\/\\\/www.elisabetbach.com\\\/wp-content\\\/uploads\\\/2014\\\/03\\\/logo.png\",\"contentUrl\":\"https:\\\/\\\/www.elisabetbach.com\\\/wp-content\\\/uploads\\\/2014\\\/03\\\/logo.png\",\"width\":308,\"height\":49,\"caption\":\"Elisabet Bach\"},\"image\":{\"@id\":\"https:\\\/\\\/www.elisabetbach.com\\\/#\\\/schema\\\/logo\\\/image\\\/\"},\"sameAs\":[\"https:\\\/\\\/www.facebook.com\\\/elisabetbacholler\\\/\",\"https:\\\/\\\/x.com\\\/elisabet_bach\",\"https:\\\/\\\/www.linkedin.com\\\/in\\\/elisabetbachconsultant\\\/\",\"https:\\\/\\\/www.youtube.com\\\/channel\\\/UCaoleye0jmPoR0_FLWsGa8Q\"]},{\"@type\":\"Person\",\"@id\":\"https:\\\/\\\/www.elisabetbach.com\\\/#\\\/schema\\\/person\\\/3eef444482646bc8da81626f8e6a21ca\",\"name\":\"gestio\",\"image\":{\"@type\":\"ImageObject\",\"inLanguage\":\"es\",\"@id\":\"https:\\\/\\\/secure.gravatar.com\\\/avatar\\\/5fdcaf5bb44b69531bdf10732ccf9a81d66caba7c6242ded86fbc7993fd796ae?s=96&d=mm&r=g\",\"url\":\"https:\\\/\\\/secure.gravatar.com\\\/avatar\\\/5fdcaf5bb44b69531bdf10732ccf9a81d66caba7c6242ded86fbc7993fd796ae?s=96&d=mm&r=g\",\"contentUrl\":\"https:\\\/\\\/secure.gravatar.com\\\/avatar\\\/5fdcaf5bb44b69531bdf10732ccf9a81d66caba7c6242ded86fbc7993fd796ae?s=96&d=mm&r=g\",\"caption\":\"gestio\"},\"url\":\"https:\\\/\\\/www.elisabetbach.com\\\/es\\\/author\\\/gestio\\\/\"}]}<\/script>\n<!-- \/ Yoast SEO plugin. -->","yoast_head_json":{"title":"C\u00f3mo desarrollar una visi\u00f3n empresarial para crecer","description":"Gesti\u00f3n para aut\u00f3nomos: Este art\u00edculo te ayuda a hacer el cambio de mentalidad y comenzar en septiembre con una visi\u00f3n empresarial.","robots":{"index":"index","follow":"follow","max-snippet":"max-snippet:-1","max-image-preview":"max-image-preview:large","max-video-preview":"max-video-preview:-1"},"canonical":"https:\/\/www.elisabetbach.com\/es\/gestion-para-autonomos-tienes-una-vision-empresarial-o-todavia-piensas-como-un-trabajador\/","og_locale":"es_ES","og_type":"article","og_title":"C\u00f3mo desarrollar una visi\u00f3n empresarial para crecer","og_description":"Gesti\u00f3n para aut\u00f3nomos: Este art\u00edculo te ayuda a hacer el cambio de mentalidad y comenzar en septiembre con una visi\u00f3n empresarial.","og_url":"https:\/\/www.elisabetbach.com\/es\/gestion-para-autonomos-tienes-una-vision-empresarial-o-todavia-piensas-como-un-trabajador\/","og_site_name":"Elisabet Bach","article_publisher":"https:\/\/www.facebook.com\/elisabetbacholler\/","article_published_time":"2025-07-16T09:32:14+00:00","article_modified_time":"2025-07-16T09:54:21+00:00","og_image":[{"width":1366,"height":768,"url":"https:\/\/www.elisabetbach.com\/wp-content\/uploads\/2025\/07\/Aquest-estiu-regalat-perspectiva.-Al-setembre-transforma-la-en-accio.2-2.png","type":"image\/png"}],"author":"gestio","twitter_misc":{"Escrito por":"gestio","Tiempo de lectura":"6 minutos"},"schema":{"@context":"https:\/\/schema.org","@graph":[{"@type":"Article","@id":"https:\/\/www.elisabetbach.com\/es\/gestion-para-autonomos-tienes-una-vision-empresarial-o-todavia-piensas-como-un-trabajador\/#article","isPartOf":{"@id":"https:\/\/www.elisabetbach.com\/es\/gestion-para-autonomos-tienes-una-vision-empresarial-o-todavia-piensas-como-un-trabajador\/"},"author":{"name":"gestio","@id":"https:\/\/www.elisabetbach.com\/#\/schema\/person\/3eef444482646bc8da81626f8e6a21ca"},"headline":"Gesti\u00f3n para aut\u00f3nomos: \u00bftienes una visi\u00f3n empresarial o todav\u00eda piensas como un trabajador?","datePublished":"2025-07-16T09:32:14+00:00","dateModified":"2025-07-16T09:54:21+00:00","mainEntityOfPage":{"@id":"https:\/\/www.elisabetbach.com\/es\/gestion-para-autonomos-tienes-una-vision-empresarial-o-todavia-piensas-como-un-trabajador\/"},"wordCount":1129,"commentCount":0,"publisher":{"@id":"https:\/\/www.elisabetbach.com\/#organization"},"image":{"@id":"https:\/\/www.elisabetbach.com\/es\/gestion-para-autonomos-tienes-una-vision-empresarial-o-todavia-piensas-como-un-trabajador\/#primaryimage"},"thumbnailUrl":"https:\/\/www.elisabetbach.com\/wp-content\/uploads\/2025\/07\/Aquest-estiu-regalat-perspectiva.-Al-setembre-transforma-la-en-accio.2-2.png","keywords":["aut\u00f2noms","gesti\u00f3n econ\u00f3mica"],"articleSection":["Aut\u00f2noms","creixement empresarial","Disfruta tu negocio","Emprendedores","Gaudeix el teu negoci","General @es"],"inLanguage":"es","potentialAction":[{"@type":"CommentAction","name":"Comment","target":["https:\/\/www.elisabetbach.com\/es\/gestion-para-autonomos-tienes-una-vision-empresarial-o-todavia-piensas-como-un-trabajador\/#respond"]}]},{"@type":"WebPage","@id":"https:\/\/www.elisabetbach.com\/es\/gestion-para-autonomos-tienes-una-vision-empresarial-o-todavia-piensas-como-un-trabajador\/","url":"https:\/\/www.elisabetbach.com\/es\/gestion-para-autonomos-tienes-una-vision-empresarial-o-todavia-piensas-como-un-trabajador\/","name":"C\u00f3mo desarrollar una visi\u00f3n empresarial para crecer","isPartOf":{"@id":"https:\/\/www.elisabetbach.com\/#website"},"primaryImageOfPage":{"@id":"https:\/\/www.elisabetbach.com\/es\/gestion-para-autonomos-tienes-una-vision-empresarial-o-todavia-piensas-como-un-trabajador\/#primaryimage"},"image":{"@id":"https:\/\/www.elisabetbach.com\/es\/gestion-para-autonomos-tienes-una-vision-empresarial-o-todavia-piensas-como-un-trabajador\/#primaryimage"},"thumbnailUrl":"https:\/\/www.elisabetbach.com\/wp-content\/uploads\/2025\/07\/Aquest-estiu-regalat-perspectiva.-Al-setembre-transforma-la-en-accio.2-2.png","datePublished":"2025-07-16T09:32:14+00:00","dateModified":"2025-07-16T09:54:21+00:00","description":"Gesti\u00f3n para aut\u00f3nomos: Este art\u00edculo te ayuda a hacer el cambio de mentalidad y comenzar en septiembre con una visi\u00f3n empresarial.","breadcrumb":{"@id":"https:\/\/www.elisabetbach.com\/es\/gestion-para-autonomos-tienes-una-vision-empresarial-o-todavia-piensas-como-un-trabajador\/#breadcrumb"},"inLanguage":"es","potentialAction":[{"@type":"ReadAction","target":["https:\/\/www.elisabetbach.com\/es\/gestion-para-autonomos-tienes-una-vision-empresarial-o-todavia-piensas-como-un-trabajador\/"]}]},{"@type":"ImageObject","inLanguage":"es","@id":"https:\/\/www.elisabetbach.com\/es\/gestion-para-autonomos-tienes-una-vision-empresarial-o-todavia-piensas-como-un-trabajador\/#primaryimage","url":"https:\/\/www.elisabetbach.com\/wp-content\/uploads\/2025\/07\/Aquest-estiu-regalat-perspectiva.-Al-setembre-transforma-la-en-accio.2-2.png","contentUrl":"https:\/\/www.elisabetbach.com\/wp-content\/uploads\/2025\/07\/Aquest-estiu-regalat-perspectiva.-Al-setembre-transforma-la-en-accio.2-2.png","width":1366,"height":768},{"@type":"BreadcrumbList","@id":"https:\/\/www.elisabetbach.com\/es\/gestion-para-autonomos-tienes-una-vision-empresarial-o-todavia-piensas-como-un-trabajador\/#breadcrumb","itemListElement":[{"@type":"ListItem","position":1,"name":"Inici","item":"https:\/\/www.elisabetbach.com\/es\/"},{"@type":"ListItem","position":2,"name":"Gesti\u00f3n para aut\u00f3nomos: \u00bftienes una visi\u00f3n empresarial o todav\u00eda piensas como un trabajador?"}]},{"@type":"WebSite","@id":"https:\/\/www.elisabetbach.com\/#website","url":"https:\/\/www.elisabetbach.com\/","name":"Elisabet Bach","description":"Consultora Econ\u00f3mica y Financiera","publisher":{"@id":"https:\/\/www.elisabetbach.com\/#organization"},"potentialAction":[{"@type":"SearchAction","target":{"@type":"EntryPoint","urlTemplate":"https:\/\/www.elisabetbach.com\/?s={search_term_string}"},"query-input":{"@type":"PropertyValueSpecification","valueRequired":true,"valueName":"search_term_string"}}],"inLanguage":"es"},{"@type":"Organization","@id":"https:\/\/www.elisabetbach.com\/#organization","name":"Elisabet Bach","url":"https:\/\/www.elisabetbach.com\/","logo":{"@type":"ImageObject","inLanguage":"es","@id":"https:\/\/www.elisabetbach.com\/#\/schema\/logo\/image\/","url":"https:\/\/www.elisabetbach.com\/wp-content\/uploads\/2014\/03\/logo.png","contentUrl":"https:\/\/www.elisabetbach.com\/wp-content\/uploads\/2014\/03\/logo.png","width":308,"height":49,"caption":"Elisabet Bach"},"image":{"@id":"https:\/\/www.elisabetbach.com\/#\/schema\/logo\/image\/"},"sameAs":["https:\/\/www.facebook.com\/elisabetbacholler\/","https:\/\/x.com\/elisabet_bach","https:\/\/www.linkedin.com\/in\/elisabetbachconsultant\/","https:\/\/www.youtube.com\/channel\/UCaoleye0jmPoR0_FLWsGa8Q"]},{"@type":"Person","@id":"https:\/\/www.elisabetbach.com\/#\/schema\/person\/3eef444482646bc8da81626f8e6a21ca","name":"gestio","image":{"@type":"ImageObject","inLanguage":"es","@id":"https:\/\/secure.gravatar.com\/avatar\/5fdcaf5bb44b69531bdf10732ccf9a81d66caba7c6242ded86fbc7993fd796ae?s=96&d=mm&r=g","url":"https:\/\/secure.gravatar.com\/avatar\/5fdcaf5bb44b69531bdf10732ccf9a81d66caba7c6242ded86fbc7993fd796ae?s=96&d=mm&r=g","contentUrl":"https:\/\/secure.gravatar.com\/avatar\/5fdcaf5bb44b69531bdf10732ccf9a81d66caba7c6242ded86fbc7993fd796ae?s=96&d=mm&r=g","caption":"gestio"},"url":"https:\/\/www.elisabetbach.com\/es\/author\/gestio\/"}]}},"_links":{"self":[{"href":"https:\/\/www.elisabetbach.com\/es\/wp-json\/wp\/v2\/posts\/12852","targetHints":{"allow":["GET"]}}],"collection":[{"href":"https:\/\/www.elisabetbach.com\/es\/wp-json\/wp\/v2\/posts"}],"about":[{"href":"https:\/\/www.elisabetbach.com\/es\/wp-json\/wp\/v2\/types\/post"}],"author":[{"embeddable":true,"href":"https:\/\/www.elisabetbach.com\/es\/wp-json\/wp\/v2\/users\/6"}],"replies":[{"embeddable":true,"href":"https:\/\/www.elisabetbach.com\/es\/wp-json\/wp\/v2\/comments?post=12852"}],"version-history":[{"count":3,"href":"https:\/\/www.elisabetbach.com\/es\/wp-json\/wp\/v2\/posts\/12852\/revisions"}],"predecessor-version":[{"id":12861,"href":"https:\/\/www.elisabetbach.com\/es\/wp-json\/wp\/v2\/posts\/12852\/revisions\/12861"}],"wp:featuredmedia":[{"embeddable":true,"href":"https:\/\/www.elisabetbach.com\/es\/wp-json\/wp\/v2\/media\/12868"}],"wp:attachment":[{"href":"https:\/\/www.elisabetbach.com\/es\/wp-json\/wp\/v2\/media?parent=12852"}],"wp:term":[{"taxonomy":"category","embeddable":true,"href":"https:\/\/www.elisabetbach.com\/es\/wp-json\/wp\/v2\/categories?post=12852"},{"taxonomy":"post_tag","embeddable":true,"href":"https:\/\/www.elisabetbach.com\/es\/wp-json\/wp\/v2\/tags?post=12852"}],"curies":[{"name":"wp","href":"https:\/\/api.w.org\/{rel}","templated":true}]}}