{"id":4552,"date":"2014-08-06T07:31:15","date_gmt":"2014-08-06T07:31:15","guid":{"rendered":"http:\/\/www.elisabetbach.com\/si-ets-emprenedor-pensa-reflexiona-i-llencat-2\/"},"modified":"2014-09-12T08:22:02","modified_gmt":"2014-09-12T08:22:02","slug":"si-eres-emprendedor-piensa-reflexiona-y-lanzate","status":"publish","type":"post","link":"https:\/\/www.elisabetbach.com\/es\/si-eres-emprendedor-piensa-reflexiona-y-lanzate\/","title":{"rendered":"Si eres emprendedor: Piensa, reflexiona y l\u00e1nzate"},"content":{"rendered":"<p align=\"center\"><img decoding=\"async\" alt=\"\" src=\"http:\/\/events.urv.cat\/_files\/_event\/_1403\/_editorFiles\/image\/logos.bmp\" \/><\/p>\n<p align=\"center\">La decisi\u00f3n de emprender depende m\u00e1s de nuestro coraz\u00f3n que de las previsiones. \u00bfHablamos? Martes 9 de septiembre en Tarragona.<\/p>\n<p align=\"center\"><strong><em>Martes Emprendedor<\/em><\/strong><\/p>\n<p><strong><a href=\"http:\/\/events.urv.cat\/event_detail\/1403\/detail\/dimarts-emprenedor-9-de-setembre-de-2014.html\" target=\"_blank\">\u201c<i>Piensa, reflexiona y l\u00e1nzate<\/i>\u201d <\/a><br \/>\n<\/strong><\/p>\n<p><strong>El 9 de septiembre de 2014 a las 19:00<\/strong><\/p>\n<p>Tenemos una idea de negocio y queremos crear una empresa.<\/p>\n<p>\u00bfCreemos que con \u00e9sto ya lo tenemos todo? \u00bfUna buena idea nos asegura el \u00e9xito?<\/p>\n<p>El proceso desde la idea, la decisi\u00f3n de empedrer y su concreci\u00f3n en un negocio no es autom\u00e1tico. Influyen muchas variables, tanto inherentes al mismo proyecto como al emprendedor.<\/p>\n<p>En esta sesi\u00f3n visualizaremos el camino desde la idea de negocio a la decisi\u00f3n de emprender, valoraremos las implicaciones personales y las motivaciones para crear nuestra empresa, y analizaremos algunos de los t\u00f3picos m\u00e1s comunes en relaci\u00f3n al emprendedor ya la empresa.<\/p>\n<p>Ponente: <strong>Elisabet Bach<\/strong> (consultora en creaci\u00f3n y consolidaci\u00f3n de empresas)<\/p>\n<p><strong>Lugar:<\/strong><\/p>\n<p>Sala de actos<br \/>\nC\u00e1mara de Comercio de Tarragona<br \/>\nAvda. Pau Casals, 17<\/p>\n<p><strong>M\u00e1s informaci\u00f3n:<\/strong><\/p>\n<p>http:\/\/events.urv.cat\/event_detail\/1403\/detail\/dimarts-emprenedor-9-de-setembre-de-2014.html<\/p>\n","protected":false},"excerpt":{"rendered":"<p>La decisi\u00f3n de emprender depende m\u00e1s de nuestro coraz\u00f3n que de las previsiones. \u00bfHablamos? Martes 9 de septiembre en Tarragona. Martes Emprendedor \u201cPiensa, reflexiona y l\u00e1nzate\u201d<span class=\"excerpt-hellip\"> [\u2026]<\/span><\/p>\n","protected":false},"author":1,"featured_media":0,"comment_status":"closed","ping_status":"open","sticky":false,"template":"","format":"standard","meta":{"footnotes":""},"categories":[101,102,106,103,105,107],"tags":[119,108,122,123,121,120],"class_list":["post-4552","post","type-post","status-publish","format-standard","hentry","category-conferencias","category-creacion-de-empresas","category-decision-de-emprender","category-emprendedores","category-formacion","category-idea-de-negocio","tag-cambra-tarragona-es","tag-emprendedores","tag-emprendedoria-tarragona","tag-formacion-emprendedoria","tag-universitat-rovira-i-virgili-es","tag-urv-empren-es"],"yoast_head":"<!-- This site is optimized with the Yoast SEO plugin v27.4 - https:\/\/yoast.com\/product\/yoast-seo-wordpress\/ -->\n<title>Si eres emprendedor: Piensa, reflexiona y l\u00e1nzate - Elisabet Bach<\/title>\n<meta name=\"robots\" content=\"index, follow, max-snippet:-1, max-image-preview:large, max-video-preview:-1\" \/>\n<link rel=\"canonical\" href=\"https:\/\/www.elisabetbach.com\/es\/si-eres-emprendedor-piensa-reflexiona-y-lanzate\/\" \/>\n<meta property=\"og:locale\" content=\"es_ES\" \/>\n<meta property=\"og:type\" content=\"article\" \/>\n<meta property=\"og:title\" content=\"Si eres emprendedor: Piensa, reflexiona y l\u00e1nzate - Elisabet Bach\" \/>\n<meta property=\"og:description\" content=\"La decisi\u00f3n de emprender depende m\u00e1s de nuestro coraz\u00f3n que de las previsiones. \u00bfHablamos? Martes 9 de septiembre en Tarragona. Martes Emprendedor \u201cPiensa, reflexiona y l\u00e1nzate\u201d [\u2026]\" \/>\n<meta property=\"og:url\" content=\"https:\/\/www.elisabetbach.com\/es\/si-eres-emprendedor-piensa-reflexiona-y-lanzate\/\" \/>\n<meta property=\"og:site_name\" content=\"Elisabet Bach\" \/>\n<meta property=\"article:publisher\" content=\"https:\/\/www.facebook.com\/elisabetbacholler\/\" \/>\n<meta property=\"article:published_time\" content=\"2014-08-06T07:31:15+00:00\" \/>\n<meta property=\"article:modified_time\" content=\"2014-09-12T08:22:02+00:00\" \/>\n<meta property=\"og:image\" content=\"http:\/\/events.urv.cat\/_files\/_event\/_1403\/_editorFiles\/image\/logos.bmp\" \/>\n<meta name=\"author\" content=\"vdomus\" \/>\n<meta name=\"twitter:label1\" content=\"Escrito por\" \/>\n\t<meta name=\"twitter:data1\" content=\"vdomus\" \/>\n\t<meta name=\"twitter:label2\" content=\"Tiempo de lectura\" \/>\n\t<meta name=\"twitter:data2\" content=\"1 minuto\" \/>\n<script type=\"application\/ld+json\" class=\"yoast-schema-graph\">{\"@context\":\"https:\\\/\\\/schema.org\",\"@graph\":[{\"@type\":\"Article\",\"@id\":\"https:\\\/\\\/www.elisabetbach.com\\\/es\\\/si-eres-emprendedor-piensa-reflexiona-y-lanzate\\\/#article\",\"isPartOf\":{\"@id\":\"https:\\\/\\\/www.elisabetbach.com\\\/es\\\/si-eres-emprendedor-piensa-reflexiona-y-lanzate\\\/\"},\"author\":{\"name\":\"vdomus\",\"@id\":\"https:\\\/\\\/www.elisabetbach.com\\\/#\\\/schema\\\/person\\\/e675c19b5d934329302c6b85f03c0806\"},\"headline\":\"Si eres emprendedor: Piensa, reflexiona y l\u00e1nzate\",\"datePublished\":\"2014-08-06T07:31:15+00:00\",\"dateModified\":\"2014-09-12T08:22:02+00:00\",\"mainEntityOfPage\":{\"@id\":\"https:\\\/\\\/www.elisabetbach.com\\\/es\\\/si-eres-emprendedor-piensa-reflexiona-y-lanzate\\\/\"},\"wordCount\":186,\"publisher\":{\"@id\":\"https:\\\/\\\/www.elisabetbach.com\\\/#organization\"},\"image\":{\"@id\":\"https:\\\/\\\/www.elisabetbach.com\\\/es\\\/si-eres-emprendedor-piensa-reflexiona-y-lanzate\\\/#primaryimage\"},\"thumbnailUrl\":\"http:\\\/\\\/events.urv.cat\\\/_files\\\/_event\\\/_1403\\\/_editorFiles\\\/image\\\/logos.bmp\",\"keywords\":[\"Cambra Tarragona\",\"emprendedores\",\"emprendedor\u00eda Tarragona\",\"formaci\u00f3n emprendedor\u00eda\",\"Universitat Rovira i Virgili\",\"URV Empr\u00e8n\"],\"articleSection\":[\"Conferencias\",\"Creaci\u00f3n de empresas\",\"Decisi\u00f3n de emprender\",\"Emprendedores\",\"Formaci\u00f3n\",\"Idea de negocio\"],\"inLanguage\":\"es\"},{\"@type\":\"WebPage\",\"@id\":\"https:\\\/\\\/www.elisabetbach.com\\\/es\\\/si-eres-emprendedor-piensa-reflexiona-y-lanzate\\\/\",\"url\":\"https:\\\/\\\/www.elisabetbach.com\\\/es\\\/si-eres-emprendedor-piensa-reflexiona-y-lanzate\\\/\",\"name\":\"Si eres emprendedor: Piensa, reflexiona y l\u00e1nzate - Elisabet Bach\",\"isPartOf\":{\"@id\":\"https:\\\/\\\/www.elisabetbach.com\\\/#website\"},\"primaryImageOfPage\":{\"@id\":\"https:\\\/\\\/www.elisabetbach.com\\\/es\\\/si-eres-emprendedor-piensa-reflexiona-y-lanzate\\\/#primaryimage\"},\"image\":{\"@id\":\"https:\\\/\\\/www.elisabetbach.com\\\/es\\\/si-eres-emprendedor-piensa-reflexiona-y-lanzate\\\/#primaryimage\"},\"thumbnailUrl\":\"http:\\\/\\\/events.urv.cat\\\/_files\\\/_event\\\/_1403\\\/_editorFiles\\\/image\\\/logos.bmp\",\"datePublished\":\"2014-08-06T07:31:15+00:00\",\"dateModified\":\"2014-09-12T08:22:02+00:00\",\"breadcrumb\":{\"@id\":\"https:\\\/\\\/www.elisabetbach.com\\\/es\\\/si-eres-emprendedor-piensa-reflexiona-y-lanzate\\\/#breadcrumb\"},\"inLanguage\":\"es\",\"potentialAction\":[{\"@type\":\"ReadAction\",\"target\":[\"https:\\\/\\\/www.elisabetbach.com\\\/es\\\/si-eres-emprendedor-piensa-reflexiona-y-lanzate\\\/\"]}]},{\"@type\":\"ImageObject\",\"inLanguage\":\"es\",\"@id\":\"https:\\\/\\\/www.elisabetbach.com\\\/es\\\/si-eres-emprendedor-piensa-reflexiona-y-lanzate\\\/#primaryimage\",\"url\":\"http:\\\/\\\/events.urv.cat\\\/_files\\\/_event\\\/_1403\\\/_editorFiles\\\/image\\\/logos.bmp\",\"contentUrl\":\"http:\\\/\\\/events.urv.cat\\\/_files\\\/_event\\\/_1403\\\/_editorFiles\\\/image\\\/logos.bmp\"},{\"@type\":\"BreadcrumbList\",\"@id\":\"https:\\\/\\\/www.elisabetbach.com\\\/es\\\/si-eres-emprendedor-piensa-reflexiona-y-lanzate\\\/#breadcrumb\",\"itemListElement\":[{\"@type\":\"ListItem\",\"position\":1,\"name\":\"Inici\",\"item\":\"https:\\\/\\\/www.elisabetbach.com\\\/es\\\/\"},{\"@type\":\"ListItem\",\"position\":2,\"name\":\"Si eres emprendedor: Piensa, reflexiona y l\u00e1nzate\"}]},{\"@type\":\"WebSite\",\"@id\":\"https:\\\/\\\/www.elisabetbach.com\\\/#website\",\"url\":\"https:\\\/\\\/www.elisabetbach.com\\\/\",\"name\":\"Elisabet Bach\",\"description\":\"Consultora Econ\u00f3mica y Financiera\",\"publisher\":{\"@id\":\"https:\\\/\\\/www.elisabetbach.com\\\/#organization\"},\"potentialAction\":[{\"@type\":\"SearchAction\",\"target\":{\"@type\":\"EntryPoint\",\"urlTemplate\":\"https:\\\/\\\/www.elisabetbach.com\\\/?s={search_term_string}\"},\"query-input\":{\"@type\":\"PropertyValueSpecification\",\"valueRequired\":true,\"valueName\":\"search_term_string\"}}],\"inLanguage\":\"es\"},{\"@type\":\"Organization\",\"@id\":\"https:\\\/\\\/www.elisabetbach.com\\\/#organization\",\"name\":\"Elisabet Bach\",\"url\":\"https:\\\/\\\/www.elisabetbach.com\\\/\",\"logo\":{\"@type\":\"ImageObject\",\"inLanguage\":\"es\",\"@id\":\"https:\\\/\\\/www.elisabetbach.com\\\/#\\\/schema\\\/logo\\\/image\\\/\",\"url\":\"https:\\\/\\\/www.elisabetbach.com\\\/wp-content\\\/uploads\\\/2014\\\/03\\\/logo.png\",\"contentUrl\":\"https:\\\/\\\/www.elisabetbach.com\\\/wp-content\\\/uploads\\\/2014\\\/03\\\/logo.png\",\"width\":308,\"height\":49,\"caption\":\"Elisabet Bach\"},\"image\":{\"@id\":\"https:\\\/\\\/www.elisabetbach.com\\\/#\\\/schema\\\/logo\\\/image\\\/\"},\"sameAs\":[\"https:\\\/\\\/www.facebook.com\\\/elisabetbacholler\\\/\",\"https:\\\/\\\/x.com\\\/elisabet_bach\",\"https:\\\/\\\/www.linkedin.com\\\/in\\\/elisabetbachconsultant\\\/\",\"https:\\\/\\\/www.youtube.com\\\/channel\\\/UCaoleye0jmPoR0_FLWsGa8Q\"]},{\"@type\":\"Person\",\"@id\":\"https:\\\/\\\/www.elisabetbach.com\\\/#\\\/schema\\\/person\\\/e675c19b5d934329302c6b85f03c0806\",\"name\":\"vdomus\",\"image\":{\"@type\":\"ImageObject\",\"inLanguage\":\"es\",\"@id\":\"https:\\\/\\\/secure.gravatar.com\\\/avatar\\\/e1b02033cf9145ad8d892722a50851e98a68914806aa0fa4b8204caa86832335?s=96&d=mm&r=g\",\"url\":\"https:\\\/\\\/secure.gravatar.com\\\/avatar\\\/e1b02033cf9145ad8d892722a50851e98a68914806aa0fa4b8204caa86832335?s=96&d=mm&r=g\",\"contentUrl\":\"https:\\\/\\\/secure.gravatar.com\\\/avatar\\\/e1b02033cf9145ad8d892722a50851e98a68914806aa0fa4b8204caa86832335?s=96&d=mm&r=g\",\"caption\":\"vdomus\"},\"url\":\"https:\\\/\\\/www.elisabetbach.com\\\/es\\\/author\\\/vdomus\\\/\"}]}<\/script>\n<!-- \/ Yoast SEO plugin. -->","yoast_head_json":{"title":"Si eres emprendedor: Piensa, reflexiona y l\u00e1nzate - Elisabet Bach","robots":{"index":"index","follow":"follow","max-snippet":"max-snippet:-1","max-image-preview":"max-image-preview:large","max-video-preview":"max-video-preview:-1"},"canonical":"https:\/\/www.elisabetbach.com\/es\/si-eres-emprendedor-piensa-reflexiona-y-lanzate\/","og_locale":"es_ES","og_type":"article","og_title":"Si eres emprendedor: Piensa, reflexiona y l\u00e1nzate - Elisabet Bach","og_description":"La decisi\u00f3n de emprender depende m\u00e1s de nuestro coraz\u00f3n que de las previsiones. \u00bfHablamos? Martes 9 de septiembre en Tarragona. Martes Emprendedor \u201cPiensa, reflexiona y l\u00e1nzate\u201d [\u2026]","og_url":"https:\/\/www.elisabetbach.com\/es\/si-eres-emprendedor-piensa-reflexiona-y-lanzate\/","og_site_name":"Elisabet Bach","article_publisher":"https:\/\/www.facebook.com\/elisabetbacholler\/","article_published_time":"2014-08-06T07:31:15+00:00","article_modified_time":"2014-09-12T08:22:02+00:00","og_image":[{"url":"http:\/\/events.urv.cat\/_files\/_event\/_1403\/_editorFiles\/image\/logos.bmp","type":"","width":"","height":""}],"author":"vdomus","twitter_misc":{"Escrito por":"vdomus","Tiempo de lectura":"1 minuto"},"schema":{"@context":"https:\/\/schema.org","@graph":[{"@type":"Article","@id":"https:\/\/www.elisabetbach.com\/es\/si-eres-emprendedor-piensa-reflexiona-y-lanzate\/#article","isPartOf":{"@id":"https:\/\/www.elisabetbach.com\/es\/si-eres-emprendedor-piensa-reflexiona-y-lanzate\/"},"author":{"name":"vdomus","@id":"https:\/\/www.elisabetbach.com\/#\/schema\/person\/e675c19b5d934329302c6b85f03c0806"},"headline":"Si eres emprendedor: Piensa, reflexiona y l\u00e1nzate","datePublished":"2014-08-06T07:31:15+00:00","dateModified":"2014-09-12T08:22:02+00:00","mainEntityOfPage":{"@id":"https:\/\/www.elisabetbach.com\/es\/si-eres-emprendedor-piensa-reflexiona-y-lanzate\/"},"wordCount":186,"publisher":{"@id":"https:\/\/www.elisabetbach.com\/#organization"},"image":{"@id":"https:\/\/www.elisabetbach.com\/es\/si-eres-emprendedor-piensa-reflexiona-y-lanzate\/#primaryimage"},"thumbnailUrl":"http:\/\/events.urv.cat\/_files\/_event\/_1403\/_editorFiles\/image\/logos.bmp","keywords":["Cambra Tarragona","emprendedores","emprendedor\u00eda Tarragona","formaci\u00f3n emprendedor\u00eda","Universitat Rovira i Virgili","URV Empr\u00e8n"],"articleSection":["Conferencias","Creaci\u00f3n de empresas","Decisi\u00f3n de emprender","Emprendedores","Formaci\u00f3n","Idea de negocio"],"inLanguage":"es"},{"@type":"WebPage","@id":"https:\/\/www.elisabetbach.com\/es\/si-eres-emprendedor-piensa-reflexiona-y-lanzate\/","url":"https:\/\/www.elisabetbach.com\/es\/si-eres-emprendedor-piensa-reflexiona-y-lanzate\/","name":"Si eres emprendedor: Piensa, reflexiona y l\u00e1nzate - Elisabet Bach","isPartOf":{"@id":"https:\/\/www.elisabetbach.com\/#website"},"primaryImageOfPage":{"@id":"https:\/\/www.elisabetbach.com\/es\/si-eres-emprendedor-piensa-reflexiona-y-lanzate\/#primaryimage"},"image":{"@id":"https:\/\/www.elisabetbach.com\/es\/si-eres-emprendedor-piensa-reflexiona-y-lanzate\/#primaryimage"},"thumbnailUrl":"http:\/\/events.urv.cat\/_files\/_event\/_1403\/_editorFiles\/image\/logos.bmp","datePublished":"2014-08-06T07:31:15+00:00","dateModified":"2014-09-12T08:22:02+00:00","breadcrumb":{"@id":"https:\/\/www.elisabetbach.com\/es\/si-eres-emprendedor-piensa-reflexiona-y-lanzate\/#breadcrumb"},"inLanguage":"es","potentialAction":[{"@type":"ReadAction","target":["https:\/\/www.elisabetbach.com\/es\/si-eres-emprendedor-piensa-reflexiona-y-lanzate\/"]}]},{"@type":"ImageObject","inLanguage":"es","@id":"https:\/\/www.elisabetbach.com\/es\/si-eres-emprendedor-piensa-reflexiona-y-lanzate\/#primaryimage","url":"http:\/\/events.urv.cat\/_files\/_event\/_1403\/_editorFiles\/image\/logos.bmp","contentUrl":"http:\/\/events.urv.cat\/_files\/_event\/_1403\/_editorFiles\/image\/logos.bmp"},{"@type":"BreadcrumbList","@id":"https:\/\/www.elisabetbach.com\/es\/si-eres-emprendedor-piensa-reflexiona-y-lanzate\/#breadcrumb","itemListElement":[{"@type":"ListItem","position":1,"name":"Inici","item":"https:\/\/www.elisabetbach.com\/es\/"},{"@type":"ListItem","position":2,"name":"Si eres emprendedor: Piensa, reflexiona y l\u00e1nzate"}]},{"@type":"WebSite","@id":"https:\/\/www.elisabetbach.com\/#website","url":"https:\/\/www.elisabetbach.com\/","name":"Elisabet Bach","description":"Consultora Econ\u00f3mica y Financiera","publisher":{"@id":"https:\/\/www.elisabetbach.com\/#organization"},"potentialAction":[{"@type":"SearchAction","target":{"@type":"EntryPoint","urlTemplate":"https:\/\/www.elisabetbach.com\/?s={search_term_string}"},"query-input":{"@type":"PropertyValueSpecification","valueRequired":true,"valueName":"search_term_string"}}],"inLanguage":"es"},{"@type":"Organization","@id":"https:\/\/www.elisabetbach.com\/#organization","name":"Elisabet Bach","url":"https:\/\/www.elisabetbach.com\/","logo":{"@type":"ImageObject","inLanguage":"es","@id":"https:\/\/www.elisabetbach.com\/#\/schema\/logo\/image\/","url":"https:\/\/www.elisabetbach.com\/wp-content\/uploads\/2014\/03\/logo.png","contentUrl":"https:\/\/www.elisabetbach.com\/wp-content\/uploads\/2014\/03\/logo.png","width":308,"height":49,"caption":"Elisabet Bach"},"image":{"@id":"https:\/\/www.elisabetbach.com\/#\/schema\/logo\/image\/"},"sameAs":["https:\/\/www.facebook.com\/elisabetbacholler\/","https:\/\/x.com\/elisabet_bach","https:\/\/www.linkedin.com\/in\/elisabetbachconsultant\/","https:\/\/www.youtube.com\/channel\/UCaoleye0jmPoR0_FLWsGa8Q"]},{"@type":"Person","@id":"https:\/\/www.elisabetbach.com\/#\/schema\/person\/e675c19b5d934329302c6b85f03c0806","name":"vdomus","image":{"@type":"ImageObject","inLanguage":"es","@id":"https:\/\/secure.gravatar.com\/avatar\/e1b02033cf9145ad8d892722a50851e98a68914806aa0fa4b8204caa86832335?s=96&d=mm&r=g","url":"https:\/\/secure.gravatar.com\/avatar\/e1b02033cf9145ad8d892722a50851e98a68914806aa0fa4b8204caa86832335?s=96&d=mm&r=g","contentUrl":"https:\/\/secure.gravatar.com\/avatar\/e1b02033cf9145ad8d892722a50851e98a68914806aa0fa4b8204caa86832335?s=96&d=mm&r=g","caption":"vdomus"},"url":"https:\/\/www.elisabetbach.com\/es\/author\/vdomus\/"}]}},"_links":{"self":[{"href":"https:\/\/www.elisabetbach.com\/es\/wp-json\/wp\/v2\/posts\/4552","targetHints":{"allow":["GET"]}}],"collection":[{"href":"https:\/\/www.elisabetbach.com\/es\/wp-json\/wp\/v2\/posts"}],"about":[{"href":"https:\/\/www.elisabetbach.com\/es\/wp-json\/wp\/v2\/types\/post"}],"author":[{"embeddable":true,"href":"https:\/\/www.elisabetbach.com\/es\/wp-json\/wp\/v2\/users\/1"}],"replies":[{"embeddable":true,"href":"https:\/\/www.elisabetbach.com\/es\/wp-json\/wp\/v2\/comments?post=4552"}],"version-history":[{"count":2,"href":"https:\/\/www.elisabetbach.com\/es\/wp-json\/wp\/v2\/posts\/4552\/revisions"}],"predecessor-version":[{"id":4554,"href":"https:\/\/www.elisabetbach.com\/es\/wp-json\/wp\/v2\/posts\/4552\/revisions\/4554"}],"wp:attachment":[{"href":"https:\/\/www.elisabetbach.com\/es\/wp-json\/wp\/v2\/media?parent=4552"}],"wp:term":[{"taxonomy":"category","embeddable":true,"href":"https:\/\/www.elisabetbach.com\/es\/wp-json\/wp\/v2\/categories?post=4552"},{"taxonomy":"post_tag","embeddable":true,"href":"https:\/\/www.elisabetbach.com\/es\/wp-json\/wp\/v2\/tags?post=4552"}],"curies":[{"name":"wp","href":"https:\/\/api.w.org\/{rel}","templated":true}]}}