{"id":4559,"date":"2014-10-08T06:56:22","date_gmt":"2014-10-08T06:56:22","guid":{"rendered":"http:\/\/www.elisabetbach.com\/?p=4559"},"modified":"2014-10-08T07:47:05","modified_gmt":"2014-10-08T07:47:05","slug":"si-eres-emprendedor-piensa-reflexiona-y-lanzate-2","status":"publish","type":"post","link":"https:\/\/www.elisabetbach.com\/es\/si-eres-emprendedor-piensa-reflexiona-y-lanzate-2\/","title":{"rendered":"Si eres emprendedor: Piensa, reflexiona y l\u00e1nzate"},"content":{"rendered":"<p>El pasado martes d\u00eda 9 de septiembre, en el marco de las jornadas Diamrts Emprenedor, en este caso organizada por la C\u00e1mara Oficial de Comercio, Industria y Navegaci\u00f3n de Tarragona y URV Empr\u00e8n, presentamos el tema Si ets emprenedor: pensa, reflexiona i llen\u00e7ca&#8217;t.<\/p>\n<p>Hablamos de que el paso de la idea a la empresa no es ni directo ni autom\u00e1tico y, entre otros elementos que intervienen (oportunidad de negocio, su viabilidad, la decisi\u00f3n de emprender, &#8230;) hay uno muy importante que es el emprendedor, su motivaci\u00f3n y sus condicionantes.<\/p>\n<p>Para ver la presentaci\u00f3n, pulsa <a title=\"Si ets emprenedors: pensa: reflexiona, llen\u00e7a't\" href=\"http:\/\/es.slideshare.net\/slideshow\/embed_code\/40004600\" target=\"_blank\">aqu\u00ed<\/a>.<\/p>\n","protected":false},"excerpt":{"rendered":"<p>El pasado martes d\u00eda 9 de septiembre, en el marco de las jornadas Diamrts Emprenedor, en este caso organizada por la C\u00e1mara Oficial de Comercio, Industria<span class=\"excerpt-hellip\"> [\u2026]<\/span><\/p>\n","protected":false},"author":3,"featured_media":0,"comment_status":"open","ping_status":"open","sticky":false,"template":"","format":"standard","meta":{"footnotes":""},"categories":[101,102,106,103,105,107],"tags":[119,160,108,127,122,123,128,121,120],"class_list":["post-4559","post","type-post","status-publish","format-standard","hentry","category-conferencias","category-creacion-de-empresas","category-decision-de-emprender","category-emprendedores","category-formacion","category-idea-de-negocio","tag-cambra-tarragona-es","tag-creacion-de-empresas","tag-emprendedores","tag-emprendedores-tarragona","tag-emprendedoria-tarragona","tag-formacion-emprendedoria","tag-formacion-emprendeduria","tag-universitat-rovira-i-virgili-es","tag-urv-empren-es"],"yoast_head":"<!-- This site is optimized with the Yoast SEO plugin v27.4 - https:\/\/yoast.com\/product\/yoast-seo-wordpress\/ -->\n<title>Si eres emprendedor: Piensa, reflexiona y l\u00e1nzate - Elisabet Bach<\/title>\n<meta name=\"robots\" content=\"index, follow, max-snippet:-1, max-image-preview:large, max-video-preview:-1\" \/>\n<link rel=\"canonical\" href=\"https:\/\/www.elisabetbach.com\/es\/si-eres-emprendedor-piensa-reflexiona-y-lanzate-2\/\" \/>\n<meta property=\"og:locale\" content=\"es_ES\" \/>\n<meta property=\"og:type\" content=\"article\" \/>\n<meta property=\"og:title\" content=\"Si eres emprendedor: Piensa, reflexiona y l\u00e1nzate - Elisabet Bach\" \/>\n<meta property=\"og:description\" content=\"El pasado martes d\u00eda 9 de septiembre, en el marco de las jornadas Diamrts Emprenedor, en este caso organizada por la C\u00e1mara Oficial de Comercio, Industria [\u2026]\" \/>\n<meta property=\"og:url\" content=\"https:\/\/www.elisabetbach.com\/es\/si-eres-emprendedor-piensa-reflexiona-y-lanzate-2\/\" \/>\n<meta property=\"og:site_name\" content=\"Elisabet Bach\" \/>\n<meta property=\"article:publisher\" content=\"https:\/\/www.facebook.com\/elisabetbacholler\/\" \/>\n<meta property=\"article:published_time\" content=\"2014-10-08T06:56:22+00:00\" \/>\n<meta property=\"article:modified_time\" content=\"2014-10-08T07:47:05+00:00\" \/>\n<meta name=\"author\" content=\"Elisabet Bach\" \/>\n<meta name=\"twitter:label1\" content=\"Escrito por\" \/>\n\t<meta name=\"twitter:data1\" content=\"Elisabet Bach\" \/>\n\t<meta name=\"twitter:label2\" content=\"Tiempo de lectura\" \/>\n\t<meta name=\"twitter:data2\" content=\"1 minuto\" \/>\n<script type=\"application\/ld+json\" class=\"yoast-schema-graph\">{\"@context\":\"https:\\\/\\\/schema.org\",\"@graph\":[{\"@type\":\"Article\",\"@id\":\"https:\\\/\\\/www.elisabetbach.com\\\/es\\\/si-eres-emprendedor-piensa-reflexiona-y-lanzate-2\\\/#article\",\"isPartOf\":{\"@id\":\"https:\\\/\\\/www.elisabetbach.com\\\/es\\\/si-eres-emprendedor-piensa-reflexiona-y-lanzate-2\\\/\"},\"author\":{\"name\":\"Elisabet Bach\",\"@id\":\"https:\\\/\\\/www.elisabetbach.com\\\/#\\\/schema\\\/person\\\/685f9d1030414b49ce9a4362405597ba\"},\"headline\":\"Si eres emprendedor: Piensa, reflexiona y l\u00e1nzate\",\"datePublished\":\"2014-10-08T06:56:22+00:00\",\"dateModified\":\"2014-10-08T07:47:05+00:00\",\"mainEntityOfPage\":{\"@id\":\"https:\\\/\\\/www.elisabetbach.com\\\/es\\\/si-eres-emprendedor-piensa-reflexiona-y-lanzate-2\\\/\"},\"wordCount\":111,\"commentCount\":0,\"publisher\":{\"@id\":\"https:\\\/\\\/www.elisabetbach.com\\\/#organization\"},\"keywords\":[\"Cambra Tarragona\",\"Creaci\u00f3n de empresas\",\"emprendedores\",\"emprendedores Tarragona\",\"emprendedor\u00eda Tarragona\",\"formaci\u00f3n emprendedor\u00eda\",\"Formaci\u00f3n emprendedur\u00eda\",\"Universitat Rovira i Virgili\",\"URV Empr\u00e8n\"],\"articleSection\":[\"Conferencias\",\"Creaci\u00f3n de empresas\",\"Decisi\u00f3n de emprender\",\"Emprendedores\",\"Formaci\u00f3n\",\"Idea de negocio\"],\"inLanguage\":\"es\",\"potentialAction\":[{\"@type\":\"CommentAction\",\"name\":\"Comment\",\"target\":[\"https:\\\/\\\/www.elisabetbach.com\\\/es\\\/si-eres-emprendedor-piensa-reflexiona-y-lanzate-2\\\/#respond\"]}]},{\"@type\":\"WebPage\",\"@id\":\"https:\\\/\\\/www.elisabetbach.com\\\/es\\\/si-eres-emprendedor-piensa-reflexiona-y-lanzate-2\\\/\",\"url\":\"https:\\\/\\\/www.elisabetbach.com\\\/es\\\/si-eres-emprendedor-piensa-reflexiona-y-lanzate-2\\\/\",\"name\":\"Si eres emprendedor: Piensa, reflexiona y l\u00e1nzate - Elisabet Bach\",\"isPartOf\":{\"@id\":\"https:\\\/\\\/www.elisabetbach.com\\\/#website\"},\"datePublished\":\"2014-10-08T06:56:22+00:00\",\"dateModified\":\"2014-10-08T07:47:05+00:00\",\"breadcrumb\":{\"@id\":\"https:\\\/\\\/www.elisabetbach.com\\\/es\\\/si-eres-emprendedor-piensa-reflexiona-y-lanzate-2\\\/#breadcrumb\"},\"inLanguage\":\"es\",\"potentialAction\":[{\"@type\":\"ReadAction\",\"target\":[\"https:\\\/\\\/www.elisabetbach.com\\\/es\\\/si-eres-emprendedor-piensa-reflexiona-y-lanzate-2\\\/\"]}]},{\"@type\":\"BreadcrumbList\",\"@id\":\"https:\\\/\\\/www.elisabetbach.com\\\/es\\\/si-eres-emprendedor-piensa-reflexiona-y-lanzate-2\\\/#breadcrumb\",\"itemListElement\":[{\"@type\":\"ListItem\",\"position\":1,\"name\":\"Inici\",\"item\":\"https:\\\/\\\/www.elisabetbach.com\\\/es\\\/\"},{\"@type\":\"ListItem\",\"position\":2,\"name\":\"Si eres emprendedor: Piensa, reflexiona y l\u00e1nzate\"}]},{\"@type\":\"WebSite\",\"@id\":\"https:\\\/\\\/www.elisabetbach.com\\\/#website\",\"url\":\"https:\\\/\\\/www.elisabetbach.com\\\/\",\"name\":\"Elisabet Bach\",\"description\":\"Consultora Econ\u00f3mica y Financiera\",\"publisher\":{\"@id\":\"https:\\\/\\\/www.elisabetbach.com\\\/#organization\"},\"potentialAction\":[{\"@type\":\"SearchAction\",\"target\":{\"@type\":\"EntryPoint\",\"urlTemplate\":\"https:\\\/\\\/www.elisabetbach.com\\\/?s={search_term_string}\"},\"query-input\":{\"@type\":\"PropertyValueSpecification\",\"valueRequired\":true,\"valueName\":\"search_term_string\"}}],\"inLanguage\":\"es\"},{\"@type\":\"Organization\",\"@id\":\"https:\\\/\\\/www.elisabetbach.com\\\/#organization\",\"name\":\"Elisabet Bach\",\"url\":\"https:\\\/\\\/www.elisabetbach.com\\\/\",\"logo\":{\"@type\":\"ImageObject\",\"inLanguage\":\"es\",\"@id\":\"https:\\\/\\\/www.elisabetbach.com\\\/#\\\/schema\\\/logo\\\/image\\\/\",\"url\":\"https:\\\/\\\/www.elisabetbach.com\\\/wp-content\\\/uploads\\\/2014\\\/03\\\/logo.png\",\"contentUrl\":\"https:\\\/\\\/www.elisabetbach.com\\\/wp-content\\\/uploads\\\/2014\\\/03\\\/logo.png\",\"width\":308,\"height\":49,\"caption\":\"Elisabet Bach\"},\"image\":{\"@id\":\"https:\\\/\\\/www.elisabetbach.com\\\/#\\\/schema\\\/logo\\\/image\\\/\"},\"sameAs\":[\"https:\\\/\\\/www.facebook.com\\\/elisabetbacholler\\\/\",\"https:\\\/\\\/x.com\\\/elisabet_bach\",\"https:\\\/\\\/www.linkedin.com\\\/in\\\/elisabetbachconsultant\\\/\",\"https:\\\/\\\/www.youtube.com\\\/channel\\\/UCaoleye0jmPoR0_FLWsGa8Q\"]},{\"@type\":\"Person\",\"@id\":\"https:\\\/\\\/www.elisabetbach.com\\\/#\\\/schema\\\/person\\\/685f9d1030414b49ce9a4362405597ba\",\"name\":\"Elisabet Bach\",\"image\":{\"@type\":\"ImageObject\",\"inLanguage\":\"es\",\"@id\":\"https:\\\/\\\/secure.gravatar.com\\\/avatar\\\/d13c76c09a17d190fa2cc3ea283c77f6157acedd712e72edb10e741afaba1cf3?s=96&d=mm&r=g\",\"url\":\"https:\\\/\\\/secure.gravatar.com\\\/avatar\\\/d13c76c09a17d190fa2cc3ea283c77f6157acedd712e72edb10e741afaba1cf3?s=96&d=mm&r=g\",\"contentUrl\":\"https:\\\/\\\/secure.gravatar.com\\\/avatar\\\/d13c76c09a17d190fa2cc3ea283c77f6157acedd712e72edb10e741afaba1cf3?s=96&d=mm&r=g\",\"caption\":\"Elisabet Bach\"},\"sameAs\":[\"http:\\\/\\\/www.elisabetbach.com\"],\"url\":\"https:\\\/\\\/www.elisabetbach.com\\\/es\\\/author\\\/ebach\\\/\"}]}<\/script>\n<!-- \/ Yoast SEO plugin. -->","yoast_head_json":{"title":"Si eres emprendedor: Piensa, reflexiona y l\u00e1nzate - Elisabet Bach","robots":{"index":"index","follow":"follow","max-snippet":"max-snippet:-1","max-image-preview":"max-image-preview:large","max-video-preview":"max-video-preview:-1"},"canonical":"https:\/\/www.elisabetbach.com\/es\/si-eres-emprendedor-piensa-reflexiona-y-lanzate-2\/","og_locale":"es_ES","og_type":"article","og_title":"Si eres emprendedor: Piensa, reflexiona y l\u00e1nzate - Elisabet Bach","og_description":"El pasado martes d\u00eda 9 de septiembre, en el marco de las jornadas Diamrts Emprenedor, en este caso organizada por la C\u00e1mara Oficial de Comercio, Industria [\u2026]","og_url":"https:\/\/www.elisabetbach.com\/es\/si-eres-emprendedor-piensa-reflexiona-y-lanzate-2\/","og_site_name":"Elisabet Bach","article_publisher":"https:\/\/www.facebook.com\/elisabetbacholler\/","article_published_time":"2014-10-08T06:56:22+00:00","article_modified_time":"2014-10-08T07:47:05+00:00","author":"Elisabet Bach","twitter_misc":{"Escrito por":"Elisabet Bach","Tiempo de lectura":"1 minuto"},"schema":{"@context":"https:\/\/schema.org","@graph":[{"@type":"Article","@id":"https:\/\/www.elisabetbach.com\/es\/si-eres-emprendedor-piensa-reflexiona-y-lanzate-2\/#article","isPartOf":{"@id":"https:\/\/www.elisabetbach.com\/es\/si-eres-emprendedor-piensa-reflexiona-y-lanzate-2\/"},"author":{"name":"Elisabet Bach","@id":"https:\/\/www.elisabetbach.com\/#\/schema\/person\/685f9d1030414b49ce9a4362405597ba"},"headline":"Si eres emprendedor: Piensa, reflexiona y l\u00e1nzate","datePublished":"2014-10-08T06:56:22+00:00","dateModified":"2014-10-08T07:47:05+00:00","mainEntityOfPage":{"@id":"https:\/\/www.elisabetbach.com\/es\/si-eres-emprendedor-piensa-reflexiona-y-lanzate-2\/"},"wordCount":111,"commentCount":0,"publisher":{"@id":"https:\/\/www.elisabetbach.com\/#organization"},"keywords":["Cambra Tarragona","Creaci\u00f3n de empresas","emprendedores","emprendedores Tarragona","emprendedor\u00eda Tarragona","formaci\u00f3n emprendedor\u00eda","Formaci\u00f3n emprendedur\u00eda","Universitat Rovira i Virgili","URV Empr\u00e8n"],"articleSection":["Conferencias","Creaci\u00f3n de empresas","Decisi\u00f3n de emprender","Emprendedores","Formaci\u00f3n","Idea de negocio"],"inLanguage":"es","potentialAction":[{"@type":"CommentAction","name":"Comment","target":["https:\/\/www.elisabetbach.com\/es\/si-eres-emprendedor-piensa-reflexiona-y-lanzate-2\/#respond"]}]},{"@type":"WebPage","@id":"https:\/\/www.elisabetbach.com\/es\/si-eres-emprendedor-piensa-reflexiona-y-lanzate-2\/","url":"https:\/\/www.elisabetbach.com\/es\/si-eres-emprendedor-piensa-reflexiona-y-lanzate-2\/","name":"Si eres emprendedor: Piensa, reflexiona y l\u00e1nzate - Elisabet Bach","isPartOf":{"@id":"https:\/\/www.elisabetbach.com\/#website"},"datePublished":"2014-10-08T06:56:22+00:00","dateModified":"2014-10-08T07:47:05+00:00","breadcrumb":{"@id":"https:\/\/www.elisabetbach.com\/es\/si-eres-emprendedor-piensa-reflexiona-y-lanzate-2\/#breadcrumb"},"inLanguage":"es","potentialAction":[{"@type":"ReadAction","target":["https:\/\/www.elisabetbach.com\/es\/si-eres-emprendedor-piensa-reflexiona-y-lanzate-2\/"]}]},{"@type":"BreadcrumbList","@id":"https:\/\/www.elisabetbach.com\/es\/si-eres-emprendedor-piensa-reflexiona-y-lanzate-2\/#breadcrumb","itemListElement":[{"@type":"ListItem","position":1,"name":"Inici","item":"https:\/\/www.elisabetbach.com\/es\/"},{"@type":"ListItem","position":2,"name":"Si eres emprendedor: Piensa, reflexiona y l\u00e1nzate"}]},{"@type":"WebSite","@id":"https:\/\/www.elisabetbach.com\/#website","url":"https:\/\/www.elisabetbach.com\/","name":"Elisabet Bach","description":"Consultora Econ\u00f3mica y Financiera","publisher":{"@id":"https:\/\/www.elisabetbach.com\/#organization"},"potentialAction":[{"@type":"SearchAction","target":{"@type":"EntryPoint","urlTemplate":"https:\/\/www.elisabetbach.com\/?s={search_term_string}"},"query-input":{"@type":"PropertyValueSpecification","valueRequired":true,"valueName":"search_term_string"}}],"inLanguage":"es"},{"@type":"Organization","@id":"https:\/\/www.elisabetbach.com\/#organization","name":"Elisabet Bach","url":"https:\/\/www.elisabetbach.com\/","logo":{"@type":"ImageObject","inLanguage":"es","@id":"https:\/\/www.elisabetbach.com\/#\/schema\/logo\/image\/","url":"https:\/\/www.elisabetbach.com\/wp-content\/uploads\/2014\/03\/logo.png","contentUrl":"https:\/\/www.elisabetbach.com\/wp-content\/uploads\/2014\/03\/logo.png","width":308,"height":49,"caption":"Elisabet Bach"},"image":{"@id":"https:\/\/www.elisabetbach.com\/#\/schema\/logo\/image\/"},"sameAs":["https:\/\/www.facebook.com\/elisabetbacholler\/","https:\/\/x.com\/elisabet_bach","https:\/\/www.linkedin.com\/in\/elisabetbachconsultant\/","https:\/\/www.youtube.com\/channel\/UCaoleye0jmPoR0_FLWsGa8Q"]},{"@type":"Person","@id":"https:\/\/www.elisabetbach.com\/#\/schema\/person\/685f9d1030414b49ce9a4362405597ba","name":"Elisabet Bach","image":{"@type":"ImageObject","inLanguage":"es","@id":"https:\/\/secure.gravatar.com\/avatar\/d13c76c09a17d190fa2cc3ea283c77f6157acedd712e72edb10e741afaba1cf3?s=96&d=mm&r=g","url":"https:\/\/secure.gravatar.com\/avatar\/d13c76c09a17d190fa2cc3ea283c77f6157acedd712e72edb10e741afaba1cf3?s=96&d=mm&r=g","contentUrl":"https:\/\/secure.gravatar.com\/avatar\/d13c76c09a17d190fa2cc3ea283c77f6157acedd712e72edb10e741afaba1cf3?s=96&d=mm&r=g","caption":"Elisabet Bach"},"sameAs":["http:\/\/www.elisabetbach.com"],"url":"https:\/\/www.elisabetbach.com\/es\/author\/ebach\/"}]}},"_links":{"self":[{"href":"https:\/\/www.elisabetbach.com\/es\/wp-json\/wp\/v2\/posts\/4559","targetHints":{"allow":["GET"]}}],"collection":[{"href":"https:\/\/www.elisabetbach.com\/es\/wp-json\/wp\/v2\/posts"}],"about":[{"href":"https:\/\/www.elisabetbach.com\/es\/wp-json\/wp\/v2\/types\/post"}],"author":[{"embeddable":true,"href":"https:\/\/www.elisabetbach.com\/es\/wp-json\/wp\/v2\/users\/3"}],"replies":[{"embeddable":true,"href":"https:\/\/www.elisabetbach.com\/es\/wp-json\/wp\/v2\/comments?post=4559"}],"version-history":[{"count":4,"href":"https:\/\/www.elisabetbach.com\/es\/wp-json\/wp\/v2\/posts\/4559\/revisions"}],"predecessor-version":[{"id":4573,"href":"https:\/\/www.elisabetbach.com\/es\/wp-json\/wp\/v2\/posts\/4559\/revisions\/4573"}],"wp:attachment":[{"href":"https:\/\/www.elisabetbach.com\/es\/wp-json\/wp\/v2\/media?parent=4559"}],"wp:term":[{"taxonomy":"category","embeddable":true,"href":"https:\/\/www.elisabetbach.com\/es\/wp-json\/wp\/v2\/categories?post=4559"},{"taxonomy":"post_tag","embeddable":true,"href":"https:\/\/www.elisabetbach.com\/es\/wp-json\/wp\/v2\/tags?post=4559"}],"curies":[{"name":"wp","href":"https:\/\/api.w.org\/{rel}","templated":true}]}}