{"id":4645,"date":"2015-03-05T16:37:05","date_gmt":"2015-03-05T16:37:05","guid":{"rendered":"http:\/\/www.elisabetbach.com\/?p=4645"},"modified":"2015-03-05T16:57:41","modified_gmt":"2015-03-05T16:57:41","slug":"autonomo-presentacion-del-programa-consolidat","status":"publish","type":"post","link":"https:\/\/www.elisabetbach.com\/es\/autonomo-presentacion-del-programa-consolidat\/","title":{"rendered":"Aut\u00f3nomo: presentaci\u00f3n del programa Consolida&#8217;t"},"content":{"rendered":"<p>El pr\u00f3ximo 16 de marzo participo en la presentaci\u00f3n del programa Consolida&#8217;t.<\/p>\n<p>Este programa , promovido por la Generalitat de Catalunya, se realiza en el marco de Catalunya Empr\u00e8n y apoya el trabajo aut\u00f3nomo. Est\u00e1 dirigido a las personas aut\u00f3nomas que quieren fortalecer, consolidar o reinventar su negocio.<\/p>\n<p>Por mi parte, colaboro como consultora con el Col\u00b7legi d&#8217; Economistes de Catalunya, una de las entitades participantes del Programa.<\/p>\n<p>Os esperamos!<\/p>\n<p><a title=\"Presentaci\u00f3n de Consolida't: asesoramiento al aut\u00f3nomo\" href=\"http:\/\/empresaiocupacio.gencat.cat\/ca\/treb_ambits_actuacio\/emo_empresa\/treb_treball_autonom\/emo_consolidacio_ta\/emo_canals_interns\/formulari\" target=\"_blank\">Inscripci\u00f3n<\/a> a la Presentaci\u00f3n<\/p>\n<div id=\"attachment_4636\" style=\"width: 880px\" class=\"wp-caption aligncenter\"><a href=\"http:\/\/www.elisabetbach.com\/wp-content\/uploads\/2015\/03\/Consolidat.png\"><img loading=\"lazy\" decoding=\"async\" aria-describedby=\"caption-attachment-4636\" class=\"size-full wp-image-4636\" src=\"http:\/\/www.elisabetbach.com\/wp-content\/uploads\/2015\/03\/Consolidat.png\" alt=\"Soporte y consolidaci\u00f3n del trabajo aut\u00f3nomo\" width=\"870\" height=\"643\" srcset=\"https:\/\/www.elisabetbach.com\/wp-content\/uploads\/2015\/03\/Consolidat.png 870w, https:\/\/www.elisabetbach.com\/wp-content\/uploads\/2015\/03\/Consolidat-300x222.png 300w\" sizes=\"auto, (max-width:767px) 480px, (max-width:870px) 100vw, 870px\" \/><\/a><p id=\"caption-attachment-4636\" class=\"wp-caption-text\">Presentaci\u00f3 programa Consolida&#8217;t<\/p><\/div>\n<p>&nbsp;<\/p>\n","protected":false},"excerpt":{"rendered":"<p>El pr\u00f3ximo 16 de marzo participo en la presentaci\u00f3n del programa Consolida&#8217;t. Este programa , promovido por la Generalitat de Catalunya, se realiza en el marco<span class=\"excerpt-hellip\"> [\u2026]<\/span><\/p>\n","protected":false},"author":3,"featured_media":0,"comment_status":"open","ping_status":"open","sticky":false,"template":"","format":"standard","meta":{"footnotes":""},"categories":[149,101,133,104,105,98,140],"tags":[150,126],"class_list":["post-4645","post","type-post","status-publish","format-standard","hentry","category-autonomos","category-conferencias","category-financiacion-formacion","category-financiacion","category-formacion","category-general-es","category-modelos-de-negocio","tag-autonomo","tag-colegio-de-economistas-de-cataluna"],"yoast_head":"<!-- This site is optimized with the Yoast SEO plugin v27.4 - https:\/\/yoast.com\/product\/yoast-seo-wordpress\/ -->\n<title>Aut\u00f3nomo: programa Consolida&#039;t - Elisabet Bach<\/title>\n<meta name=\"description\" content=\"Asesoramiento para la consolidaci\u00f3n del trabajo aut\u00f3nomo\" \/>\n<meta name=\"robots\" content=\"index, follow, max-snippet:-1, max-image-preview:large, max-video-preview:-1\" \/>\n<link rel=\"canonical\" href=\"https:\/\/www.elisabetbach.com\/es\/autonomo-presentacion-del-programa-consolidat\/\" \/>\n<meta property=\"og:locale\" content=\"es_ES\" \/>\n<meta property=\"og:type\" content=\"article\" \/>\n<meta property=\"og:title\" content=\"Aut\u00f3nomo: programa Consolida&#039;t - Elisabet Bach\" \/>\n<meta property=\"og:description\" content=\"Asesoramiento para la consolidaci\u00f3n del trabajo aut\u00f3nomo\" \/>\n<meta property=\"og:url\" content=\"https:\/\/www.elisabetbach.com\/es\/autonomo-presentacion-del-programa-consolidat\/\" \/>\n<meta property=\"og:site_name\" content=\"Elisabet Bach\" \/>\n<meta property=\"article:publisher\" content=\"https:\/\/www.facebook.com\/elisabetbacholler\/\" \/>\n<meta property=\"article:published_time\" content=\"2015-03-05T16:37:05+00:00\" \/>\n<meta property=\"article:modified_time\" content=\"2015-03-05T16:57:41+00:00\" \/>\n<meta property=\"og:image\" content=\"http:\/\/www.elisabetbach.com\/wp-content\/uploads\/2015\/03\/Consolidat.png\" \/>\n<meta name=\"author\" content=\"Elisabet Bach\" \/>\n<meta name=\"twitter:label1\" content=\"Escrito por\" \/>\n\t<meta name=\"twitter:data1\" content=\"Elisabet Bach\" \/>\n<script type=\"application\/ld+json\" class=\"yoast-schema-graph\">{\"@context\":\"https:\\\/\\\/schema.org\",\"@graph\":[{\"@type\":\"Article\",\"@id\":\"https:\\\/\\\/www.elisabetbach.com\\\/es\\\/autonomo-presentacion-del-programa-consolidat\\\/#article\",\"isPartOf\":{\"@id\":\"https:\\\/\\\/www.elisabetbach.com\\\/es\\\/autonomo-presentacion-del-programa-consolidat\\\/\"},\"author\":{\"name\":\"Elisabet Bach\",\"@id\":\"https:\\\/\\\/www.elisabetbach.com\\\/#\\\/schema\\\/person\\\/685f9d1030414b49ce9a4362405597ba\"},\"headline\":\"Aut\u00f3nomo: presentaci\u00f3n del programa Consolida&#8217;t\",\"datePublished\":\"2015-03-05T16:37:05+00:00\",\"dateModified\":\"2015-03-05T16:57:41+00:00\",\"mainEntityOfPage\":{\"@id\":\"https:\\\/\\\/www.elisabetbach.com\\\/es\\\/autonomo-presentacion-del-programa-consolidat\\\/\"},\"wordCount\":101,\"commentCount\":0,\"publisher\":{\"@id\":\"https:\\\/\\\/www.elisabetbach.com\\\/#organization\"},\"image\":{\"@id\":\"https:\\\/\\\/www.elisabetbach.com\\\/es\\\/autonomo-presentacion-del-programa-consolidat\\\/#primaryimage\"},\"thumbnailUrl\":\"http:\\\/\\\/www.elisabetbach.com\\\/wp-content\\\/uploads\\\/2015\\\/03\\\/Consolidat.png\",\"keywords\":[\"aut\u00f3nomo\",\"Colegio de Economistas de Catalu\u00f1a\"],\"articleSection\":[\"Aut\u00f3nomos\",\"Conferencias\",\"Financiaci\u00f3n\",\"Financiaci\u00f3n\",\"Formaci\u00f3n\",\"General @es\",\"Modelos de negocio\"],\"inLanguage\":\"es\",\"potentialAction\":[{\"@type\":\"CommentAction\",\"name\":\"Comment\",\"target\":[\"https:\\\/\\\/www.elisabetbach.com\\\/es\\\/autonomo-presentacion-del-programa-consolidat\\\/#respond\"]}]},{\"@type\":\"WebPage\",\"@id\":\"https:\\\/\\\/www.elisabetbach.com\\\/es\\\/autonomo-presentacion-del-programa-consolidat\\\/\",\"url\":\"https:\\\/\\\/www.elisabetbach.com\\\/es\\\/autonomo-presentacion-del-programa-consolidat\\\/\",\"name\":\"Aut\u00f3nomo: programa Consolida't - Elisabet Bach\",\"isPartOf\":{\"@id\":\"https:\\\/\\\/www.elisabetbach.com\\\/#website\"},\"primaryImageOfPage\":{\"@id\":\"https:\\\/\\\/www.elisabetbach.com\\\/es\\\/autonomo-presentacion-del-programa-consolidat\\\/#primaryimage\"},\"image\":{\"@id\":\"https:\\\/\\\/www.elisabetbach.com\\\/es\\\/autonomo-presentacion-del-programa-consolidat\\\/#primaryimage\"},\"thumbnailUrl\":\"http:\\\/\\\/www.elisabetbach.com\\\/wp-content\\\/uploads\\\/2015\\\/03\\\/Consolidat.png\",\"datePublished\":\"2015-03-05T16:37:05+00:00\",\"dateModified\":\"2015-03-05T16:57:41+00:00\",\"description\":\"Asesoramiento para la consolidaci\u00f3n del trabajo aut\u00f3nomo\",\"breadcrumb\":{\"@id\":\"https:\\\/\\\/www.elisabetbach.com\\\/es\\\/autonomo-presentacion-del-programa-consolidat\\\/#breadcrumb\"},\"inLanguage\":\"es\",\"potentialAction\":[{\"@type\":\"ReadAction\",\"target\":[\"https:\\\/\\\/www.elisabetbach.com\\\/es\\\/autonomo-presentacion-del-programa-consolidat\\\/\"]}]},{\"@type\":\"ImageObject\",\"inLanguage\":\"es\",\"@id\":\"https:\\\/\\\/www.elisabetbach.com\\\/es\\\/autonomo-presentacion-del-programa-consolidat\\\/#primaryimage\",\"url\":\"http:\\\/\\\/www.elisabetbach.com\\\/wp-content\\\/uploads\\\/2015\\\/03\\\/Consolidat.png\",\"contentUrl\":\"http:\\\/\\\/www.elisabetbach.com\\\/wp-content\\\/uploads\\\/2015\\\/03\\\/Consolidat.png\"},{\"@type\":\"BreadcrumbList\",\"@id\":\"https:\\\/\\\/www.elisabetbach.com\\\/es\\\/autonomo-presentacion-del-programa-consolidat\\\/#breadcrumb\",\"itemListElement\":[{\"@type\":\"ListItem\",\"position\":1,\"name\":\"Inici\",\"item\":\"https:\\\/\\\/www.elisabetbach.com\\\/es\\\/\"},{\"@type\":\"ListItem\",\"position\":2,\"name\":\"Aut\u00f3nomo: presentaci\u00f3n del programa Consolida&#8217;t\"}]},{\"@type\":\"WebSite\",\"@id\":\"https:\\\/\\\/www.elisabetbach.com\\\/#website\",\"url\":\"https:\\\/\\\/www.elisabetbach.com\\\/\",\"name\":\"Elisabet Bach\",\"description\":\"Consultora Econ\u00f3mica y Financiera\",\"publisher\":{\"@id\":\"https:\\\/\\\/www.elisabetbach.com\\\/#organization\"},\"potentialAction\":[{\"@type\":\"SearchAction\",\"target\":{\"@type\":\"EntryPoint\",\"urlTemplate\":\"https:\\\/\\\/www.elisabetbach.com\\\/?s={search_term_string}\"},\"query-input\":{\"@type\":\"PropertyValueSpecification\",\"valueRequired\":true,\"valueName\":\"search_term_string\"}}],\"inLanguage\":\"es\"},{\"@type\":\"Organization\",\"@id\":\"https:\\\/\\\/www.elisabetbach.com\\\/#organization\",\"name\":\"Elisabet Bach\",\"url\":\"https:\\\/\\\/www.elisabetbach.com\\\/\",\"logo\":{\"@type\":\"ImageObject\",\"inLanguage\":\"es\",\"@id\":\"https:\\\/\\\/www.elisabetbach.com\\\/#\\\/schema\\\/logo\\\/image\\\/\",\"url\":\"https:\\\/\\\/www.elisabetbach.com\\\/wp-content\\\/uploads\\\/2014\\\/03\\\/logo.png\",\"contentUrl\":\"https:\\\/\\\/www.elisabetbach.com\\\/wp-content\\\/uploads\\\/2014\\\/03\\\/logo.png\",\"width\":308,\"height\":49,\"caption\":\"Elisabet Bach\"},\"image\":{\"@id\":\"https:\\\/\\\/www.elisabetbach.com\\\/#\\\/schema\\\/logo\\\/image\\\/\"},\"sameAs\":[\"https:\\\/\\\/www.facebook.com\\\/elisabetbacholler\\\/\",\"https:\\\/\\\/x.com\\\/elisabet_bach\",\"https:\\\/\\\/www.linkedin.com\\\/in\\\/elisabetbachconsultant\\\/\",\"https:\\\/\\\/www.youtube.com\\\/channel\\\/UCaoleye0jmPoR0_FLWsGa8Q\"]},{\"@type\":\"Person\",\"@id\":\"https:\\\/\\\/www.elisabetbach.com\\\/#\\\/schema\\\/person\\\/685f9d1030414b49ce9a4362405597ba\",\"name\":\"Elisabet Bach\",\"image\":{\"@type\":\"ImageObject\",\"inLanguage\":\"es\",\"@id\":\"https:\\\/\\\/secure.gravatar.com\\\/avatar\\\/d13c76c09a17d190fa2cc3ea283c77f6157acedd712e72edb10e741afaba1cf3?s=96&d=mm&r=g\",\"url\":\"https:\\\/\\\/secure.gravatar.com\\\/avatar\\\/d13c76c09a17d190fa2cc3ea283c77f6157acedd712e72edb10e741afaba1cf3?s=96&d=mm&r=g\",\"contentUrl\":\"https:\\\/\\\/secure.gravatar.com\\\/avatar\\\/d13c76c09a17d190fa2cc3ea283c77f6157acedd712e72edb10e741afaba1cf3?s=96&d=mm&r=g\",\"caption\":\"Elisabet Bach\"},\"sameAs\":[\"http:\\\/\\\/www.elisabetbach.com\"],\"url\":\"https:\\\/\\\/www.elisabetbach.com\\\/es\\\/author\\\/ebach\\\/\"}]}<\/script>\n<!-- \/ Yoast SEO plugin. -->","yoast_head_json":{"title":"Aut\u00f3nomo: programa Consolida't - Elisabet Bach","description":"Asesoramiento para la consolidaci\u00f3n del trabajo aut\u00f3nomo","robots":{"index":"index","follow":"follow","max-snippet":"max-snippet:-1","max-image-preview":"max-image-preview:large","max-video-preview":"max-video-preview:-1"},"canonical":"https:\/\/www.elisabetbach.com\/es\/autonomo-presentacion-del-programa-consolidat\/","og_locale":"es_ES","og_type":"article","og_title":"Aut\u00f3nomo: programa Consolida't - Elisabet Bach","og_description":"Asesoramiento para la consolidaci\u00f3n del trabajo aut\u00f3nomo","og_url":"https:\/\/www.elisabetbach.com\/es\/autonomo-presentacion-del-programa-consolidat\/","og_site_name":"Elisabet Bach","article_publisher":"https:\/\/www.facebook.com\/elisabetbacholler\/","article_published_time":"2015-03-05T16:37:05+00:00","article_modified_time":"2015-03-05T16:57:41+00:00","og_image":[{"url":"http:\/\/www.elisabetbach.com\/wp-content\/uploads\/2015\/03\/Consolidat.png","type":"","width":"","height":""}],"author":"Elisabet Bach","twitter_misc":{"Escrito por":"Elisabet Bach"},"schema":{"@context":"https:\/\/schema.org","@graph":[{"@type":"Article","@id":"https:\/\/www.elisabetbach.com\/es\/autonomo-presentacion-del-programa-consolidat\/#article","isPartOf":{"@id":"https:\/\/www.elisabetbach.com\/es\/autonomo-presentacion-del-programa-consolidat\/"},"author":{"name":"Elisabet Bach","@id":"https:\/\/www.elisabetbach.com\/#\/schema\/person\/685f9d1030414b49ce9a4362405597ba"},"headline":"Aut\u00f3nomo: presentaci\u00f3n del programa Consolida&#8217;t","datePublished":"2015-03-05T16:37:05+00:00","dateModified":"2015-03-05T16:57:41+00:00","mainEntityOfPage":{"@id":"https:\/\/www.elisabetbach.com\/es\/autonomo-presentacion-del-programa-consolidat\/"},"wordCount":101,"commentCount":0,"publisher":{"@id":"https:\/\/www.elisabetbach.com\/#organization"},"image":{"@id":"https:\/\/www.elisabetbach.com\/es\/autonomo-presentacion-del-programa-consolidat\/#primaryimage"},"thumbnailUrl":"http:\/\/www.elisabetbach.com\/wp-content\/uploads\/2015\/03\/Consolidat.png","keywords":["aut\u00f3nomo","Colegio de Economistas de Catalu\u00f1a"],"articleSection":["Aut\u00f3nomos","Conferencias","Financiaci\u00f3n","Financiaci\u00f3n","Formaci\u00f3n","General @es","Modelos de negocio"],"inLanguage":"es","potentialAction":[{"@type":"CommentAction","name":"Comment","target":["https:\/\/www.elisabetbach.com\/es\/autonomo-presentacion-del-programa-consolidat\/#respond"]}]},{"@type":"WebPage","@id":"https:\/\/www.elisabetbach.com\/es\/autonomo-presentacion-del-programa-consolidat\/","url":"https:\/\/www.elisabetbach.com\/es\/autonomo-presentacion-del-programa-consolidat\/","name":"Aut\u00f3nomo: programa Consolida't - Elisabet Bach","isPartOf":{"@id":"https:\/\/www.elisabetbach.com\/#website"},"primaryImageOfPage":{"@id":"https:\/\/www.elisabetbach.com\/es\/autonomo-presentacion-del-programa-consolidat\/#primaryimage"},"image":{"@id":"https:\/\/www.elisabetbach.com\/es\/autonomo-presentacion-del-programa-consolidat\/#primaryimage"},"thumbnailUrl":"http:\/\/www.elisabetbach.com\/wp-content\/uploads\/2015\/03\/Consolidat.png","datePublished":"2015-03-05T16:37:05+00:00","dateModified":"2015-03-05T16:57:41+00:00","description":"Asesoramiento para la consolidaci\u00f3n del trabajo aut\u00f3nomo","breadcrumb":{"@id":"https:\/\/www.elisabetbach.com\/es\/autonomo-presentacion-del-programa-consolidat\/#breadcrumb"},"inLanguage":"es","potentialAction":[{"@type":"ReadAction","target":["https:\/\/www.elisabetbach.com\/es\/autonomo-presentacion-del-programa-consolidat\/"]}]},{"@type":"ImageObject","inLanguage":"es","@id":"https:\/\/www.elisabetbach.com\/es\/autonomo-presentacion-del-programa-consolidat\/#primaryimage","url":"http:\/\/www.elisabetbach.com\/wp-content\/uploads\/2015\/03\/Consolidat.png","contentUrl":"http:\/\/www.elisabetbach.com\/wp-content\/uploads\/2015\/03\/Consolidat.png"},{"@type":"BreadcrumbList","@id":"https:\/\/www.elisabetbach.com\/es\/autonomo-presentacion-del-programa-consolidat\/#breadcrumb","itemListElement":[{"@type":"ListItem","position":1,"name":"Inici","item":"https:\/\/www.elisabetbach.com\/es\/"},{"@type":"ListItem","position":2,"name":"Aut\u00f3nomo: presentaci\u00f3n del programa Consolida&#8217;t"}]},{"@type":"WebSite","@id":"https:\/\/www.elisabetbach.com\/#website","url":"https:\/\/www.elisabetbach.com\/","name":"Elisabet Bach","description":"Consultora Econ\u00f3mica y Financiera","publisher":{"@id":"https:\/\/www.elisabetbach.com\/#organization"},"potentialAction":[{"@type":"SearchAction","target":{"@type":"EntryPoint","urlTemplate":"https:\/\/www.elisabetbach.com\/?s={search_term_string}"},"query-input":{"@type":"PropertyValueSpecification","valueRequired":true,"valueName":"search_term_string"}}],"inLanguage":"es"},{"@type":"Organization","@id":"https:\/\/www.elisabetbach.com\/#organization","name":"Elisabet Bach","url":"https:\/\/www.elisabetbach.com\/","logo":{"@type":"ImageObject","inLanguage":"es","@id":"https:\/\/www.elisabetbach.com\/#\/schema\/logo\/image\/","url":"https:\/\/www.elisabetbach.com\/wp-content\/uploads\/2014\/03\/logo.png","contentUrl":"https:\/\/www.elisabetbach.com\/wp-content\/uploads\/2014\/03\/logo.png","width":308,"height":49,"caption":"Elisabet Bach"},"image":{"@id":"https:\/\/www.elisabetbach.com\/#\/schema\/logo\/image\/"},"sameAs":["https:\/\/www.facebook.com\/elisabetbacholler\/","https:\/\/x.com\/elisabet_bach","https:\/\/www.linkedin.com\/in\/elisabetbachconsultant\/","https:\/\/www.youtube.com\/channel\/UCaoleye0jmPoR0_FLWsGa8Q"]},{"@type":"Person","@id":"https:\/\/www.elisabetbach.com\/#\/schema\/person\/685f9d1030414b49ce9a4362405597ba","name":"Elisabet Bach","image":{"@type":"ImageObject","inLanguage":"es","@id":"https:\/\/secure.gravatar.com\/avatar\/d13c76c09a17d190fa2cc3ea283c77f6157acedd712e72edb10e741afaba1cf3?s=96&d=mm&r=g","url":"https:\/\/secure.gravatar.com\/avatar\/d13c76c09a17d190fa2cc3ea283c77f6157acedd712e72edb10e741afaba1cf3?s=96&d=mm&r=g","contentUrl":"https:\/\/secure.gravatar.com\/avatar\/d13c76c09a17d190fa2cc3ea283c77f6157acedd712e72edb10e741afaba1cf3?s=96&d=mm&r=g","caption":"Elisabet Bach"},"sameAs":["http:\/\/www.elisabetbach.com"],"url":"https:\/\/www.elisabetbach.com\/es\/author\/ebach\/"}]}},"_links":{"self":[{"href":"https:\/\/www.elisabetbach.com\/es\/wp-json\/wp\/v2\/posts\/4645","targetHints":{"allow":["GET"]}}],"collection":[{"href":"https:\/\/www.elisabetbach.com\/es\/wp-json\/wp\/v2\/posts"}],"about":[{"href":"https:\/\/www.elisabetbach.com\/es\/wp-json\/wp\/v2\/types\/post"}],"author":[{"embeddable":true,"href":"https:\/\/www.elisabetbach.com\/es\/wp-json\/wp\/v2\/users\/3"}],"replies":[{"embeddable":true,"href":"https:\/\/www.elisabetbach.com\/es\/wp-json\/wp\/v2\/comments?post=4645"}],"version-history":[{"count":5,"href":"https:\/\/www.elisabetbach.com\/es\/wp-json\/wp\/v2\/posts\/4645\/revisions"}],"predecessor-version":[{"id":4653,"href":"https:\/\/www.elisabetbach.com\/es\/wp-json\/wp\/v2\/posts\/4645\/revisions\/4653"}],"wp:attachment":[{"href":"https:\/\/www.elisabetbach.com\/es\/wp-json\/wp\/v2\/media?parent=4645"}],"wp:term":[{"taxonomy":"category","embeddable":true,"href":"https:\/\/www.elisabetbach.com\/es\/wp-json\/wp\/v2\/categories?post=4645"},{"taxonomy":"post_tag","embeddable":true,"href":"https:\/\/www.elisabetbach.com\/es\/wp-json\/wp\/v2\/tags?post=4645"}],"curies":[{"name":"wp","href":"https:\/\/api.w.org\/{rel}","templated":true}]}}