{"id":4720,"date":"2015-03-28T11:09:13","date_gmt":"2015-03-28T11:09:13","guid":{"rendered":"http:\/\/www.elisabetbach.com\/?p=4720"},"modified":"2017-11-11T18:56:44","modified_gmt":"2017-11-11T18:56:44","slug":"para-que-los-numeros-del-plan-de-empresa-si-nunca-se-cumplen","status":"publish","type":"post","link":"https:\/\/www.elisabetbach.com\/es\/para-que-los-numeros-del-plan-de-empresa-si-nunca-se-cumplen\/","title":{"rendered":"\u00bfPara qu\u00e9 los n\u00fameros del plan de empresa, \u00a1si nunca se cumplen!?"},"content":{"rendered":"<div id=\"attachment_5158\" style=\"width: 310px\" class=\"wp-caption alignleft\"><a href=\"http:\/\/www.elisabetbach.com\/per-a-que-els-numeros-del-pla-dempresa-si-no-es-compleixen-mai\/ebach-els-numeros-del-pla-empresa\/\" rel=\"attachment wp-att-5158\"><img loading=\"lazy\" decoding=\"async\" aria-describedby=\"caption-attachment-5158\" class=\"wp-image-5158 size-medium\" src=\"http:\/\/www.elisabetbach.com\/wp-content\/uploads\/2015\/03\/EBach-Els-numeros-del-pla-empresa-300x200.jpg\" alt=\"La planificaci\u00f3n econ\u00f3mica resume el plan de empresa y confirma su viabilidad\" width=\"300\" height=\"200\" srcset=\"https:\/\/www.elisabetbach.com\/wp-content\/uploads\/2015\/03\/EBach-Els-numeros-del-pla-empresa-300x200.jpg 300w, https:\/\/www.elisabetbach.com\/wp-content\/uploads\/2015\/03\/EBach-Els-numeros-del-pla-empresa.jpg 400w\" sizes=\"auto, (max-width:767px) 300px, 300px\" \/><\/a><p id=\"caption-attachment-5158\" class=\"wp-caption-text\">FOTO: @joanavulart<\/p><\/div>\n<p><strong>Hace tiempo que tenemos la idea de montar un negocio<\/strong>. Lo hemos pensado muy bien: qu\u00e9 queremos vender, d\u00f3nde, c\u00f3mo, &#8230; Finalmente nos decidimos y empezamos a mirar c\u00f3mo lo tenemos que hacer: \u00bfforma jur\u00eddica ?, \u00bfc\u00f3mo me doy de alta? \u00bfHay ayudas? Miramos algunas webs, visitamos diferentes centros y la respuesta es un\u00e1nime: \u00ab<strong>mejor que primero hagas el plan de empresa\u00bb. \u00bfEh? &#8211; Pensamos.<\/strong><\/p>\n<p>Nos facilitan un documento en el que tenemos que explicar qui\u00e9nes somos, todo lo que queremos hacer y c\u00f3mo lo queremos hacer. <strong>Uf! No es f\u00e1cil, pero m\u00e1s o menos, rellenamos los diferentes apartados.<\/strong> Y al final <strong>llegamos al \u00abPlan econ\u00f3mico financiero\u00bb<\/strong>: inversiones previstas, <strong>&#8211; \u00a1esto es f\u00e1cil! &#8211;<\/strong> Ingresos previstos, <strong>&#8211; \u00a1comienza la sensaci\u00f3n de mareo! &#8211;<\/strong> Gastos, <strong>&#8211; \u00a1ay, ay, ay! &#8211;<\/strong> Tesorer\u00eda, <strong>&#8211; \u00bfy \u00e9sto qu\u00e9 es? &#8211;<\/strong> Y, por si no fuera suficiente, \u00a1a cinco a\u00f1os vista! <strong>&#8211; \u00a1\u00a1Y yo qu\u00e9 s\u00e9 !!<\/strong><\/p>\n<p>Muchos emprendedores comienzan el plan de empresa, algunos lo acaban y s\u00f3lo unos pocos lo utilizan como gu\u00eda durante las primeras etapas del negocio.<\/p>\n<p>Y es que el plan de empresa nos ayuda de doble manera: a pensar y a prevenir. Y, en concreto <strong>los n\u00fameros del plan de empresa, es decir el plan econ\u00f3mico financiero, son la herramienta que lo resume todo.<\/strong><\/p>\n<p><strong>Primera funci\u00f3n: ayudar a pensar, es decir, a organizar las ideas<\/strong><\/p>\n<p>Normalmente, <strong>cuando planificamos inicialmente, hacemos la carta a los Reyes Magos.<\/strong> Lo que necesitamos para poner en marcha la empresa, el material, el sueldo que sacaremos, el alquiler, &#8230; Todos estos elementos definen unos ingresos necesarios para que el proyecto sea viable y, en la mayor\u00eda de casos, una necesidad de financiaci\u00f3n. Muchas veces, estos ingresos no son factibles a corto plazo o bien no obtenemos toda la financiaci\u00f3n, circunstancias que hacen replantear el proyecto, priorizar y marcar etapas. En definitiva, <strong>nos coloca los pies en el suelo<\/strong>.<\/p>\n<p><strong>Segunda funci\u00f3n: prevenci\u00f3n<\/strong><\/p>\n<p>Es cierto que <strong>las previsiones no se cumplen &#8230; \u00a1Al 100%!<\/strong> Una parte s\u00ed se cumplir\u00e1n. Quiz\u00e1s variar\u00e1n algunos gastos que ten\u00edamos previstas, o bien las ventas no crecer\u00e1n al ritmo esperado, o alg\u00fan cliente no nos pagar\u00e1 en el plazo pactado, &#8230; S\u00ed, todas estas circunstancias har\u00e1n que no se cumplan los n\u00fameros que hab\u00edamos previsto, <strong>pero seremos conscientes de estas variaciones, podremos anticipar las consecuencias que tendr\u00e1n en el conjunto del negocio y aplicar medidas correctoras con tiempo suficiente<\/strong>.<\/p>\n<p>El <strong>plan de empresa <\/strong>no nos da la certeza, pero s\u00ed m\u00e1ximos y m\u00ednimos de referencia, prioridades, alternativas &#8230; Es decir <strong>disminuye la incertidumbre<\/strong> y <strong>acota el riesgo de nuestro proyecto<\/strong>. En definitiva, podemos decir que <strong>nos da capacidad de reacci\u00f3n.<\/strong><\/p>\n<p>&nbsp;<\/p>\n<p>&nbsp;<\/p>\n","protected":false},"excerpt":{"rendered":"<p>Hace tiempo que tenemos la idea de montar un negocio. Lo hemos pensado muy bien: qu\u00e9 queremos vender, d\u00f3nde, c\u00f3mo, &#8230; Finalmente nos decidimos y empezamos<span class=\"excerpt-hellip\"> [\u2026]<\/span><\/p>\n","protected":false},"author":3,"featured_media":0,"comment_status":"open","ping_status":"open","sticky":false,"template":"","format":"standard","meta":{"footnotes":""},"categories":[102,103,104,155],"tags":[153,150,108,136,157,158,131],"class_list":["post-4720","post","type-post","status-publish","format-standard","hentry","category-creacion-de-empresas","category-emprendedores","category-financiacion","category-pyme","tag-analisis-economico-financiero","tag-autonomo","tag-emprendedores","tag-financiacion-2","tag-modelos-de-negocio","tag-plan-de-empresa","tag-pyme"],"yoast_head":"<!-- This site is optimized with the Yoast SEO plugin v27.4 - https:\/\/yoast.com\/product\/yoast-seo-wordpress\/ -->\n<title>\u00bfPara qu\u00e9 los n\u00fameros del plan de empresa, \u00a1si nunca se cumplen!? - Elisabet Bach<\/title>\n<meta name=\"description\" content=\"El plan econ\u00f3mico financiero, elemento crucial del plan de empresa para disminuir el riesgo del proyecto y darnos capacidad de reacci\u00f3n.\" \/>\n<meta name=\"robots\" content=\"index, follow, max-snippet:-1, max-image-preview:large, max-video-preview:-1\" \/>\n<link rel=\"canonical\" href=\"https:\/\/www.elisabetbach.com\/es\/para-que-los-numeros-del-plan-de-empresa-si-nunca-se-cumplen\/\" \/>\n<meta property=\"og:locale\" content=\"es_ES\" \/>\n<meta property=\"og:type\" content=\"article\" \/>\n<meta property=\"og:title\" content=\"\u00bfPara qu\u00e9 los n\u00fameros del plan de empresa, \u00a1si nunca se cumplen!? - Elisabet Bach\" \/>\n<meta property=\"og:description\" content=\"El plan econ\u00f3mico financiero, elemento crucial del plan de empresa para disminuir el riesgo del proyecto y darnos capacidad de reacci\u00f3n.\" \/>\n<meta property=\"og:url\" content=\"https:\/\/www.elisabetbach.com\/es\/para-que-los-numeros-del-plan-de-empresa-si-nunca-se-cumplen\/\" \/>\n<meta property=\"og:site_name\" content=\"Elisabet Bach\" \/>\n<meta property=\"article:publisher\" content=\"https:\/\/www.facebook.com\/elisabetbacholler\/\" \/>\n<meta property=\"article:published_time\" content=\"2015-03-28T11:09:13+00:00\" \/>\n<meta property=\"article:modified_time\" content=\"2017-11-11T18:56:44+00:00\" \/>\n<meta property=\"og:image\" content=\"http:\/\/www.elisabetbach.com\/wp-content\/uploads\/2015\/03\/EBach-Els-numeros-del-pla-empresa-300x200.jpg\" \/>\n<meta name=\"author\" content=\"Elisabet Bach\" \/>\n<meta name=\"twitter:label1\" content=\"Escrito por\" \/>\n\t<meta name=\"twitter:data1\" content=\"Elisabet Bach\" \/>\n\t<meta name=\"twitter:label2\" content=\"Tiempo de lectura\" \/>\n\t<meta name=\"twitter:data2\" content=\"2 minutos\" \/>\n<script type=\"application\/ld+json\" class=\"yoast-schema-graph\">{\"@context\":\"https:\\\/\\\/schema.org\",\"@graph\":[{\"@type\":\"Article\",\"@id\":\"https:\\\/\\\/www.elisabetbach.com\\\/es\\\/para-que-los-numeros-del-plan-de-empresa-si-nunca-se-cumplen\\\/#article\",\"isPartOf\":{\"@id\":\"https:\\\/\\\/www.elisabetbach.com\\\/es\\\/para-que-los-numeros-del-plan-de-empresa-si-nunca-se-cumplen\\\/\"},\"author\":{\"name\":\"Elisabet Bach\",\"@id\":\"https:\\\/\\\/www.elisabetbach.com\\\/#\\\/schema\\\/person\\\/685f9d1030414b49ce9a4362405597ba\"},\"headline\":\"\u00bfPara qu\u00e9 los n\u00fameros del plan de empresa, \u00a1si nunca se cumplen!?\",\"datePublished\":\"2015-03-28T11:09:13+00:00\",\"dateModified\":\"2017-11-11T18:56:44+00:00\",\"mainEntityOfPage\":{\"@id\":\"https:\\\/\\\/www.elisabetbach.com\\\/es\\\/para-que-los-numeros-del-plan-de-empresa-si-nunca-se-cumplen\\\/\"},\"wordCount\":493,\"commentCount\":2,\"publisher\":{\"@id\":\"https:\\\/\\\/www.elisabetbach.com\\\/#organization\"},\"image\":{\"@id\":\"https:\\\/\\\/www.elisabetbach.com\\\/es\\\/para-que-los-numeros-del-plan-de-empresa-si-nunca-se-cumplen\\\/#primaryimage\"},\"thumbnailUrl\":\"http:\\\/\\\/www.elisabetbach.com\\\/wp-content\\\/uploads\\\/2015\\\/03\\\/EBach-Els-numeros-del-pla-empresa-300x200.jpg\",\"keywords\":[\"an\u00e1lisis econ\u00f3mico-financiero\",\"aut\u00f3nomo\",\"emprendedores\",\"financiaci\u00f3n\",\"modelos de negocio\",\"plan de empresa\",\"PYME\"],\"articleSection\":[\"Creaci\u00f3n de empresas\",\"Emprendedores\",\"Financiaci\u00f3n\",\"PYME\"],\"inLanguage\":\"es\",\"potentialAction\":[{\"@type\":\"CommentAction\",\"name\":\"Comment\",\"target\":[\"https:\\\/\\\/www.elisabetbach.com\\\/es\\\/para-que-los-numeros-del-plan-de-empresa-si-nunca-se-cumplen\\\/#respond\"]}]},{\"@type\":\"WebPage\",\"@id\":\"https:\\\/\\\/www.elisabetbach.com\\\/es\\\/para-que-los-numeros-del-plan-de-empresa-si-nunca-se-cumplen\\\/\",\"url\":\"https:\\\/\\\/www.elisabetbach.com\\\/es\\\/para-que-los-numeros-del-plan-de-empresa-si-nunca-se-cumplen\\\/\",\"name\":\"\u00bfPara qu\u00e9 los n\u00fameros del plan de empresa, \u00a1si nunca se cumplen!? - Elisabet Bach\",\"isPartOf\":{\"@id\":\"https:\\\/\\\/www.elisabetbach.com\\\/#website\"},\"primaryImageOfPage\":{\"@id\":\"https:\\\/\\\/www.elisabetbach.com\\\/es\\\/para-que-los-numeros-del-plan-de-empresa-si-nunca-se-cumplen\\\/#primaryimage\"},\"image\":{\"@id\":\"https:\\\/\\\/www.elisabetbach.com\\\/es\\\/para-que-los-numeros-del-plan-de-empresa-si-nunca-se-cumplen\\\/#primaryimage\"},\"thumbnailUrl\":\"http:\\\/\\\/www.elisabetbach.com\\\/wp-content\\\/uploads\\\/2015\\\/03\\\/EBach-Els-numeros-del-pla-empresa-300x200.jpg\",\"datePublished\":\"2015-03-28T11:09:13+00:00\",\"dateModified\":\"2017-11-11T18:56:44+00:00\",\"description\":\"El plan econ\u00f3mico financiero, elemento crucial del plan de empresa para disminuir el riesgo del proyecto y darnos capacidad de reacci\u00f3n.\",\"breadcrumb\":{\"@id\":\"https:\\\/\\\/www.elisabetbach.com\\\/es\\\/para-que-los-numeros-del-plan-de-empresa-si-nunca-se-cumplen\\\/#breadcrumb\"},\"inLanguage\":\"es\",\"potentialAction\":[{\"@type\":\"ReadAction\",\"target\":[\"https:\\\/\\\/www.elisabetbach.com\\\/es\\\/para-que-los-numeros-del-plan-de-empresa-si-nunca-se-cumplen\\\/\"]}]},{\"@type\":\"ImageObject\",\"inLanguage\":\"es\",\"@id\":\"https:\\\/\\\/www.elisabetbach.com\\\/es\\\/para-que-los-numeros-del-plan-de-empresa-si-nunca-se-cumplen\\\/#primaryimage\",\"url\":\"http:\\\/\\\/www.elisabetbach.com\\\/wp-content\\\/uploads\\\/2015\\\/03\\\/EBach-Els-numeros-del-pla-empresa-300x200.jpg\",\"contentUrl\":\"http:\\\/\\\/www.elisabetbach.com\\\/wp-content\\\/uploads\\\/2015\\\/03\\\/EBach-Els-numeros-del-pla-empresa-300x200.jpg\"},{\"@type\":\"BreadcrumbList\",\"@id\":\"https:\\\/\\\/www.elisabetbach.com\\\/es\\\/para-que-los-numeros-del-plan-de-empresa-si-nunca-se-cumplen\\\/#breadcrumb\",\"itemListElement\":[{\"@type\":\"ListItem\",\"position\":1,\"name\":\"Inici\",\"item\":\"https:\\\/\\\/www.elisabetbach.com\\\/es\\\/\"},{\"@type\":\"ListItem\",\"position\":2,\"name\":\"\u00bfPara qu\u00e9 los n\u00fameros del plan de empresa, \u00a1si nunca se cumplen!?\"}]},{\"@type\":\"WebSite\",\"@id\":\"https:\\\/\\\/www.elisabetbach.com\\\/#website\",\"url\":\"https:\\\/\\\/www.elisabetbach.com\\\/\",\"name\":\"Elisabet Bach\",\"description\":\"Consultora Econ\u00f3mica y Financiera\",\"publisher\":{\"@id\":\"https:\\\/\\\/www.elisabetbach.com\\\/#organization\"},\"potentialAction\":[{\"@type\":\"SearchAction\",\"target\":{\"@type\":\"EntryPoint\",\"urlTemplate\":\"https:\\\/\\\/www.elisabetbach.com\\\/?s={search_term_string}\"},\"query-input\":{\"@type\":\"PropertyValueSpecification\",\"valueRequired\":true,\"valueName\":\"search_term_string\"}}],\"inLanguage\":\"es\"},{\"@type\":\"Organization\",\"@id\":\"https:\\\/\\\/www.elisabetbach.com\\\/#organization\",\"name\":\"Elisabet Bach\",\"url\":\"https:\\\/\\\/www.elisabetbach.com\\\/\",\"logo\":{\"@type\":\"ImageObject\",\"inLanguage\":\"es\",\"@id\":\"https:\\\/\\\/www.elisabetbach.com\\\/#\\\/schema\\\/logo\\\/image\\\/\",\"url\":\"https:\\\/\\\/www.elisabetbach.com\\\/wp-content\\\/uploads\\\/2014\\\/03\\\/logo.png\",\"contentUrl\":\"https:\\\/\\\/www.elisabetbach.com\\\/wp-content\\\/uploads\\\/2014\\\/03\\\/logo.png\",\"width\":308,\"height\":49,\"caption\":\"Elisabet Bach\"},\"image\":{\"@id\":\"https:\\\/\\\/www.elisabetbach.com\\\/#\\\/schema\\\/logo\\\/image\\\/\"},\"sameAs\":[\"https:\\\/\\\/www.facebook.com\\\/elisabetbacholler\\\/\",\"https:\\\/\\\/x.com\\\/elisabet_bach\",\"https:\\\/\\\/www.linkedin.com\\\/in\\\/elisabetbachconsultant\\\/\",\"https:\\\/\\\/www.youtube.com\\\/channel\\\/UCaoleye0jmPoR0_FLWsGa8Q\"]},{\"@type\":\"Person\",\"@id\":\"https:\\\/\\\/www.elisabetbach.com\\\/#\\\/schema\\\/person\\\/685f9d1030414b49ce9a4362405597ba\",\"name\":\"Elisabet Bach\",\"image\":{\"@type\":\"ImageObject\",\"inLanguage\":\"es\",\"@id\":\"https:\\\/\\\/secure.gravatar.com\\\/avatar\\\/d13c76c09a17d190fa2cc3ea283c77f6157acedd712e72edb10e741afaba1cf3?s=96&d=mm&r=g\",\"url\":\"https:\\\/\\\/secure.gravatar.com\\\/avatar\\\/d13c76c09a17d190fa2cc3ea283c77f6157acedd712e72edb10e741afaba1cf3?s=96&d=mm&r=g\",\"contentUrl\":\"https:\\\/\\\/secure.gravatar.com\\\/avatar\\\/d13c76c09a17d190fa2cc3ea283c77f6157acedd712e72edb10e741afaba1cf3?s=96&d=mm&r=g\",\"caption\":\"Elisabet Bach\"},\"sameAs\":[\"http:\\\/\\\/www.elisabetbach.com\"],\"url\":\"https:\\\/\\\/www.elisabetbach.com\\\/es\\\/author\\\/ebach\\\/\"}]}<\/script>\n<!-- \/ Yoast SEO plugin. -->","yoast_head_json":{"title":"\u00bfPara qu\u00e9 los n\u00fameros del plan de empresa, \u00a1si nunca se cumplen!? - Elisabet Bach","description":"El plan econ\u00f3mico financiero, elemento crucial del plan de empresa para disminuir el riesgo del proyecto y darnos capacidad de reacci\u00f3n.","robots":{"index":"index","follow":"follow","max-snippet":"max-snippet:-1","max-image-preview":"max-image-preview:large","max-video-preview":"max-video-preview:-1"},"canonical":"https:\/\/www.elisabetbach.com\/es\/para-que-los-numeros-del-plan-de-empresa-si-nunca-se-cumplen\/","og_locale":"es_ES","og_type":"article","og_title":"\u00bfPara qu\u00e9 los n\u00fameros del plan de empresa, \u00a1si nunca se cumplen!? - Elisabet Bach","og_description":"El plan econ\u00f3mico financiero, elemento crucial del plan de empresa para disminuir el riesgo del proyecto y darnos capacidad de reacci\u00f3n.","og_url":"https:\/\/www.elisabetbach.com\/es\/para-que-los-numeros-del-plan-de-empresa-si-nunca-se-cumplen\/","og_site_name":"Elisabet Bach","article_publisher":"https:\/\/www.facebook.com\/elisabetbacholler\/","article_published_time":"2015-03-28T11:09:13+00:00","article_modified_time":"2017-11-11T18:56:44+00:00","og_image":[{"url":"http:\/\/www.elisabetbach.com\/wp-content\/uploads\/2015\/03\/EBach-Els-numeros-del-pla-empresa-300x200.jpg","type":"","width":"","height":""}],"author":"Elisabet Bach","twitter_misc":{"Escrito por":"Elisabet Bach","Tiempo de lectura":"2 minutos"},"schema":{"@context":"https:\/\/schema.org","@graph":[{"@type":"Article","@id":"https:\/\/www.elisabetbach.com\/es\/para-que-los-numeros-del-plan-de-empresa-si-nunca-se-cumplen\/#article","isPartOf":{"@id":"https:\/\/www.elisabetbach.com\/es\/para-que-los-numeros-del-plan-de-empresa-si-nunca-se-cumplen\/"},"author":{"name":"Elisabet Bach","@id":"https:\/\/www.elisabetbach.com\/#\/schema\/person\/685f9d1030414b49ce9a4362405597ba"},"headline":"\u00bfPara qu\u00e9 los n\u00fameros del plan de empresa, \u00a1si nunca se cumplen!?","datePublished":"2015-03-28T11:09:13+00:00","dateModified":"2017-11-11T18:56:44+00:00","mainEntityOfPage":{"@id":"https:\/\/www.elisabetbach.com\/es\/para-que-los-numeros-del-plan-de-empresa-si-nunca-se-cumplen\/"},"wordCount":493,"commentCount":2,"publisher":{"@id":"https:\/\/www.elisabetbach.com\/#organization"},"image":{"@id":"https:\/\/www.elisabetbach.com\/es\/para-que-los-numeros-del-plan-de-empresa-si-nunca-se-cumplen\/#primaryimage"},"thumbnailUrl":"http:\/\/www.elisabetbach.com\/wp-content\/uploads\/2015\/03\/EBach-Els-numeros-del-pla-empresa-300x200.jpg","keywords":["an\u00e1lisis econ\u00f3mico-financiero","aut\u00f3nomo","emprendedores","financiaci\u00f3n","modelos de negocio","plan de empresa","PYME"],"articleSection":["Creaci\u00f3n de empresas","Emprendedores","Financiaci\u00f3n","PYME"],"inLanguage":"es","potentialAction":[{"@type":"CommentAction","name":"Comment","target":["https:\/\/www.elisabetbach.com\/es\/para-que-los-numeros-del-plan-de-empresa-si-nunca-se-cumplen\/#respond"]}]},{"@type":"WebPage","@id":"https:\/\/www.elisabetbach.com\/es\/para-que-los-numeros-del-plan-de-empresa-si-nunca-se-cumplen\/","url":"https:\/\/www.elisabetbach.com\/es\/para-que-los-numeros-del-plan-de-empresa-si-nunca-se-cumplen\/","name":"\u00bfPara qu\u00e9 los n\u00fameros del plan de empresa, \u00a1si nunca se cumplen!? - Elisabet Bach","isPartOf":{"@id":"https:\/\/www.elisabetbach.com\/#website"},"primaryImageOfPage":{"@id":"https:\/\/www.elisabetbach.com\/es\/para-que-los-numeros-del-plan-de-empresa-si-nunca-se-cumplen\/#primaryimage"},"image":{"@id":"https:\/\/www.elisabetbach.com\/es\/para-que-los-numeros-del-plan-de-empresa-si-nunca-se-cumplen\/#primaryimage"},"thumbnailUrl":"http:\/\/www.elisabetbach.com\/wp-content\/uploads\/2015\/03\/EBach-Els-numeros-del-pla-empresa-300x200.jpg","datePublished":"2015-03-28T11:09:13+00:00","dateModified":"2017-11-11T18:56:44+00:00","description":"El plan econ\u00f3mico financiero, elemento crucial del plan de empresa para disminuir el riesgo del proyecto y darnos capacidad de reacci\u00f3n.","breadcrumb":{"@id":"https:\/\/www.elisabetbach.com\/es\/para-que-los-numeros-del-plan-de-empresa-si-nunca-se-cumplen\/#breadcrumb"},"inLanguage":"es","potentialAction":[{"@type":"ReadAction","target":["https:\/\/www.elisabetbach.com\/es\/para-que-los-numeros-del-plan-de-empresa-si-nunca-se-cumplen\/"]}]},{"@type":"ImageObject","inLanguage":"es","@id":"https:\/\/www.elisabetbach.com\/es\/para-que-los-numeros-del-plan-de-empresa-si-nunca-se-cumplen\/#primaryimage","url":"http:\/\/www.elisabetbach.com\/wp-content\/uploads\/2015\/03\/EBach-Els-numeros-del-pla-empresa-300x200.jpg","contentUrl":"http:\/\/www.elisabetbach.com\/wp-content\/uploads\/2015\/03\/EBach-Els-numeros-del-pla-empresa-300x200.jpg"},{"@type":"BreadcrumbList","@id":"https:\/\/www.elisabetbach.com\/es\/para-que-los-numeros-del-plan-de-empresa-si-nunca-se-cumplen\/#breadcrumb","itemListElement":[{"@type":"ListItem","position":1,"name":"Inici","item":"https:\/\/www.elisabetbach.com\/es\/"},{"@type":"ListItem","position":2,"name":"\u00bfPara qu\u00e9 los n\u00fameros del plan de empresa, \u00a1si nunca se cumplen!?"}]},{"@type":"WebSite","@id":"https:\/\/www.elisabetbach.com\/#website","url":"https:\/\/www.elisabetbach.com\/","name":"Elisabet Bach","description":"Consultora Econ\u00f3mica y Financiera","publisher":{"@id":"https:\/\/www.elisabetbach.com\/#organization"},"potentialAction":[{"@type":"SearchAction","target":{"@type":"EntryPoint","urlTemplate":"https:\/\/www.elisabetbach.com\/?s={search_term_string}"},"query-input":{"@type":"PropertyValueSpecification","valueRequired":true,"valueName":"search_term_string"}}],"inLanguage":"es"},{"@type":"Organization","@id":"https:\/\/www.elisabetbach.com\/#organization","name":"Elisabet Bach","url":"https:\/\/www.elisabetbach.com\/","logo":{"@type":"ImageObject","inLanguage":"es","@id":"https:\/\/www.elisabetbach.com\/#\/schema\/logo\/image\/","url":"https:\/\/www.elisabetbach.com\/wp-content\/uploads\/2014\/03\/logo.png","contentUrl":"https:\/\/www.elisabetbach.com\/wp-content\/uploads\/2014\/03\/logo.png","width":308,"height":49,"caption":"Elisabet Bach"},"image":{"@id":"https:\/\/www.elisabetbach.com\/#\/schema\/logo\/image\/"},"sameAs":["https:\/\/www.facebook.com\/elisabetbacholler\/","https:\/\/x.com\/elisabet_bach","https:\/\/www.linkedin.com\/in\/elisabetbachconsultant\/","https:\/\/www.youtube.com\/channel\/UCaoleye0jmPoR0_FLWsGa8Q"]},{"@type":"Person","@id":"https:\/\/www.elisabetbach.com\/#\/schema\/person\/685f9d1030414b49ce9a4362405597ba","name":"Elisabet Bach","image":{"@type":"ImageObject","inLanguage":"es","@id":"https:\/\/secure.gravatar.com\/avatar\/d13c76c09a17d190fa2cc3ea283c77f6157acedd712e72edb10e741afaba1cf3?s=96&d=mm&r=g","url":"https:\/\/secure.gravatar.com\/avatar\/d13c76c09a17d190fa2cc3ea283c77f6157acedd712e72edb10e741afaba1cf3?s=96&d=mm&r=g","contentUrl":"https:\/\/secure.gravatar.com\/avatar\/d13c76c09a17d190fa2cc3ea283c77f6157acedd712e72edb10e741afaba1cf3?s=96&d=mm&r=g","caption":"Elisabet Bach"},"sameAs":["http:\/\/www.elisabetbach.com"],"url":"https:\/\/www.elisabetbach.com\/es\/author\/ebach\/"}]}},"_links":{"self":[{"href":"https:\/\/www.elisabetbach.com\/es\/wp-json\/wp\/v2\/posts\/4720","targetHints":{"allow":["GET"]}}],"collection":[{"href":"https:\/\/www.elisabetbach.com\/es\/wp-json\/wp\/v2\/posts"}],"about":[{"href":"https:\/\/www.elisabetbach.com\/es\/wp-json\/wp\/v2\/types\/post"}],"author":[{"embeddable":true,"href":"https:\/\/www.elisabetbach.com\/es\/wp-json\/wp\/v2\/users\/3"}],"replies":[{"embeddable":true,"href":"https:\/\/www.elisabetbach.com\/es\/wp-json\/wp\/v2\/comments?post=4720"}],"version-history":[{"count":5,"href":"https:\/\/www.elisabetbach.com\/es\/wp-json\/wp\/v2\/posts\/4720\/revisions"}],"predecessor-version":[{"id":5162,"href":"https:\/\/www.elisabetbach.com\/es\/wp-json\/wp\/v2\/posts\/4720\/revisions\/5162"}],"wp:attachment":[{"href":"https:\/\/www.elisabetbach.com\/es\/wp-json\/wp\/v2\/media?parent=4720"}],"wp:term":[{"taxonomy":"category","embeddable":true,"href":"https:\/\/www.elisabetbach.com\/es\/wp-json\/wp\/v2\/categories?post=4720"},{"taxonomy":"post_tag","embeddable":true,"href":"https:\/\/www.elisabetbach.com\/es\/wp-json\/wp\/v2\/tags?post=4720"}],"curies":[{"name":"wp","href":"https:\/\/api.w.org\/{rel}","templated":true}]}}