{"id":5117,"date":"2017-10-25T09:20:44","date_gmt":"2017-10-25T09:20:44","guid":{"rendered":"http:\/\/www.elisabetbach.com\/?p=5117\/"},"modified":"2018-05-02T20:55:36","modified_gmt":"2018-05-02T20:55:36","slug":"empresario-solo-queria-desarrollar-mi-actividad-profesional","status":"publish","type":"post","link":"https:\/\/www.elisabetbach.com\/es\/empresario-solo-queria-desarrollar-mi-actividad-profesional\/","title":{"rendered":"\u00bfEmpresario? \u00a1S\u00f3lo quer\u00eda desarrollar mi actividad profesional!"},"content":{"rendered":"<div id=\"attachment_5111\" style=\"width: 310px\" class=\"wp-caption alignleft\"><a href=\"http:\/\/www.elisabetbach.com\/empresari-nomes-volia-desenvolupar-meva-activitat-professional\/ebach-professional-empresari-accidental\/\" rel=\"attachment wp-att-5111\"><img loading=\"lazy\" decoding=\"async\" aria-describedby=\"caption-attachment-5111\" class=\"wp-image-5111 size-medium\" src=\"http:\/\/www.elisabetbach.com\/wp-content\/uploads\/2017\/10\/EBach-professional-empresari-accidental-300x200.jpg\" alt=\"De profesional a empresario\" width=\"300\" height=\"200\" srcset=\"https:\/\/www.elisabetbach.com\/wp-content\/uploads\/2017\/10\/EBach-professional-empresari-accidental-300x200.jpg 300w, https:\/\/www.elisabetbach.com\/wp-content\/uploads\/2017\/10\/EBach-professional-empresari-accidental-768x512.jpg 768w, https:\/\/www.elisabetbach.com\/wp-content\/uploads\/2017\/10\/EBach-professional-empresari-accidental.jpg 1024w\" sizes=\"auto, (max-width:767px) 300px, 300px\" \/><\/a><p id=\"caption-attachment-5111\" class=\"wp-caption-text\">FOTO: @cristina_mainou<\/p><\/div>\n<p>Un profesional monta un negocio: lo hace para ejercer su profesi\u00f3n pero no es consciente de que tambi\u00e9n tendr\u00e1 que gestionar la empresa para que \u00e9sta funcione.<br \/>\nDe hecho, la mayor\u00eda de profesionales con los que colaboro no ten\u00edan la intenci\u00f3n de montar ning\u00fan negocio. Y sino, mirad estos ejemplos:<\/p>\n<p>Marta es psic\u00f3loga y tiene un centro de psicopedagog\u00eda; trabajan, aparte de ella, 4 personas m\u00e1s.<\/p>\n<p>Roger es carpintero. Hace trabajos de carpinter\u00eda para particulares y empresas de la construcci\u00f3n. Tambi\u00e9n trabaja para compa\u00f1\u00edas de teatro, ya que debido a su formaci\u00f3n y experiencia se le dan muy bien los trabajos complejos y art\u00edsticos.<\/p>\n<p>\u00bfSab\u00e9is qu\u00e9 tienen en com\u00fan Marta y Roger? Pues que quer\u00edan trabajar de su profesi\u00f3n pero no quer\u00edan ni tener ni jefe ni ser mandados. Para ello, han montado su propio negocio.<\/p>\n<p>Cuando pides a las personas que est\u00e1n al frente de microempresas porqu\u00e9 crearon su empresa, hay muy pocos que te respondan que vieron una oportunidad de negocio. La mayor\u00eda te contestan que lo hicieron por motivaciones personales, y la forma de dar respuesta a estas motivaciones era con la creaci\u00f3n de una empresa.<\/p>\n<p>Por eso los llamo <strong>empresarios accidentales<\/strong>, porque la figura de empresario les ha venido sobrevenida, a\u00f1adida al desarrollo de su actividad profesional, que es lo que inicialmente quer\u00edan hacer.<\/p>\n<p>No es f\u00e1cil ser empresario accidental porque, de entrada uno no es consciente de todo lo que conlleva. Y lo afrontan a medida que se presenta, en base a prueba y error, en base a \u00e9xitos y a fracasos. Pero aun as\u00ed los negocios avanzan y crecen.<\/p>\n<p>Cuando uno tiene un negocio, hay que tomar conciencia de este <strong>doble papel que tiene su emprendedor<\/strong>: <strong>desarrollar la profesi\u00f3n<\/strong> y <strong>gestionar la empresa<\/strong> son dos caras de la misma moneda. Hay que incorporar la doble actividad en el d\u00eda a d\u00eda de la empresa. Nada de dejarlo para el s\u00e1bado o bien para cuando tenga un rato. Es necesario que la gesti\u00f3n, entendida en sentido amplio -b\u00fasqueda de clientes, comunicaci\u00f3n, seguimiento econ\u00f3mico, &#8230;- se integre en el d\u00eda a d\u00eda del negocio, que le encontramos <strong>un tiempo de dedicaci\u00f3n<\/strong> y, sobre todo, <strong>un sistema de trabajo<\/strong>. Nada de accidental. Debe ser <strong>regular <\/strong>pero tambi\u00e9n<strong> asumible <\/strong>y<strong> adecuado a la dimensi\u00f3n del negocio<\/strong>. As\u00ed, tanto la empresa como el emprendedor ganar\u00e1n<strong> solidez y calidad de vida <\/strong>respectivamente.<\/p>\n","protected":false},"excerpt":{"rendered":"<p>Un profesional monta un negocio: lo hace para ejercer su profesi\u00f3n pero no es consciente de que tambi\u00e9n tendr\u00e1 que gestionar la empresa para que \u00e9sta<span class=\"excerpt-hellip\"> [\u2026]<\/span><\/p>\n","protected":false},"author":3,"featured_media":0,"comment_status":"open","ping_status":"open","sticky":false,"template":"","format":"standard","meta":{"footnotes":""},"categories":[206,102,103,207],"tags":[210],"class_list":["post-5117","post","type-post","status-publish","format-standard","hentry","category-autonoms-es","category-creacion-de-empresas","category-emprendedores","category-pime-es","tag-microempresa-es"],"yoast_head":"<!-- This site is optimized with the Yoast SEO plugin v27.4 - https:\/\/yoast.com\/product\/yoast-seo-wordpress\/ -->\n<title>\u00bfEmpresario? \u00a1S\u00f3lo quer\u00eda desarrollar mi actividad profesional! - Elisabet Bach<\/title>\n<meta name=\"description\" content=\"Un profesional monta un negocio: lo hace para ejercer su profesi\u00f3n pero no es consciente de que tambi\u00e9n tendr\u00e1 que gestionar la empresa para que funcione.\" \/>\n<meta name=\"robots\" content=\"index, follow, max-snippet:-1, max-image-preview:large, max-video-preview:-1\" \/>\n<link rel=\"canonical\" href=\"https:\/\/www.elisabetbach.com\/es\/empresario-solo-queria-desarrollar-mi-actividad-profesional\/\" \/>\n<meta property=\"og:locale\" content=\"es_ES\" \/>\n<meta property=\"og:type\" content=\"article\" \/>\n<meta property=\"og:title\" content=\"\u00bfEmpresario? \u00a1S\u00f3lo quer\u00eda desarrollar mi actividad profesional! - Elisabet Bach\" \/>\n<meta property=\"og:description\" content=\"Un profesional monta un negocio: lo hace para ejercer su profesi\u00f3n pero no es consciente de que tambi\u00e9n tendr\u00e1 que gestionar la empresa para que funcione.\" \/>\n<meta property=\"og:url\" content=\"https:\/\/www.elisabetbach.com\/es\/empresario-solo-queria-desarrollar-mi-actividad-profesional\/\" \/>\n<meta property=\"og:site_name\" content=\"Elisabet Bach\" \/>\n<meta property=\"article:publisher\" content=\"https:\/\/www.facebook.com\/elisabetbacholler\/\" \/>\n<meta property=\"article:published_time\" content=\"2017-10-25T09:20:44+00:00\" \/>\n<meta property=\"article:modified_time\" content=\"2018-05-02T20:55:36+00:00\" \/>\n<meta property=\"og:image\" content=\"http:\/\/www.elisabetbach.com\/wp-content\/uploads\/2017\/10\/EBach-professional-empresari-accidental-300x200.jpg\" \/>\n<meta name=\"author\" content=\"Elisabet Bach\" \/>\n<meta name=\"twitter:label1\" content=\"Escrito por\" \/>\n\t<meta name=\"twitter:data1\" content=\"Elisabet Bach\" \/>\n\t<meta name=\"twitter:label2\" content=\"Tiempo de lectura\" \/>\n\t<meta name=\"twitter:data2\" content=\"2 minutos\" \/>\n<script type=\"application\/ld+json\" class=\"yoast-schema-graph\">{\"@context\":\"https:\\\/\\\/schema.org\",\"@graph\":[{\"@type\":\"Article\",\"@id\":\"https:\\\/\\\/www.elisabetbach.com\\\/es\\\/empresario-solo-queria-desarrollar-mi-actividad-profesional\\\/#article\",\"isPartOf\":{\"@id\":\"https:\\\/\\\/www.elisabetbach.com\\\/es\\\/empresario-solo-queria-desarrollar-mi-actividad-profesional\\\/\"},\"author\":{\"name\":\"Elisabet Bach\",\"@id\":\"https:\\\/\\\/www.elisabetbach.com\\\/#\\\/schema\\\/person\\\/685f9d1030414b49ce9a4362405597ba\"},\"headline\":\"\u00bfEmpresario? \u00a1S\u00f3lo quer\u00eda desarrollar mi actividad profesional!\",\"datePublished\":\"2017-10-25T09:20:44+00:00\",\"dateModified\":\"2018-05-02T20:55:36+00:00\",\"mainEntityOfPage\":{\"@id\":\"https:\\\/\\\/www.elisabetbach.com\\\/es\\\/empresario-solo-queria-desarrollar-mi-actividad-profesional\\\/\"},\"wordCount\":450,\"commentCount\":2,\"publisher\":{\"@id\":\"https:\\\/\\\/www.elisabetbach.com\\\/#organization\"},\"image\":{\"@id\":\"https:\\\/\\\/www.elisabetbach.com\\\/es\\\/empresario-solo-queria-desarrollar-mi-actividad-profesional\\\/#primaryimage\"},\"thumbnailUrl\":\"http:\\\/\\\/www.elisabetbach.com\\\/wp-content\\\/uploads\\\/2017\\\/10\\\/EBach-professional-empresari-accidental-300x200.jpg\",\"keywords\":[\"microempresa\"],\"articleSection\":[\"Aut\u00f2noms\",\"Creaci\u00f3n de empresas\",\"Emprendedores\",\"PIME\"],\"inLanguage\":\"es\",\"potentialAction\":[{\"@type\":\"CommentAction\",\"name\":\"Comment\",\"target\":[\"https:\\\/\\\/www.elisabetbach.com\\\/es\\\/empresario-solo-queria-desarrollar-mi-actividad-profesional\\\/#respond\"]}]},{\"@type\":\"WebPage\",\"@id\":\"https:\\\/\\\/www.elisabetbach.com\\\/es\\\/empresario-solo-queria-desarrollar-mi-actividad-profesional\\\/\",\"url\":\"https:\\\/\\\/www.elisabetbach.com\\\/es\\\/empresario-solo-queria-desarrollar-mi-actividad-profesional\\\/\",\"name\":\"\u00bfEmpresario? \u00a1S\u00f3lo quer\u00eda desarrollar mi actividad profesional! - Elisabet Bach\",\"isPartOf\":{\"@id\":\"https:\\\/\\\/www.elisabetbach.com\\\/#website\"},\"primaryImageOfPage\":{\"@id\":\"https:\\\/\\\/www.elisabetbach.com\\\/es\\\/empresario-solo-queria-desarrollar-mi-actividad-profesional\\\/#primaryimage\"},\"image\":{\"@id\":\"https:\\\/\\\/www.elisabetbach.com\\\/es\\\/empresario-solo-queria-desarrollar-mi-actividad-profesional\\\/#primaryimage\"},\"thumbnailUrl\":\"http:\\\/\\\/www.elisabetbach.com\\\/wp-content\\\/uploads\\\/2017\\\/10\\\/EBach-professional-empresari-accidental-300x200.jpg\",\"datePublished\":\"2017-10-25T09:20:44+00:00\",\"dateModified\":\"2018-05-02T20:55:36+00:00\",\"description\":\"Un profesional monta un negocio: lo hace para ejercer su profesi\u00f3n pero no es consciente de que tambi\u00e9n tendr\u00e1 que gestionar la empresa para que funcione.\",\"breadcrumb\":{\"@id\":\"https:\\\/\\\/www.elisabetbach.com\\\/es\\\/empresario-solo-queria-desarrollar-mi-actividad-profesional\\\/#breadcrumb\"},\"inLanguage\":\"es\",\"potentialAction\":[{\"@type\":\"ReadAction\",\"target\":[\"https:\\\/\\\/www.elisabetbach.com\\\/es\\\/empresario-solo-queria-desarrollar-mi-actividad-profesional\\\/\"]}]},{\"@type\":\"ImageObject\",\"inLanguage\":\"es\",\"@id\":\"https:\\\/\\\/www.elisabetbach.com\\\/es\\\/empresario-solo-queria-desarrollar-mi-actividad-profesional\\\/#primaryimage\",\"url\":\"http:\\\/\\\/www.elisabetbach.com\\\/wp-content\\\/uploads\\\/2017\\\/10\\\/EBach-professional-empresari-accidental-300x200.jpg\",\"contentUrl\":\"http:\\\/\\\/www.elisabetbach.com\\\/wp-content\\\/uploads\\\/2017\\\/10\\\/EBach-professional-empresari-accidental-300x200.jpg\"},{\"@type\":\"BreadcrumbList\",\"@id\":\"https:\\\/\\\/www.elisabetbach.com\\\/es\\\/empresario-solo-queria-desarrollar-mi-actividad-profesional\\\/#breadcrumb\",\"itemListElement\":[{\"@type\":\"ListItem\",\"position\":1,\"name\":\"Inici\",\"item\":\"https:\\\/\\\/www.elisabetbach.com\\\/es\\\/\"},{\"@type\":\"ListItem\",\"position\":2,\"name\":\"\u00bfEmpresario? \u00a1S\u00f3lo quer\u00eda desarrollar mi actividad profesional!\"}]},{\"@type\":\"WebSite\",\"@id\":\"https:\\\/\\\/www.elisabetbach.com\\\/#website\",\"url\":\"https:\\\/\\\/www.elisabetbach.com\\\/\",\"name\":\"Elisabet Bach\",\"description\":\"Consultora Econ\u00f3mica y Financiera\",\"publisher\":{\"@id\":\"https:\\\/\\\/www.elisabetbach.com\\\/#organization\"},\"potentialAction\":[{\"@type\":\"SearchAction\",\"target\":{\"@type\":\"EntryPoint\",\"urlTemplate\":\"https:\\\/\\\/www.elisabetbach.com\\\/?s={search_term_string}\"},\"query-input\":{\"@type\":\"PropertyValueSpecification\",\"valueRequired\":true,\"valueName\":\"search_term_string\"}}],\"inLanguage\":\"es\"},{\"@type\":\"Organization\",\"@id\":\"https:\\\/\\\/www.elisabetbach.com\\\/#organization\",\"name\":\"Elisabet Bach\",\"url\":\"https:\\\/\\\/www.elisabetbach.com\\\/\",\"logo\":{\"@type\":\"ImageObject\",\"inLanguage\":\"es\",\"@id\":\"https:\\\/\\\/www.elisabetbach.com\\\/#\\\/schema\\\/logo\\\/image\\\/\",\"url\":\"https:\\\/\\\/www.elisabetbach.com\\\/wp-content\\\/uploads\\\/2014\\\/03\\\/logo.png\",\"contentUrl\":\"https:\\\/\\\/www.elisabetbach.com\\\/wp-content\\\/uploads\\\/2014\\\/03\\\/logo.png\",\"width\":308,\"height\":49,\"caption\":\"Elisabet Bach\"},\"image\":{\"@id\":\"https:\\\/\\\/www.elisabetbach.com\\\/#\\\/schema\\\/logo\\\/image\\\/\"},\"sameAs\":[\"https:\\\/\\\/www.facebook.com\\\/elisabetbacholler\\\/\",\"https:\\\/\\\/x.com\\\/elisabet_bach\",\"https:\\\/\\\/www.linkedin.com\\\/in\\\/elisabetbachconsultant\\\/\",\"https:\\\/\\\/www.youtube.com\\\/channel\\\/UCaoleye0jmPoR0_FLWsGa8Q\"]},{\"@type\":\"Person\",\"@id\":\"https:\\\/\\\/www.elisabetbach.com\\\/#\\\/schema\\\/person\\\/685f9d1030414b49ce9a4362405597ba\",\"name\":\"Elisabet Bach\",\"image\":{\"@type\":\"ImageObject\",\"inLanguage\":\"es\",\"@id\":\"https:\\\/\\\/secure.gravatar.com\\\/avatar\\\/d13c76c09a17d190fa2cc3ea283c77f6157acedd712e72edb10e741afaba1cf3?s=96&d=mm&r=g\",\"url\":\"https:\\\/\\\/secure.gravatar.com\\\/avatar\\\/d13c76c09a17d190fa2cc3ea283c77f6157acedd712e72edb10e741afaba1cf3?s=96&d=mm&r=g\",\"contentUrl\":\"https:\\\/\\\/secure.gravatar.com\\\/avatar\\\/d13c76c09a17d190fa2cc3ea283c77f6157acedd712e72edb10e741afaba1cf3?s=96&d=mm&r=g\",\"caption\":\"Elisabet Bach\"},\"sameAs\":[\"http:\\\/\\\/www.elisabetbach.com\"],\"url\":\"https:\\\/\\\/www.elisabetbach.com\\\/es\\\/author\\\/ebach\\\/\"}]}<\/script>\n<!-- \/ Yoast SEO plugin. -->","yoast_head_json":{"title":"\u00bfEmpresario? \u00a1S\u00f3lo quer\u00eda desarrollar mi actividad profesional! - Elisabet Bach","description":"Un profesional monta un negocio: lo hace para ejercer su profesi\u00f3n pero no es consciente de que tambi\u00e9n tendr\u00e1 que gestionar la empresa para que funcione.","robots":{"index":"index","follow":"follow","max-snippet":"max-snippet:-1","max-image-preview":"max-image-preview:large","max-video-preview":"max-video-preview:-1"},"canonical":"https:\/\/www.elisabetbach.com\/es\/empresario-solo-queria-desarrollar-mi-actividad-profesional\/","og_locale":"es_ES","og_type":"article","og_title":"\u00bfEmpresario? \u00a1S\u00f3lo quer\u00eda desarrollar mi actividad profesional! - Elisabet Bach","og_description":"Un profesional monta un negocio: lo hace para ejercer su profesi\u00f3n pero no es consciente de que tambi\u00e9n tendr\u00e1 que gestionar la empresa para que funcione.","og_url":"https:\/\/www.elisabetbach.com\/es\/empresario-solo-queria-desarrollar-mi-actividad-profesional\/","og_site_name":"Elisabet Bach","article_publisher":"https:\/\/www.facebook.com\/elisabetbacholler\/","article_published_time":"2017-10-25T09:20:44+00:00","article_modified_time":"2018-05-02T20:55:36+00:00","og_image":[{"url":"http:\/\/www.elisabetbach.com\/wp-content\/uploads\/2017\/10\/EBach-professional-empresari-accidental-300x200.jpg","type":"","width":"","height":""}],"author":"Elisabet Bach","twitter_misc":{"Escrito por":"Elisabet Bach","Tiempo de lectura":"2 minutos"},"schema":{"@context":"https:\/\/schema.org","@graph":[{"@type":"Article","@id":"https:\/\/www.elisabetbach.com\/es\/empresario-solo-queria-desarrollar-mi-actividad-profesional\/#article","isPartOf":{"@id":"https:\/\/www.elisabetbach.com\/es\/empresario-solo-queria-desarrollar-mi-actividad-profesional\/"},"author":{"name":"Elisabet Bach","@id":"https:\/\/www.elisabetbach.com\/#\/schema\/person\/685f9d1030414b49ce9a4362405597ba"},"headline":"\u00bfEmpresario? \u00a1S\u00f3lo quer\u00eda desarrollar mi actividad profesional!","datePublished":"2017-10-25T09:20:44+00:00","dateModified":"2018-05-02T20:55:36+00:00","mainEntityOfPage":{"@id":"https:\/\/www.elisabetbach.com\/es\/empresario-solo-queria-desarrollar-mi-actividad-profesional\/"},"wordCount":450,"commentCount":2,"publisher":{"@id":"https:\/\/www.elisabetbach.com\/#organization"},"image":{"@id":"https:\/\/www.elisabetbach.com\/es\/empresario-solo-queria-desarrollar-mi-actividad-profesional\/#primaryimage"},"thumbnailUrl":"http:\/\/www.elisabetbach.com\/wp-content\/uploads\/2017\/10\/EBach-professional-empresari-accidental-300x200.jpg","keywords":["microempresa"],"articleSection":["Aut\u00f2noms","Creaci\u00f3n de empresas","Emprendedores","PIME"],"inLanguage":"es","potentialAction":[{"@type":"CommentAction","name":"Comment","target":["https:\/\/www.elisabetbach.com\/es\/empresario-solo-queria-desarrollar-mi-actividad-profesional\/#respond"]}]},{"@type":"WebPage","@id":"https:\/\/www.elisabetbach.com\/es\/empresario-solo-queria-desarrollar-mi-actividad-profesional\/","url":"https:\/\/www.elisabetbach.com\/es\/empresario-solo-queria-desarrollar-mi-actividad-profesional\/","name":"\u00bfEmpresario? \u00a1S\u00f3lo quer\u00eda desarrollar mi actividad profesional! - Elisabet Bach","isPartOf":{"@id":"https:\/\/www.elisabetbach.com\/#website"},"primaryImageOfPage":{"@id":"https:\/\/www.elisabetbach.com\/es\/empresario-solo-queria-desarrollar-mi-actividad-profesional\/#primaryimage"},"image":{"@id":"https:\/\/www.elisabetbach.com\/es\/empresario-solo-queria-desarrollar-mi-actividad-profesional\/#primaryimage"},"thumbnailUrl":"http:\/\/www.elisabetbach.com\/wp-content\/uploads\/2017\/10\/EBach-professional-empresari-accidental-300x200.jpg","datePublished":"2017-10-25T09:20:44+00:00","dateModified":"2018-05-02T20:55:36+00:00","description":"Un profesional monta un negocio: lo hace para ejercer su profesi\u00f3n pero no es consciente de que tambi\u00e9n tendr\u00e1 que gestionar la empresa para que funcione.","breadcrumb":{"@id":"https:\/\/www.elisabetbach.com\/es\/empresario-solo-queria-desarrollar-mi-actividad-profesional\/#breadcrumb"},"inLanguage":"es","potentialAction":[{"@type":"ReadAction","target":["https:\/\/www.elisabetbach.com\/es\/empresario-solo-queria-desarrollar-mi-actividad-profesional\/"]}]},{"@type":"ImageObject","inLanguage":"es","@id":"https:\/\/www.elisabetbach.com\/es\/empresario-solo-queria-desarrollar-mi-actividad-profesional\/#primaryimage","url":"http:\/\/www.elisabetbach.com\/wp-content\/uploads\/2017\/10\/EBach-professional-empresari-accidental-300x200.jpg","contentUrl":"http:\/\/www.elisabetbach.com\/wp-content\/uploads\/2017\/10\/EBach-professional-empresari-accidental-300x200.jpg"},{"@type":"BreadcrumbList","@id":"https:\/\/www.elisabetbach.com\/es\/empresario-solo-queria-desarrollar-mi-actividad-profesional\/#breadcrumb","itemListElement":[{"@type":"ListItem","position":1,"name":"Inici","item":"https:\/\/www.elisabetbach.com\/es\/"},{"@type":"ListItem","position":2,"name":"\u00bfEmpresario? \u00a1S\u00f3lo quer\u00eda desarrollar mi actividad profesional!"}]},{"@type":"WebSite","@id":"https:\/\/www.elisabetbach.com\/#website","url":"https:\/\/www.elisabetbach.com\/","name":"Elisabet Bach","description":"Consultora Econ\u00f3mica y Financiera","publisher":{"@id":"https:\/\/www.elisabetbach.com\/#organization"},"potentialAction":[{"@type":"SearchAction","target":{"@type":"EntryPoint","urlTemplate":"https:\/\/www.elisabetbach.com\/?s={search_term_string}"},"query-input":{"@type":"PropertyValueSpecification","valueRequired":true,"valueName":"search_term_string"}}],"inLanguage":"es"},{"@type":"Organization","@id":"https:\/\/www.elisabetbach.com\/#organization","name":"Elisabet Bach","url":"https:\/\/www.elisabetbach.com\/","logo":{"@type":"ImageObject","inLanguage":"es","@id":"https:\/\/www.elisabetbach.com\/#\/schema\/logo\/image\/","url":"https:\/\/www.elisabetbach.com\/wp-content\/uploads\/2014\/03\/logo.png","contentUrl":"https:\/\/www.elisabetbach.com\/wp-content\/uploads\/2014\/03\/logo.png","width":308,"height":49,"caption":"Elisabet Bach"},"image":{"@id":"https:\/\/www.elisabetbach.com\/#\/schema\/logo\/image\/"},"sameAs":["https:\/\/www.facebook.com\/elisabetbacholler\/","https:\/\/x.com\/elisabet_bach","https:\/\/www.linkedin.com\/in\/elisabetbachconsultant\/","https:\/\/www.youtube.com\/channel\/UCaoleye0jmPoR0_FLWsGa8Q"]},{"@type":"Person","@id":"https:\/\/www.elisabetbach.com\/#\/schema\/person\/685f9d1030414b49ce9a4362405597ba","name":"Elisabet Bach","image":{"@type":"ImageObject","inLanguage":"es","@id":"https:\/\/secure.gravatar.com\/avatar\/d13c76c09a17d190fa2cc3ea283c77f6157acedd712e72edb10e741afaba1cf3?s=96&d=mm&r=g","url":"https:\/\/secure.gravatar.com\/avatar\/d13c76c09a17d190fa2cc3ea283c77f6157acedd712e72edb10e741afaba1cf3?s=96&d=mm&r=g","contentUrl":"https:\/\/secure.gravatar.com\/avatar\/d13c76c09a17d190fa2cc3ea283c77f6157acedd712e72edb10e741afaba1cf3?s=96&d=mm&r=g","caption":"Elisabet Bach"},"sameAs":["http:\/\/www.elisabetbach.com"],"url":"https:\/\/www.elisabetbach.com\/es\/author\/ebach\/"}]}},"_links":{"self":[{"href":"https:\/\/www.elisabetbach.com\/es\/wp-json\/wp\/v2\/posts\/5117","targetHints":{"allow":["GET"]}}],"collection":[{"href":"https:\/\/www.elisabetbach.com\/es\/wp-json\/wp\/v2\/posts"}],"about":[{"href":"https:\/\/www.elisabetbach.com\/es\/wp-json\/wp\/v2\/types\/post"}],"author":[{"embeddable":true,"href":"https:\/\/www.elisabetbach.com\/es\/wp-json\/wp\/v2\/users\/3"}],"replies":[{"embeddable":true,"href":"https:\/\/www.elisabetbach.com\/es\/wp-json\/wp\/v2\/comments?post=5117"}],"version-history":[{"count":5,"href":"https:\/\/www.elisabetbach.com\/es\/wp-json\/wp\/v2\/posts\/5117\/revisions"}],"predecessor-version":[{"id":5508,"href":"https:\/\/www.elisabetbach.com\/es\/wp-json\/wp\/v2\/posts\/5117\/revisions\/5508"}],"wp:attachment":[{"href":"https:\/\/www.elisabetbach.com\/es\/wp-json\/wp\/v2\/media?parent=5117"}],"wp:term":[{"taxonomy":"category","embeddable":true,"href":"https:\/\/www.elisabetbach.com\/es\/wp-json\/wp\/v2\/categories?post=5117"},{"taxonomy":"post_tag","embeddable":true,"href":"https:\/\/www.elisabetbach.com\/es\/wp-json\/wp\/v2\/tags?post=5117"}],"curies":[{"name":"wp","href":"https:\/\/api.w.org\/{rel}","templated":true}]}}