{"id":5178,"date":"2017-11-25T09:23:02","date_gmt":"2017-11-25T09:23:02","guid":{"rendered":"http:\/\/www.elisabetbach.com\/?p=5178\/"},"modified":"2018-06-26T08:56:45","modified_gmt":"2018-06-26T08:56:45","slug":"micropyme-patito-feo-gran-cisne-blanco","status":"publish","type":"post","link":"https:\/\/www.elisabetbach.com\/es\/micropyme-patito-feo-gran-cisne-blanco\/","title":{"rendered":"Micropyme: de patito feo a gran cisne blanco"},"content":{"rendered":"<p>La Uni\u00f3n Europea define y clasifica las empresas seg\u00fan su tama\u00f1o en:<\/p>\n<table>\n<tbody>\n<tr>\n<td width=\"144\"><strong>Tipo de empresa<\/strong><\/td>\n<td width=\"144\"><strong>N. trabajadores<\/strong><\/td>\n<td width=\"144\"><strong>Volumen de negocio<\/strong><\/td>\n<td width=\"144\"><strong>Balance general anual<\/strong><\/td>\n<\/tr>\n<tr>\n<td width=\"144\">Micropyme<\/td>\n<td width=\"144\">Menos de 10<\/td>\n<td width=\"144\">Menos de 2MM EUR<\/td>\n<td width=\"144\">Menos de 2MM EUR<\/td>\n<\/tr>\n<tr>\n<td width=\"144\">Peque\u00f1a<\/td>\n<td width=\"144\">De 10 a 49 personas<\/td>\n<td width=\"144\">De 2 a 10MM EUR<\/td>\n<td width=\"144\">De 2 a 10MM EUR<\/td>\n<\/tr>\n<tr>\n<td width=\"144\">Mediana<\/td>\n<td width=\"144\">De 50 a 249 personas<\/td>\n<td width=\"144\">De 10 a 50MM EUR<\/td>\n<td width=\"144\">De 10 a 43MM EUR<\/td>\n<\/tr>\n<tr>\n<td width=\"144\">Grande<\/td>\n<td width=\"144\">M\u00e1s de 250 personas<\/td>\n<td width=\"144\">M\u00e1s de 50MM EUR<\/td>\n<td width=\"144\">M\u00e1s de 43MM EUR<\/td>\n<\/tr>\n<\/tbody>\n<\/table>\n<p>&nbsp;<\/p>\n<p style=\"text-align: justify;\">Esta es una definici\u00f3n t\u00e9cnica que tiene diferentes matices y particularidades. Aqu\u00ed no entraremos. S\u00f3lo la tomo de referencia para basarme en una definici\u00f3n com\u00fanmente aceptada.<\/p>\n<p style=\"text-align: justify;\">Por lo tanto, y retomando el tema, todas aquella empresa que facture menos de 2 millones de euros y tienga menos de 10 personas contratadas las podemos considerar <strong>micropyme<\/strong>.<\/p>\n<p style=\"text-align: justify;\">Todos aquel negocio que tengan entre 10 y 49 personas y facture entre 2 y 10 millones de euros se define como <strong>peque\u00f1a empresa<\/strong>.<\/p>\n<p style=\"text-align: justify;\">Normalmente, cuando miro la realidad, \u00a0me encuentro que las fronteras no son tan claras como la definici\u00f3n indica: per ejemplo, a veces hay negocios que tienen entre 10 y 15 personas que facturan menos de 2 millones de euros. En definitiva, para m\u00ed estas empresas denominadas micropymes y peque\u00f1as forman parte del conjunto de empresas de <strong>reducida dimensi\u00f3n<\/strong>.<\/p>\n<p style=\"text-align: justify;\">Este dato por s\u00ed solo no nos dice nada. Pero, \u00bfy si os digo que suponen casi el <strong>99% de las empresas<\/strong> catalanas? \u00bfY si os digo que en Espa\u00f1a son el 99,02% del colectivo empresarial?<\/p>\n<p style=\"text-align: justify;\">\u00bfY si os digo que <strong>emplean a m\u00e1s de la mitad de las personas<\/strong> que trabajan?<\/p>\n<p style=\"text-align: justify;\">Desde un punto de vista cuantitativo, las empresas de reducida dimensi\u00f3n, por s\u00ed solas, son peque\u00f1os puntos en un universo. Pero cuando las miramos en su conjunto, podemos decir que son las grandes sostenedoras de nuestra econom\u00eda. Como hemos comentado, son la mayor\u00eda de empresas y emplean a m\u00e1s de la mitad del pa\u00eds.<\/p>\n<p style=\"text-align: justify;\">La verdad es que siempre me sorprende que cuando un comenta que es <a href=\"https:\/\/www.elisabetbach.com\/es\/empresario-solo-queria-desarrollar-mi-actividad-profesional\/\" target=\"_blank\" rel=\"noopener noreferrer\">aut\u00f3nomo<\/a>, que trabaja en una empresa de reducida dimensi\u00f3n o bien dice que tiene una micropyme, la mirada de su interlocutor muestre indiferencia \u00a1No tiene ni idea de su contribuci\u00f3n!<\/p>\n<p style=\"text-align: justify;\">\u00bfSer\u00e1 que hay algo que no hacemos bien? \u00bfSomos los propios involucrados que de entrada no nos creemos nuestro papel ni nuestra contribuci\u00f3n? \u00bfPor d\u00f3nde empezar a cambiar cosas para poner a la <strong>micropyme y a la peque\u00f1a empresa en el lugar que les corresponde<\/strong>?<\/p>\n<p style=\"text-align: justify;\"><strong>En proyectos en los que te juegas mucho te ayudo a entender y a orientar tu empresa desde un punto de vista estrat\u00e9gico, para que puedas clarificar, estructurar y planificar las mejores opciones para ejecutar tus proyectos.\u00a0<a href=\"https:\/\/www.elisabetbach.com\/es\/contacto\/\" target=\"_blank\" rel=\"noopener\">\u00bfHablamos?<\/a><\/strong><\/p>\n","protected":false},"excerpt":{"rendered":"<p>La Uni\u00f3n Europea define y clasifica las empresas seg\u00fan su tama\u00f1o en: Tipo de empresa N. trabajadores Volumen de negocio Balance general anual Micropyme Menos de<span class=\"excerpt-hellip\"> [\u2026]<\/span><\/p>\n","protected":false},"author":3,"featured_media":5612,"comment_status":"open","ping_status":"open","sticky":false,"template":"","format":"standard","meta":{"footnotes":""},"categories":[149,206,103,207,155],"tags":[150,188,131],"class_list":["post-5178","post","type-post","status-publish","format-standard","has-post-thumbnail","hentry","category-autonomos","category-autonoms-es","category-emprendedores","category-pime-es","category-pyme","tag-autonomo","tag-micropyme","tag-pyme"],"yoast_head":"<!-- This site is optimized with the Yoast SEO plugin v27.4 - https:\/\/yoast.com\/product\/yoast-seo-wordpress\/ -->\n<title>Micropyme: de patito feo a gran cisne blanco - Elisabet Bach<\/title>\n<meta name=\"description\" content=\"\u00bfTienes una peque\u00f1a empresa, una micropyme? \u00bfCrees que eres un patito feo? \u00a1Pues no! \u00a1Eres un cisne blanco! Si no sabes porqu\u00e9, te lo aclaramos en este post\" \/>\n<meta name=\"robots\" content=\"index, follow, max-snippet:-1, max-image-preview:large, max-video-preview:-1\" \/>\n<link rel=\"canonical\" href=\"https:\/\/www.elisabetbach.com\/es\/micropyme-patito-feo-gran-cisne-blanco\/\" \/>\n<meta property=\"og:locale\" content=\"es_ES\" \/>\n<meta property=\"og:type\" content=\"article\" \/>\n<meta property=\"og:title\" content=\"Micropyme: de patito feo a gran cisne blanco - Elisabet Bach\" \/>\n<meta property=\"og:description\" content=\"\u00bfTienes una peque\u00f1a empresa, una micropyme? \u00bfCrees que eres un patito feo? \u00a1Pues no! \u00a1Eres un cisne blanco! Si no sabes porqu\u00e9, te lo aclaramos en este post\" \/>\n<meta property=\"og:url\" content=\"https:\/\/www.elisabetbach.com\/es\/micropyme-patito-feo-gran-cisne-blanco\/\" \/>\n<meta property=\"og:site_name\" content=\"Elisabet Bach\" \/>\n<meta property=\"article:publisher\" content=\"https:\/\/www.facebook.com\/elisabetbacholler\/\" \/>\n<meta property=\"article:published_time\" content=\"2017-11-25T09:23:02+00:00\" \/>\n<meta property=\"article:modified_time\" content=\"2018-06-26T08:56:45+00:00\" \/>\n<meta property=\"og:image\" content=\"https:\/\/www.elisabetbach.com\/wp-content\/uploads\/2017\/11\/Elisabet-Bach-Oller-Micropime-cigne-blanc.jpg\" \/>\n\t<meta property=\"og:image:width\" content=\"607\" \/>\n\t<meta property=\"og:image:height\" content=\"450\" \/>\n\t<meta property=\"og:image:type\" content=\"image\/jpeg\" \/>\n<meta name=\"author\" content=\"Elisabet Bach\" \/>\n<meta name=\"twitter:label1\" content=\"Escrito por\" \/>\n\t<meta name=\"twitter:data1\" content=\"Elisabet Bach\" \/>\n\t<meta name=\"twitter:label2\" content=\"Tiempo de lectura\" \/>\n\t<meta name=\"twitter:data2\" content=\"2 minutos\" \/>\n<script type=\"application\/ld+json\" class=\"yoast-schema-graph\">{\"@context\":\"https:\\\/\\\/schema.org\",\"@graph\":[{\"@type\":\"Article\",\"@id\":\"https:\\\/\\\/www.elisabetbach.com\\\/es\\\/micropyme-patito-feo-gran-cisne-blanco\\\/#article\",\"isPartOf\":{\"@id\":\"https:\\\/\\\/www.elisabetbach.com\\\/es\\\/micropyme-patito-feo-gran-cisne-blanco\\\/\"},\"author\":{\"name\":\"Elisabet Bach\",\"@id\":\"https:\\\/\\\/www.elisabetbach.com\\\/#\\\/schema\\\/person\\\/685f9d1030414b49ce9a4362405597ba\"},\"headline\":\"Micropyme: de patito feo a gran cisne blanco\",\"datePublished\":\"2017-11-25T09:23:02+00:00\",\"dateModified\":\"2018-06-26T08:56:45+00:00\",\"mainEntityOfPage\":{\"@id\":\"https:\\\/\\\/www.elisabetbach.com\\\/es\\\/micropyme-patito-feo-gran-cisne-blanco\\\/\"},\"wordCount\":468,\"commentCount\":0,\"publisher\":{\"@id\":\"https:\\\/\\\/www.elisabetbach.com\\\/#organization\"},\"image\":{\"@id\":\"https:\\\/\\\/www.elisabetbach.com\\\/es\\\/micropyme-patito-feo-gran-cisne-blanco\\\/#primaryimage\"},\"thumbnailUrl\":\"https:\\\/\\\/www.elisabetbach.com\\\/wp-content\\\/uploads\\\/2017\\\/11\\\/Elisabet-Bach-Oller-Micropime-cigne-blanc.jpg\",\"keywords\":[\"aut\u00f3nomo\",\"micropyme\",\"PYME\"],\"articleSection\":[\"Aut\u00f3nomos\",\"Aut\u00f2noms\",\"Emprendedores\",\"PIME\",\"PYME\"],\"inLanguage\":\"es\",\"potentialAction\":[{\"@type\":\"CommentAction\",\"name\":\"Comment\",\"target\":[\"https:\\\/\\\/www.elisabetbach.com\\\/es\\\/micropyme-patito-feo-gran-cisne-blanco\\\/#respond\"]}]},{\"@type\":\"WebPage\",\"@id\":\"https:\\\/\\\/www.elisabetbach.com\\\/es\\\/micropyme-patito-feo-gran-cisne-blanco\\\/\",\"url\":\"https:\\\/\\\/www.elisabetbach.com\\\/es\\\/micropyme-patito-feo-gran-cisne-blanco\\\/\",\"name\":\"Micropyme: de patito feo a gran cisne blanco - Elisabet Bach\",\"isPartOf\":{\"@id\":\"https:\\\/\\\/www.elisabetbach.com\\\/#website\"},\"primaryImageOfPage\":{\"@id\":\"https:\\\/\\\/www.elisabetbach.com\\\/es\\\/micropyme-patito-feo-gran-cisne-blanco\\\/#primaryimage\"},\"image\":{\"@id\":\"https:\\\/\\\/www.elisabetbach.com\\\/es\\\/micropyme-patito-feo-gran-cisne-blanco\\\/#primaryimage\"},\"thumbnailUrl\":\"https:\\\/\\\/www.elisabetbach.com\\\/wp-content\\\/uploads\\\/2017\\\/11\\\/Elisabet-Bach-Oller-Micropime-cigne-blanc.jpg\",\"datePublished\":\"2017-11-25T09:23:02+00:00\",\"dateModified\":\"2018-06-26T08:56:45+00:00\",\"description\":\"\u00bfTienes una peque\u00f1a empresa, una micropyme? \u00bfCrees que eres un patito feo? \u00a1Pues no! \u00a1Eres un cisne blanco! Si no sabes porqu\u00e9, te lo aclaramos en este post\",\"breadcrumb\":{\"@id\":\"https:\\\/\\\/www.elisabetbach.com\\\/es\\\/micropyme-patito-feo-gran-cisne-blanco\\\/#breadcrumb\"},\"inLanguage\":\"es\",\"potentialAction\":[{\"@type\":\"ReadAction\",\"target\":[\"https:\\\/\\\/www.elisabetbach.com\\\/es\\\/micropyme-patito-feo-gran-cisne-blanco\\\/\"]}]},{\"@type\":\"ImageObject\",\"inLanguage\":\"es\",\"@id\":\"https:\\\/\\\/www.elisabetbach.com\\\/es\\\/micropyme-patito-feo-gran-cisne-blanco\\\/#primaryimage\",\"url\":\"https:\\\/\\\/www.elisabetbach.com\\\/wp-content\\\/uploads\\\/2017\\\/11\\\/Elisabet-Bach-Oller-Micropime-cigne-blanc.jpg\",\"contentUrl\":\"https:\\\/\\\/www.elisabetbach.com\\\/wp-content\\\/uploads\\\/2017\\\/11\\\/Elisabet-Bach-Oller-Micropime-cigne-blanc.jpg\",\"width\":607,\"height\":450,\"caption\":\"Micropime: d\u2019aneguet lleig a gran cigne blanc.\"},{\"@type\":\"BreadcrumbList\",\"@id\":\"https:\\\/\\\/www.elisabetbach.com\\\/es\\\/micropyme-patito-feo-gran-cisne-blanco\\\/#breadcrumb\",\"itemListElement\":[{\"@type\":\"ListItem\",\"position\":1,\"name\":\"Inici\",\"item\":\"https:\\\/\\\/www.elisabetbach.com\\\/es\\\/\"},{\"@type\":\"ListItem\",\"position\":2,\"name\":\"Micropyme: de patito feo a gran cisne blanco\"}]},{\"@type\":\"WebSite\",\"@id\":\"https:\\\/\\\/www.elisabetbach.com\\\/#website\",\"url\":\"https:\\\/\\\/www.elisabetbach.com\\\/\",\"name\":\"Elisabet Bach\",\"description\":\"Consultora Econ\u00f3mica y Financiera\",\"publisher\":{\"@id\":\"https:\\\/\\\/www.elisabetbach.com\\\/#organization\"},\"potentialAction\":[{\"@type\":\"SearchAction\",\"target\":{\"@type\":\"EntryPoint\",\"urlTemplate\":\"https:\\\/\\\/www.elisabetbach.com\\\/?s={search_term_string}\"},\"query-input\":{\"@type\":\"PropertyValueSpecification\",\"valueRequired\":true,\"valueName\":\"search_term_string\"}}],\"inLanguage\":\"es\"},{\"@type\":\"Organization\",\"@id\":\"https:\\\/\\\/www.elisabetbach.com\\\/#organization\",\"name\":\"Elisabet Bach\",\"url\":\"https:\\\/\\\/www.elisabetbach.com\\\/\",\"logo\":{\"@type\":\"ImageObject\",\"inLanguage\":\"es\",\"@id\":\"https:\\\/\\\/www.elisabetbach.com\\\/#\\\/schema\\\/logo\\\/image\\\/\",\"url\":\"https:\\\/\\\/www.elisabetbach.com\\\/wp-content\\\/uploads\\\/2014\\\/03\\\/logo.png\",\"contentUrl\":\"https:\\\/\\\/www.elisabetbach.com\\\/wp-content\\\/uploads\\\/2014\\\/03\\\/logo.png\",\"width\":308,\"height\":49,\"caption\":\"Elisabet Bach\"},\"image\":{\"@id\":\"https:\\\/\\\/www.elisabetbach.com\\\/#\\\/schema\\\/logo\\\/image\\\/\"},\"sameAs\":[\"https:\\\/\\\/www.facebook.com\\\/elisabetbacholler\\\/\",\"https:\\\/\\\/x.com\\\/elisabet_bach\",\"https:\\\/\\\/www.linkedin.com\\\/in\\\/elisabetbachconsultant\\\/\",\"https:\\\/\\\/www.youtube.com\\\/channel\\\/UCaoleye0jmPoR0_FLWsGa8Q\"]},{\"@type\":\"Person\",\"@id\":\"https:\\\/\\\/www.elisabetbach.com\\\/#\\\/schema\\\/person\\\/685f9d1030414b49ce9a4362405597ba\",\"name\":\"Elisabet Bach\",\"image\":{\"@type\":\"ImageObject\",\"inLanguage\":\"es\",\"@id\":\"https:\\\/\\\/secure.gravatar.com\\\/avatar\\\/d13c76c09a17d190fa2cc3ea283c77f6157acedd712e72edb10e741afaba1cf3?s=96&d=mm&r=g\",\"url\":\"https:\\\/\\\/secure.gravatar.com\\\/avatar\\\/d13c76c09a17d190fa2cc3ea283c77f6157acedd712e72edb10e741afaba1cf3?s=96&d=mm&r=g\",\"contentUrl\":\"https:\\\/\\\/secure.gravatar.com\\\/avatar\\\/d13c76c09a17d190fa2cc3ea283c77f6157acedd712e72edb10e741afaba1cf3?s=96&d=mm&r=g\",\"caption\":\"Elisabet Bach\"},\"sameAs\":[\"http:\\\/\\\/www.elisabetbach.com\"],\"url\":\"https:\\\/\\\/www.elisabetbach.com\\\/es\\\/author\\\/ebach\\\/\"}]}<\/script>\n<!-- \/ Yoast SEO plugin. -->","yoast_head_json":{"title":"Micropyme: de patito feo a gran cisne blanco - Elisabet Bach","description":"\u00bfTienes una peque\u00f1a empresa, una micropyme? \u00bfCrees que eres un patito feo? \u00a1Pues no! \u00a1Eres un cisne blanco! Si no sabes porqu\u00e9, te lo aclaramos en este post","robots":{"index":"index","follow":"follow","max-snippet":"max-snippet:-1","max-image-preview":"max-image-preview:large","max-video-preview":"max-video-preview:-1"},"canonical":"https:\/\/www.elisabetbach.com\/es\/micropyme-patito-feo-gran-cisne-blanco\/","og_locale":"es_ES","og_type":"article","og_title":"Micropyme: de patito feo a gran cisne blanco - Elisabet Bach","og_description":"\u00bfTienes una peque\u00f1a empresa, una micropyme? \u00bfCrees que eres un patito feo? \u00a1Pues no! \u00a1Eres un cisne blanco! Si no sabes porqu\u00e9, te lo aclaramos en este post","og_url":"https:\/\/www.elisabetbach.com\/es\/micropyme-patito-feo-gran-cisne-blanco\/","og_site_name":"Elisabet Bach","article_publisher":"https:\/\/www.facebook.com\/elisabetbacholler\/","article_published_time":"2017-11-25T09:23:02+00:00","article_modified_time":"2018-06-26T08:56:45+00:00","og_image":[{"width":607,"height":450,"url":"https:\/\/www.elisabetbach.com\/wp-content\/uploads\/2017\/11\/Elisabet-Bach-Oller-Micropime-cigne-blanc.jpg","type":"image\/jpeg"}],"author":"Elisabet Bach","twitter_misc":{"Escrito por":"Elisabet Bach","Tiempo de lectura":"2 minutos"},"schema":{"@context":"https:\/\/schema.org","@graph":[{"@type":"Article","@id":"https:\/\/www.elisabetbach.com\/es\/micropyme-patito-feo-gran-cisne-blanco\/#article","isPartOf":{"@id":"https:\/\/www.elisabetbach.com\/es\/micropyme-patito-feo-gran-cisne-blanco\/"},"author":{"name":"Elisabet Bach","@id":"https:\/\/www.elisabetbach.com\/#\/schema\/person\/685f9d1030414b49ce9a4362405597ba"},"headline":"Micropyme: de patito feo a gran cisne blanco","datePublished":"2017-11-25T09:23:02+00:00","dateModified":"2018-06-26T08:56:45+00:00","mainEntityOfPage":{"@id":"https:\/\/www.elisabetbach.com\/es\/micropyme-patito-feo-gran-cisne-blanco\/"},"wordCount":468,"commentCount":0,"publisher":{"@id":"https:\/\/www.elisabetbach.com\/#organization"},"image":{"@id":"https:\/\/www.elisabetbach.com\/es\/micropyme-patito-feo-gran-cisne-blanco\/#primaryimage"},"thumbnailUrl":"https:\/\/www.elisabetbach.com\/wp-content\/uploads\/2017\/11\/Elisabet-Bach-Oller-Micropime-cigne-blanc.jpg","keywords":["aut\u00f3nomo","micropyme","PYME"],"articleSection":["Aut\u00f3nomos","Aut\u00f2noms","Emprendedores","PIME","PYME"],"inLanguage":"es","potentialAction":[{"@type":"CommentAction","name":"Comment","target":["https:\/\/www.elisabetbach.com\/es\/micropyme-patito-feo-gran-cisne-blanco\/#respond"]}]},{"@type":"WebPage","@id":"https:\/\/www.elisabetbach.com\/es\/micropyme-patito-feo-gran-cisne-blanco\/","url":"https:\/\/www.elisabetbach.com\/es\/micropyme-patito-feo-gran-cisne-blanco\/","name":"Micropyme: de patito feo a gran cisne blanco - Elisabet Bach","isPartOf":{"@id":"https:\/\/www.elisabetbach.com\/#website"},"primaryImageOfPage":{"@id":"https:\/\/www.elisabetbach.com\/es\/micropyme-patito-feo-gran-cisne-blanco\/#primaryimage"},"image":{"@id":"https:\/\/www.elisabetbach.com\/es\/micropyme-patito-feo-gran-cisne-blanco\/#primaryimage"},"thumbnailUrl":"https:\/\/www.elisabetbach.com\/wp-content\/uploads\/2017\/11\/Elisabet-Bach-Oller-Micropime-cigne-blanc.jpg","datePublished":"2017-11-25T09:23:02+00:00","dateModified":"2018-06-26T08:56:45+00:00","description":"\u00bfTienes una peque\u00f1a empresa, una micropyme? \u00bfCrees que eres un patito feo? \u00a1Pues no! \u00a1Eres un cisne blanco! Si no sabes porqu\u00e9, te lo aclaramos en este post","breadcrumb":{"@id":"https:\/\/www.elisabetbach.com\/es\/micropyme-patito-feo-gran-cisne-blanco\/#breadcrumb"},"inLanguage":"es","potentialAction":[{"@type":"ReadAction","target":["https:\/\/www.elisabetbach.com\/es\/micropyme-patito-feo-gran-cisne-blanco\/"]}]},{"@type":"ImageObject","inLanguage":"es","@id":"https:\/\/www.elisabetbach.com\/es\/micropyme-patito-feo-gran-cisne-blanco\/#primaryimage","url":"https:\/\/www.elisabetbach.com\/wp-content\/uploads\/2017\/11\/Elisabet-Bach-Oller-Micropime-cigne-blanc.jpg","contentUrl":"https:\/\/www.elisabetbach.com\/wp-content\/uploads\/2017\/11\/Elisabet-Bach-Oller-Micropime-cigne-blanc.jpg","width":607,"height":450,"caption":"Micropime: d\u2019aneguet lleig a gran cigne blanc."},{"@type":"BreadcrumbList","@id":"https:\/\/www.elisabetbach.com\/es\/micropyme-patito-feo-gran-cisne-blanco\/#breadcrumb","itemListElement":[{"@type":"ListItem","position":1,"name":"Inici","item":"https:\/\/www.elisabetbach.com\/es\/"},{"@type":"ListItem","position":2,"name":"Micropyme: de patito feo a gran cisne blanco"}]},{"@type":"WebSite","@id":"https:\/\/www.elisabetbach.com\/#website","url":"https:\/\/www.elisabetbach.com\/","name":"Elisabet Bach","description":"Consultora Econ\u00f3mica y Financiera","publisher":{"@id":"https:\/\/www.elisabetbach.com\/#organization"},"potentialAction":[{"@type":"SearchAction","target":{"@type":"EntryPoint","urlTemplate":"https:\/\/www.elisabetbach.com\/?s={search_term_string}"},"query-input":{"@type":"PropertyValueSpecification","valueRequired":true,"valueName":"search_term_string"}}],"inLanguage":"es"},{"@type":"Organization","@id":"https:\/\/www.elisabetbach.com\/#organization","name":"Elisabet Bach","url":"https:\/\/www.elisabetbach.com\/","logo":{"@type":"ImageObject","inLanguage":"es","@id":"https:\/\/www.elisabetbach.com\/#\/schema\/logo\/image\/","url":"https:\/\/www.elisabetbach.com\/wp-content\/uploads\/2014\/03\/logo.png","contentUrl":"https:\/\/www.elisabetbach.com\/wp-content\/uploads\/2014\/03\/logo.png","width":308,"height":49,"caption":"Elisabet Bach"},"image":{"@id":"https:\/\/www.elisabetbach.com\/#\/schema\/logo\/image\/"},"sameAs":["https:\/\/www.facebook.com\/elisabetbacholler\/","https:\/\/x.com\/elisabet_bach","https:\/\/www.linkedin.com\/in\/elisabetbachconsultant\/","https:\/\/www.youtube.com\/channel\/UCaoleye0jmPoR0_FLWsGa8Q"]},{"@type":"Person","@id":"https:\/\/www.elisabetbach.com\/#\/schema\/person\/685f9d1030414b49ce9a4362405597ba","name":"Elisabet Bach","image":{"@type":"ImageObject","inLanguage":"es","@id":"https:\/\/secure.gravatar.com\/avatar\/d13c76c09a17d190fa2cc3ea283c77f6157acedd712e72edb10e741afaba1cf3?s=96&d=mm&r=g","url":"https:\/\/secure.gravatar.com\/avatar\/d13c76c09a17d190fa2cc3ea283c77f6157acedd712e72edb10e741afaba1cf3?s=96&d=mm&r=g","contentUrl":"https:\/\/secure.gravatar.com\/avatar\/d13c76c09a17d190fa2cc3ea283c77f6157acedd712e72edb10e741afaba1cf3?s=96&d=mm&r=g","caption":"Elisabet Bach"},"sameAs":["http:\/\/www.elisabetbach.com"],"url":"https:\/\/www.elisabetbach.com\/es\/author\/ebach\/"}]}},"_links":{"self":[{"href":"https:\/\/www.elisabetbach.com\/es\/wp-json\/wp\/v2\/posts\/5178","targetHints":{"allow":["GET"]}}],"collection":[{"href":"https:\/\/www.elisabetbach.com\/es\/wp-json\/wp\/v2\/posts"}],"about":[{"href":"https:\/\/www.elisabetbach.com\/es\/wp-json\/wp\/v2\/types\/post"}],"author":[{"embeddable":true,"href":"https:\/\/www.elisabetbach.com\/es\/wp-json\/wp\/v2\/users\/3"}],"replies":[{"embeddable":true,"href":"https:\/\/www.elisabetbach.com\/es\/wp-json\/wp\/v2\/comments?post=5178"}],"version-history":[{"count":3,"href":"https:\/\/www.elisabetbach.com\/es\/wp-json\/wp\/v2\/posts\/5178\/revisions"}],"predecessor-version":[{"id":5616,"href":"https:\/\/www.elisabetbach.com\/es\/wp-json\/wp\/v2\/posts\/5178\/revisions\/5616"}],"wp:featuredmedia":[{"embeddable":true,"href":"https:\/\/www.elisabetbach.com\/es\/wp-json\/wp\/v2\/media\/5612"}],"wp:attachment":[{"href":"https:\/\/www.elisabetbach.com\/es\/wp-json\/wp\/v2\/media?parent=5178"}],"wp:term":[{"taxonomy":"category","embeddable":true,"href":"https:\/\/www.elisabetbach.com\/es\/wp-json\/wp\/v2\/categories?post=5178"},{"taxonomy":"post_tag","embeddable":true,"href":"https:\/\/www.elisabetbach.com\/es\/wp-json\/wp\/v2\/tags?post=5178"}],"curies":[{"name":"wp","href":"https:\/\/api.w.org\/{rel}","templated":true}]}}