{"id":5188,"date":"2017-12-03T09:56:27","date_gmt":"2017-12-03T09:56:27","guid":{"rendered":"http:\/\/www.elisabetbach.com\/?p=5188\/"},"modified":"2020-07-16T10:44:16","modified_gmt":"2020-07-16T10:44:16","slug":"trabajador-autonomo-empresario-autonomo","status":"publish","type":"post","link":"https:\/\/www.elisabetbach.com\/es\/trabajador-autonomo-empresario-autonomo\/","title":{"rendered":"De trabajador aut\u00f3nomo a empresario aut\u00f3nomo"},"content":{"rendered":"<h3>El mundo del trabajador aut\u00f3nomo<\/h3>\n<p style=\"text-align: justify;\">Cuando hablamos en general del mundo del trabajador aut\u00f3nomo incluimos una multitud de situaciones distintas:<\/p>\n<p style=\"text-align: justify;\">&#8211; personas que desarrollan una actividad por su cuenta, sin personal contratado<\/p>\n<p style=\"text-align: justify;\">&#8211; personas que desarrollan una actividad por su cuenta, con personal contratado<\/p>\n<p style=\"text-align: justify;\">&#8211; personas que son administradores de una sociedad, habitualmente una sociedad limitada (aut\u00f3nomos societarios)<\/p>\n<p style=\"text-align: justify;\">&#8211; personas que desarrollan una actividad por su cuenta, con o sin personal contratado, pero muy centrados en un cliente principal (aut\u00f3nomos dependientes).<\/p>\n<p style=\"text-align: justify;\">Podemos decir que el hecho de que a todos ellos se les llame aut\u00f3nomos se debe a que est\u00e1n adscritos al r\u00e9gimen de aut\u00f3nomos de la Seguridad Social.<\/p>\n<p style=\"text-align: justify;\">Habitualmente se les llama tambi\u00e9n trabajadores aut\u00f3nomos. Y de hecho, no dejan de ser un tipo de trabajadores, unos que trabajan en una empresa de la que ellos mismos son los titulares, bien directamente, bien a trav\u00e9s de una sociedad. Hasta aqu\u00ed todo correcto.<\/p>\n<p>&nbsp;<\/p>\n<h3>\u00bfY cu\u00e1ndo pasamos de ser trabajadores a empresarios?<\/h3>\n<p style=\"text-align: justify;\">Pero cuando uno empieza a ejercer de trabajador aut\u00f3nomo, se da cuenta de algunos efectos secundarios que, muchas veces no hab\u00eda previsto. El primero, que le faltan manos y tiempo. Se da cuenta de que para trabajar de aquello por lo que ha montado el negocio, ha de ejercer otras funciones y hacer trabajos muy diversos (vender, hacer presupuestos, hablar con proveedores, presentar impuestos, gestionar la web y las redes sociales, .. .). Es decir, se da cuenta que aparte de trabajar propiamente dicho como cualquier trabajador, tambi\u00e9n debe gestionar su negocio, por peque\u00f1o que sea.<\/p>\n<p style=\"text-align: justify;\">Y aqu\u00ed es cuando se produce el choque de trenes. En muchas ocasiones, el trabajador aut\u00f3nomo no era consciente de esta parte de gesti\u00f3n, y la va haciendo sobre la marcha, aplicando sentido com\u00fan, a ratos que tiene,&#8230;<\/p>\n<p style=\"text-align: justify;\">Avancemos un poquito m\u00e1s. Cuando pensamos en una empresa, \u00bfqui\u00e9n es el responsable de gestionarla? Normalmente es el empresario. Y aqu\u00ed tenemos otra paradoja: muchos trabajadores aut\u00f3nomos no se sienten empresarios.<\/p>\n<p style=\"text-align: justify;\">Pero cuando analizamos la situaci\u00f3n, llegamos a la conclusi\u00f3n de que la actividad como aut\u00f3nomo conlleva desarrollar dos \u00e1mbitos. El primero, la prestaci\u00f3n de un servicio o la venta de un producto. El segundo, la necesidad de organizar todo el proceso tanto interno como externo para que dicha venta sea posible. Cuando integramos esta doble vertiente de trabajo y de gesti\u00f3n como actividad propia de la persona trabajadora aut\u00f3noma, podemos hablar ya no de trabajador aut\u00f3nomo sino de empresario aut\u00f3nomo.<\/p>\n<p>&nbsp;<\/p>\n<h3>El empresario aut\u00f3nomo<\/h3>\n<p style=\"text-align: justify;\">\u00bfQu\u00e9 pasar\u00eda si dej\u00e1ramos de hablar de trabajador aut\u00f3nomo? Para todos es evidente que un aut\u00f3nomo tambi\u00e9n ejerce una actividad laboral. \u00bfQu\u00e9 pasar\u00eda si habl\u00e1ramos directamente de <a href=\"https:\/\/www.elisabetbach.com\/es\/empresario-solo-queria-desarrollar-mi-actividad-profesional\/\" target=\"_blank\" rel=\"noopener noreferrer\">empresario aut\u00f3nomo<\/a>? Quiz\u00e1s evidenciar\u00edamos este \u00e1mbito de gesti\u00f3n del que muchas veces no se es suficientemente consciente y habitualmente viene sobrevenido. Quiz\u00e1s ayudar\u00edamos a que las personas que se deciden a trabajar por su cuenta planteen los negocios de forma diferente.<\/p>\n<p style=\"text-align: justify;\">\u00bfQu\u00e9 queremos conseguir? Pues que las personas que quieren desarrollar una actividad como <a href=\"https:\/\/www.elisabetbach.com\/es\/micropymes-mundo-heroes\/\" target=\"_blank\" rel=\"noopener noreferrer\">aut\u00f3nomos<\/a>, sean conscientes desde el principio de lo que conlleva y, por tanto, la desarrollen de forma m\u00e1s tranquila, integrada y sostenible.<\/p>\n<p>&nbsp;<\/p>\n<h5 style=\"text-align: justify;\">Desde la consultor\u00eda\u00a0<strong>te podemos ayudar<\/strong> a valorar la situaci\u00f3n de tu negocio y a gestionar la transici\u00f3n desde aut\u00f3nomo a empresario. Nos puedes contactar por <a href=\"mailto:info@elisabetbach.com\">mail<\/a>, por\u00a0<a href=\"https:\/\/www.elisabetbach.com\/es\/contacto\/\">el formulario<\/a>, o bien a trav\u00e9s de las redes sociales:\u00a0<a href=\"http:\/\/facebook.com\/elisabetbachconsultoria\">Facebook<\/a>,\u00a0<a href=\"https:\/\/www.instagramcom\/elisabetbachconsultoria\">Instagram<\/a>\u00a0o\u00a0<a href=\"https:\/\/twitter.com\/elisabet_bach\">Twitter<\/a>. \u00a1No te quedes con dudas!<\/h5>\n","protected":false},"excerpt":{"rendered":"<p>El mundo del trabajador aut\u00f3nomo Cuando hablamos en general del mundo del trabajador aut\u00f3nomo incluimos una multitud de situaciones distintas: &#8211; personas que desarrollan una actividad<span class=\"excerpt-hellip\"> [\u2026]<\/span><\/p>\n","protected":false},"author":3,"featured_media":7748,"comment_status":"open","ping_status":"open","sticky":false,"template":"","format":"standard","meta":{"footnotes":""},"categories":[149,206,102,106,103,105,207,155],"tags":[150,162,208,210,335],"class_list":["post-5188","post","type-post","status-publish","format-standard","has-post-thumbnail","hentry","category-autonomos","category-autonoms-es","category-creacion-de-empresas","category-decision-de-emprender","category-emprendedores","category-formacion","category-pime-es","category-pyme","tag-autonomo","tag-autonomos","tag-autonoms-es","tag-microempresa-es","tag-start-up-es"],"yoast_head":"<!-- This site is optimized with the Yoast SEO plugin v27.4 - https:\/\/yoast.com\/product\/yoast-seo-wordpress\/ -->\n<title>De trabajador aut\u00f3nomo a empresario aut\u00f3nomo - Elisabet Bach<\/title>\n<meta name=\"description\" content=\"La palabra trabajador aut\u00f3nomo no explicita la tarea de gesti\u00f3n de empresa que conlleva. \u00bfY si lo cambiamos por el de empresario aut\u00f3nomo?\" \/>\n<meta name=\"robots\" content=\"index, follow, max-snippet:-1, max-image-preview:large, max-video-preview:-1\" \/>\n<link rel=\"canonical\" href=\"https:\/\/www.elisabetbach.com\/es\/trabajador-autonomo-empresario-autonomo\/\" \/>\n<meta property=\"og:locale\" content=\"es_ES\" \/>\n<meta property=\"og:type\" content=\"article\" \/>\n<meta property=\"og:title\" content=\"De trabajador aut\u00f3nomo a empresario aut\u00f3nomo - Elisabet Bach\" \/>\n<meta property=\"og:description\" content=\"La palabra trabajador aut\u00f3nomo no explicita la tarea de gesti\u00f3n de empresa que conlleva. \u00bfY si lo cambiamos por el de empresario aut\u00f3nomo?\" \/>\n<meta property=\"og:url\" content=\"https:\/\/www.elisabetbach.com\/es\/trabajador-autonomo-empresario-autonomo\/\" \/>\n<meta property=\"og:site_name\" content=\"Elisabet Bach\" \/>\n<meta property=\"article:publisher\" content=\"https:\/\/www.facebook.com\/elisabetbacholler\/\" \/>\n<meta property=\"article:published_time\" content=\"2017-12-03T09:56:27+00:00\" \/>\n<meta property=\"article:modified_time\" content=\"2020-07-16T10:44:16+00:00\" \/>\n<meta property=\"og:image\" content=\"https:\/\/www.elisabetbach.com\/wp-content\/uploads\/2017\/12\/Elisabet-Bach-RRSS-2-51.png\" \/>\n\t<meta property=\"og:image:width\" content=\"810\" \/>\n\t<meta property=\"og:image:height\" content=\"450\" \/>\n\t<meta property=\"og:image:type\" content=\"image\/png\" \/>\n<meta name=\"author\" content=\"Elisabet Bach\" \/>\n<meta name=\"twitter:label1\" content=\"Escrito por\" \/>\n\t<meta name=\"twitter:data1\" content=\"Elisabet Bach\" \/>\n\t<meta name=\"twitter:label2\" content=\"Tiempo de lectura\" \/>\n\t<meta name=\"twitter:data2\" content=\"3 minutos\" \/>\n<script type=\"application\/ld+json\" class=\"yoast-schema-graph\">{\"@context\":\"https:\\\/\\\/schema.org\",\"@graph\":[{\"@type\":\"Article\",\"@id\":\"https:\\\/\\\/www.elisabetbach.com\\\/es\\\/trabajador-autonomo-empresario-autonomo\\\/#article\",\"isPartOf\":{\"@id\":\"https:\\\/\\\/www.elisabetbach.com\\\/es\\\/trabajador-autonomo-empresario-autonomo\\\/\"},\"author\":{\"name\":\"Elisabet Bach\",\"@id\":\"https:\\\/\\\/www.elisabetbach.com\\\/#\\\/schema\\\/person\\\/685f9d1030414b49ce9a4362405597ba\"},\"headline\":\"De trabajador aut\u00f3nomo a empresario aut\u00f3nomo\",\"datePublished\":\"2017-12-03T09:56:27+00:00\",\"dateModified\":\"2020-07-16T10:44:16+00:00\",\"mainEntityOfPage\":{\"@id\":\"https:\\\/\\\/www.elisabetbach.com\\\/es\\\/trabajador-autonomo-empresario-autonomo\\\/\"},\"wordCount\":619,\"commentCount\":1,\"publisher\":{\"@id\":\"https:\\\/\\\/www.elisabetbach.com\\\/#organization\"},\"image\":{\"@id\":\"https:\\\/\\\/www.elisabetbach.com\\\/es\\\/trabajador-autonomo-empresario-autonomo\\\/#primaryimage\"},\"thumbnailUrl\":\"https:\\\/\\\/www.elisabetbach.com\\\/wp-content\\\/uploads\\\/2017\\\/12\\\/Elisabet-Bach-RRSS-2-51.png\",\"keywords\":[\"aut\u00f3nomo\",\"aut\u00f3nomos\",\"aut\u00f2noms\",\"microempresa\",\"start up\"],\"articleSection\":[\"Aut\u00f3nomos\",\"Aut\u00f2noms\",\"Creaci\u00f3n de empresas\",\"Decisi\u00f3n de emprender\",\"Emprendedores\",\"Formaci\u00f3n\",\"PIME\",\"PYME\"],\"inLanguage\":\"es\",\"potentialAction\":[{\"@type\":\"CommentAction\",\"name\":\"Comment\",\"target\":[\"https:\\\/\\\/www.elisabetbach.com\\\/es\\\/trabajador-autonomo-empresario-autonomo\\\/#respond\"]}]},{\"@type\":\"WebPage\",\"@id\":\"https:\\\/\\\/www.elisabetbach.com\\\/es\\\/trabajador-autonomo-empresario-autonomo\\\/\",\"url\":\"https:\\\/\\\/www.elisabetbach.com\\\/es\\\/trabajador-autonomo-empresario-autonomo\\\/\",\"name\":\"De trabajador aut\u00f3nomo a empresario aut\u00f3nomo - Elisabet Bach\",\"isPartOf\":{\"@id\":\"https:\\\/\\\/www.elisabetbach.com\\\/#website\"},\"primaryImageOfPage\":{\"@id\":\"https:\\\/\\\/www.elisabetbach.com\\\/es\\\/trabajador-autonomo-empresario-autonomo\\\/#primaryimage\"},\"image\":{\"@id\":\"https:\\\/\\\/www.elisabetbach.com\\\/es\\\/trabajador-autonomo-empresario-autonomo\\\/#primaryimage\"},\"thumbnailUrl\":\"https:\\\/\\\/www.elisabetbach.com\\\/wp-content\\\/uploads\\\/2017\\\/12\\\/Elisabet-Bach-RRSS-2-51.png\",\"datePublished\":\"2017-12-03T09:56:27+00:00\",\"dateModified\":\"2020-07-16T10:44:16+00:00\",\"description\":\"La palabra trabajador aut\u00f3nomo no explicita la tarea de gesti\u00f3n de empresa que conlleva. \u00bfY si lo cambiamos por el de empresario aut\u00f3nomo?\",\"breadcrumb\":{\"@id\":\"https:\\\/\\\/www.elisabetbach.com\\\/es\\\/trabajador-autonomo-empresario-autonomo\\\/#breadcrumb\"},\"inLanguage\":\"es\",\"potentialAction\":[{\"@type\":\"ReadAction\",\"target\":[\"https:\\\/\\\/www.elisabetbach.com\\\/es\\\/trabajador-autonomo-empresario-autonomo\\\/\"]}]},{\"@type\":\"ImageObject\",\"inLanguage\":\"es\",\"@id\":\"https:\\\/\\\/www.elisabetbach.com\\\/es\\\/trabajador-autonomo-empresario-autonomo\\\/#primaryimage\",\"url\":\"https:\\\/\\\/www.elisabetbach.com\\\/wp-content\\\/uploads\\\/2017\\\/12\\\/Elisabet-Bach-RRSS-2-51.png\",\"contentUrl\":\"https:\\\/\\\/www.elisabetbach.com\\\/wp-content\\\/uploads\\\/2017\\\/12\\\/Elisabet-Bach-RRSS-2-51.png\",\"width\":810,\"height\":450},{\"@type\":\"BreadcrumbList\",\"@id\":\"https:\\\/\\\/www.elisabetbach.com\\\/es\\\/trabajador-autonomo-empresario-autonomo\\\/#breadcrumb\",\"itemListElement\":[{\"@type\":\"ListItem\",\"position\":1,\"name\":\"Inici\",\"item\":\"https:\\\/\\\/www.elisabetbach.com\\\/es\\\/\"},{\"@type\":\"ListItem\",\"position\":2,\"name\":\"De trabajador aut\u00f3nomo a empresario aut\u00f3nomo\"}]},{\"@type\":\"WebSite\",\"@id\":\"https:\\\/\\\/www.elisabetbach.com\\\/#website\",\"url\":\"https:\\\/\\\/www.elisabetbach.com\\\/\",\"name\":\"Elisabet Bach\",\"description\":\"Consultora Econ\u00f3mica y Financiera\",\"publisher\":{\"@id\":\"https:\\\/\\\/www.elisabetbach.com\\\/#organization\"},\"potentialAction\":[{\"@type\":\"SearchAction\",\"target\":{\"@type\":\"EntryPoint\",\"urlTemplate\":\"https:\\\/\\\/www.elisabetbach.com\\\/?s={search_term_string}\"},\"query-input\":{\"@type\":\"PropertyValueSpecification\",\"valueRequired\":true,\"valueName\":\"search_term_string\"}}],\"inLanguage\":\"es\"},{\"@type\":\"Organization\",\"@id\":\"https:\\\/\\\/www.elisabetbach.com\\\/#organization\",\"name\":\"Elisabet Bach\",\"url\":\"https:\\\/\\\/www.elisabetbach.com\\\/\",\"logo\":{\"@type\":\"ImageObject\",\"inLanguage\":\"es\",\"@id\":\"https:\\\/\\\/www.elisabetbach.com\\\/#\\\/schema\\\/logo\\\/image\\\/\",\"url\":\"https:\\\/\\\/www.elisabetbach.com\\\/wp-content\\\/uploads\\\/2014\\\/03\\\/logo.png\",\"contentUrl\":\"https:\\\/\\\/www.elisabetbach.com\\\/wp-content\\\/uploads\\\/2014\\\/03\\\/logo.png\",\"width\":308,\"height\":49,\"caption\":\"Elisabet Bach\"},\"image\":{\"@id\":\"https:\\\/\\\/www.elisabetbach.com\\\/#\\\/schema\\\/logo\\\/image\\\/\"},\"sameAs\":[\"https:\\\/\\\/www.facebook.com\\\/elisabetbacholler\\\/\",\"https:\\\/\\\/x.com\\\/elisabet_bach\",\"https:\\\/\\\/www.linkedin.com\\\/in\\\/elisabetbachconsultant\\\/\",\"https:\\\/\\\/www.youtube.com\\\/channel\\\/UCaoleye0jmPoR0_FLWsGa8Q\"]},{\"@type\":\"Person\",\"@id\":\"https:\\\/\\\/www.elisabetbach.com\\\/#\\\/schema\\\/person\\\/685f9d1030414b49ce9a4362405597ba\",\"name\":\"Elisabet Bach\",\"image\":{\"@type\":\"ImageObject\",\"inLanguage\":\"es\",\"@id\":\"https:\\\/\\\/secure.gravatar.com\\\/avatar\\\/d13c76c09a17d190fa2cc3ea283c77f6157acedd712e72edb10e741afaba1cf3?s=96&d=mm&r=g\",\"url\":\"https:\\\/\\\/secure.gravatar.com\\\/avatar\\\/d13c76c09a17d190fa2cc3ea283c77f6157acedd712e72edb10e741afaba1cf3?s=96&d=mm&r=g\",\"contentUrl\":\"https:\\\/\\\/secure.gravatar.com\\\/avatar\\\/d13c76c09a17d190fa2cc3ea283c77f6157acedd712e72edb10e741afaba1cf3?s=96&d=mm&r=g\",\"caption\":\"Elisabet Bach\"},\"sameAs\":[\"http:\\\/\\\/www.elisabetbach.com\"],\"url\":\"https:\\\/\\\/www.elisabetbach.com\\\/es\\\/author\\\/ebach\\\/\"}]}<\/script>\n<!-- \/ Yoast SEO plugin. -->","yoast_head_json":{"title":"De trabajador aut\u00f3nomo a empresario aut\u00f3nomo - Elisabet Bach","description":"La palabra trabajador aut\u00f3nomo no explicita la tarea de gesti\u00f3n de empresa que conlleva. \u00bfY si lo cambiamos por el de empresario aut\u00f3nomo?","robots":{"index":"index","follow":"follow","max-snippet":"max-snippet:-1","max-image-preview":"max-image-preview:large","max-video-preview":"max-video-preview:-1"},"canonical":"https:\/\/www.elisabetbach.com\/es\/trabajador-autonomo-empresario-autonomo\/","og_locale":"es_ES","og_type":"article","og_title":"De trabajador aut\u00f3nomo a empresario aut\u00f3nomo - Elisabet Bach","og_description":"La palabra trabajador aut\u00f3nomo no explicita la tarea de gesti\u00f3n de empresa que conlleva. \u00bfY si lo cambiamos por el de empresario aut\u00f3nomo?","og_url":"https:\/\/www.elisabetbach.com\/es\/trabajador-autonomo-empresario-autonomo\/","og_site_name":"Elisabet Bach","article_publisher":"https:\/\/www.facebook.com\/elisabetbacholler\/","article_published_time":"2017-12-03T09:56:27+00:00","article_modified_time":"2020-07-16T10:44:16+00:00","og_image":[{"width":810,"height":450,"url":"https:\/\/www.elisabetbach.com\/wp-content\/uploads\/2017\/12\/Elisabet-Bach-RRSS-2-51.png","type":"image\/png"}],"author":"Elisabet Bach","twitter_misc":{"Escrito por":"Elisabet Bach","Tiempo de lectura":"3 minutos"},"schema":{"@context":"https:\/\/schema.org","@graph":[{"@type":"Article","@id":"https:\/\/www.elisabetbach.com\/es\/trabajador-autonomo-empresario-autonomo\/#article","isPartOf":{"@id":"https:\/\/www.elisabetbach.com\/es\/trabajador-autonomo-empresario-autonomo\/"},"author":{"name":"Elisabet Bach","@id":"https:\/\/www.elisabetbach.com\/#\/schema\/person\/685f9d1030414b49ce9a4362405597ba"},"headline":"De trabajador aut\u00f3nomo a empresario aut\u00f3nomo","datePublished":"2017-12-03T09:56:27+00:00","dateModified":"2020-07-16T10:44:16+00:00","mainEntityOfPage":{"@id":"https:\/\/www.elisabetbach.com\/es\/trabajador-autonomo-empresario-autonomo\/"},"wordCount":619,"commentCount":1,"publisher":{"@id":"https:\/\/www.elisabetbach.com\/#organization"},"image":{"@id":"https:\/\/www.elisabetbach.com\/es\/trabajador-autonomo-empresario-autonomo\/#primaryimage"},"thumbnailUrl":"https:\/\/www.elisabetbach.com\/wp-content\/uploads\/2017\/12\/Elisabet-Bach-RRSS-2-51.png","keywords":["aut\u00f3nomo","aut\u00f3nomos","aut\u00f2noms","microempresa","start up"],"articleSection":["Aut\u00f3nomos","Aut\u00f2noms","Creaci\u00f3n de empresas","Decisi\u00f3n de emprender","Emprendedores","Formaci\u00f3n","PIME","PYME"],"inLanguage":"es","potentialAction":[{"@type":"CommentAction","name":"Comment","target":["https:\/\/www.elisabetbach.com\/es\/trabajador-autonomo-empresario-autonomo\/#respond"]}]},{"@type":"WebPage","@id":"https:\/\/www.elisabetbach.com\/es\/trabajador-autonomo-empresario-autonomo\/","url":"https:\/\/www.elisabetbach.com\/es\/trabajador-autonomo-empresario-autonomo\/","name":"De trabajador aut\u00f3nomo a empresario aut\u00f3nomo - Elisabet Bach","isPartOf":{"@id":"https:\/\/www.elisabetbach.com\/#website"},"primaryImageOfPage":{"@id":"https:\/\/www.elisabetbach.com\/es\/trabajador-autonomo-empresario-autonomo\/#primaryimage"},"image":{"@id":"https:\/\/www.elisabetbach.com\/es\/trabajador-autonomo-empresario-autonomo\/#primaryimage"},"thumbnailUrl":"https:\/\/www.elisabetbach.com\/wp-content\/uploads\/2017\/12\/Elisabet-Bach-RRSS-2-51.png","datePublished":"2017-12-03T09:56:27+00:00","dateModified":"2020-07-16T10:44:16+00:00","description":"La palabra trabajador aut\u00f3nomo no explicita la tarea de gesti\u00f3n de empresa que conlleva. \u00bfY si lo cambiamos por el de empresario aut\u00f3nomo?","breadcrumb":{"@id":"https:\/\/www.elisabetbach.com\/es\/trabajador-autonomo-empresario-autonomo\/#breadcrumb"},"inLanguage":"es","potentialAction":[{"@type":"ReadAction","target":["https:\/\/www.elisabetbach.com\/es\/trabajador-autonomo-empresario-autonomo\/"]}]},{"@type":"ImageObject","inLanguage":"es","@id":"https:\/\/www.elisabetbach.com\/es\/trabajador-autonomo-empresario-autonomo\/#primaryimage","url":"https:\/\/www.elisabetbach.com\/wp-content\/uploads\/2017\/12\/Elisabet-Bach-RRSS-2-51.png","contentUrl":"https:\/\/www.elisabetbach.com\/wp-content\/uploads\/2017\/12\/Elisabet-Bach-RRSS-2-51.png","width":810,"height":450},{"@type":"BreadcrumbList","@id":"https:\/\/www.elisabetbach.com\/es\/trabajador-autonomo-empresario-autonomo\/#breadcrumb","itemListElement":[{"@type":"ListItem","position":1,"name":"Inici","item":"https:\/\/www.elisabetbach.com\/es\/"},{"@type":"ListItem","position":2,"name":"De trabajador aut\u00f3nomo a empresario aut\u00f3nomo"}]},{"@type":"WebSite","@id":"https:\/\/www.elisabetbach.com\/#website","url":"https:\/\/www.elisabetbach.com\/","name":"Elisabet Bach","description":"Consultora Econ\u00f3mica y Financiera","publisher":{"@id":"https:\/\/www.elisabetbach.com\/#organization"},"potentialAction":[{"@type":"SearchAction","target":{"@type":"EntryPoint","urlTemplate":"https:\/\/www.elisabetbach.com\/?s={search_term_string}"},"query-input":{"@type":"PropertyValueSpecification","valueRequired":true,"valueName":"search_term_string"}}],"inLanguage":"es"},{"@type":"Organization","@id":"https:\/\/www.elisabetbach.com\/#organization","name":"Elisabet Bach","url":"https:\/\/www.elisabetbach.com\/","logo":{"@type":"ImageObject","inLanguage":"es","@id":"https:\/\/www.elisabetbach.com\/#\/schema\/logo\/image\/","url":"https:\/\/www.elisabetbach.com\/wp-content\/uploads\/2014\/03\/logo.png","contentUrl":"https:\/\/www.elisabetbach.com\/wp-content\/uploads\/2014\/03\/logo.png","width":308,"height":49,"caption":"Elisabet Bach"},"image":{"@id":"https:\/\/www.elisabetbach.com\/#\/schema\/logo\/image\/"},"sameAs":["https:\/\/www.facebook.com\/elisabetbacholler\/","https:\/\/x.com\/elisabet_bach","https:\/\/www.linkedin.com\/in\/elisabetbachconsultant\/","https:\/\/www.youtube.com\/channel\/UCaoleye0jmPoR0_FLWsGa8Q"]},{"@type":"Person","@id":"https:\/\/www.elisabetbach.com\/#\/schema\/person\/685f9d1030414b49ce9a4362405597ba","name":"Elisabet Bach","image":{"@type":"ImageObject","inLanguage":"es","@id":"https:\/\/secure.gravatar.com\/avatar\/d13c76c09a17d190fa2cc3ea283c77f6157acedd712e72edb10e741afaba1cf3?s=96&d=mm&r=g","url":"https:\/\/secure.gravatar.com\/avatar\/d13c76c09a17d190fa2cc3ea283c77f6157acedd712e72edb10e741afaba1cf3?s=96&d=mm&r=g","contentUrl":"https:\/\/secure.gravatar.com\/avatar\/d13c76c09a17d190fa2cc3ea283c77f6157acedd712e72edb10e741afaba1cf3?s=96&d=mm&r=g","caption":"Elisabet Bach"},"sameAs":["http:\/\/www.elisabetbach.com"],"url":"https:\/\/www.elisabetbach.com\/es\/author\/ebach\/"}]}},"_links":{"self":[{"href":"https:\/\/www.elisabetbach.com\/es\/wp-json\/wp\/v2\/posts\/5188","targetHints":{"allow":["GET"]}}],"collection":[{"href":"https:\/\/www.elisabetbach.com\/es\/wp-json\/wp\/v2\/posts"}],"about":[{"href":"https:\/\/www.elisabetbach.com\/es\/wp-json\/wp\/v2\/types\/post"}],"author":[{"embeddable":true,"href":"https:\/\/www.elisabetbach.com\/es\/wp-json\/wp\/v2\/users\/3"}],"replies":[{"embeddable":true,"href":"https:\/\/www.elisabetbach.com\/es\/wp-json\/wp\/v2\/comments?post=5188"}],"version-history":[{"count":8,"href":"https:\/\/www.elisabetbach.com\/es\/wp-json\/wp\/v2\/posts\/5188\/revisions"}],"predecessor-version":[{"id":7758,"href":"https:\/\/www.elisabetbach.com\/es\/wp-json\/wp\/v2\/posts\/5188\/revisions\/7758"}],"wp:featuredmedia":[{"embeddable":true,"href":"https:\/\/www.elisabetbach.com\/es\/wp-json\/wp\/v2\/media\/7748"}],"wp:attachment":[{"href":"https:\/\/www.elisabetbach.com\/es\/wp-json\/wp\/v2\/media?parent=5188"}],"wp:term":[{"taxonomy":"category","embeddable":true,"href":"https:\/\/www.elisabetbach.com\/es\/wp-json\/wp\/v2\/categories?post=5188"},{"taxonomy":"post_tag","embeddable":true,"href":"https:\/\/www.elisabetbach.com\/es\/wp-json\/wp\/v2\/tags?post=5188"}],"curies":[{"name":"wp","href":"https:\/\/api.w.org\/{rel}","templated":true}]}}