{"id":5234,"date":"2017-12-27T08:55:41","date_gmt":"2017-12-27T08:55:41","guid":{"rendered":"http:\/\/www.elisabetbach.com\/?p=5234\/"},"modified":"2017-12-26T08:39:30","modified_gmt":"2017-12-26T08:39:30","slug":"hacer-crecer-mi-empresa-proposito-ano-nuevo","status":"publish","type":"post","link":"https:\/\/www.elisabetbach.com\/es\/hacer-crecer-mi-empresa-proposito-ano-nuevo\/","title":{"rendered":"Hacer crecer mi empresa: el prop\u00f3sito de A\u00f1o Nuevo"},"content":{"rendered":"<div id=\"attachment_5242\" style=\"width: 310px\" class=\"wp-caption alignleft\"><a href=\"http:\/\/www.elisabetbach.com\/?attachment_id=5242\" rel=\"attachment wp-att-5242\"><img loading=\"lazy\" decoding=\"async\" aria-describedby=\"caption-attachment-5242\" class=\"wp-image-5242 size-medium\" src=\"http:\/\/www.elisabetbach.com\/wp-content\/uploads\/2017\/12\/ebach_proposito_a\u00f1oy_nuevo_hacer_crecer_mi_empresa-300x200.jpg\" alt=\"EBach_Prop\u00f3sito de A\u00f1o Nuevo Hacer crecer mi empresa\" width=\"300\" height=\"200\" srcset=\"https:\/\/www.elisabetbach.com\/wp-content\/uploads\/2017\/12\/ebach_proposito_a\u00f1oy_nuevo_hacer_crecer_mi_empresa-300x200.jpg 300w, https:\/\/www.elisabetbach.com\/wp-content\/uploads\/2017\/12\/ebach_proposito_a\u00f1oy_nuevo_hacer_crecer_mi_empresa-768x512.jpg 768w, https:\/\/www.elisabetbach.com\/wp-content\/uploads\/2017\/12\/ebach_proposito_a\u00f1oy_nuevo_hacer_crecer_mi_empresa.jpg 800w\" sizes=\"auto, (max-width:767px) 300px, 300px\" \/><\/a><p id=\"caption-attachment-5242\" class=\"wp-caption-text\">FOTO: @joanavulart<\/p><\/div>\n<blockquote><p><em>Hacer crecer mi empresa de forma organizada, sin perder personalizaci\u00f3n, cogiendo el volante del negocio y dedic\u00e1ndole menos horas de trabajo.\u00a0Esto es lo que quiero.<\/em><\/p><\/blockquote>\n<p>Este es el deseo de muchos de mis clientes.\u00a0\u00bfNo os parece un muy buen prop\u00f3sito para el a\u00f1o que estamos a punto de empezar?<\/p>\n<p>Nuevas ideas, nuevos proyectos, hacer crecer los actuales, organizarse mejor. \u00c9stas son las oportunidades que nos brinda el A\u00f1o Nuevo.\u00a0Sabemos c\u00f3mo hemos pasado \u00e9ste, lo que nos ha gustado, lo que nos ha funcionado, lo que no, lo que queremos a\u00f1adir, lo que queremos dejar por el camino.\u00a0Momentos de valoraci\u00f3n, momentos de continuidad, momentos de cambio.\u00a0Como dec\u00eda Miquel Mart\u00ed i Pol:<\/p>\n<blockquote><p>Todo est\u00e1 por hacer y todo es posible<\/p><\/blockquote>\n<p>\u00c9sta y las pr\u00f3ximas semanas hablaremos de este prop\u00f3sito.\u00a0De c\u00f3mo trabajarlo, de c\u00f3mo conseguirlo.<\/p>\n<p>Esta semana os invito a hacer el ejercicio siguiente sobre uno y su empresa. Piensa:<\/p>\n<p>&#8211; que tienes<br \/>\n&#8211; que deseas<br \/>\n&#8211; que no tienes<br \/>\n&#8211; que no deseas<\/p>\n<p>Cada uno de estos puntos los podemos cruzar el uno con el otro de manera que al final obtenemos la siguiente matriz:<\/p>\n<p>&#8211; \u00bfQu\u00e9 tengo y quiero?<br \/>\n&#8211; \u00bfQu\u00e9 tengo y no quiero?<br \/>\n&#8211; \u00bfQu\u00e9 no tengo y quiero?<br \/>\n&#8211; \u00bfQu\u00e9 no tengo y no quiero?<\/p>\n<p>Si quer\u00e9is que os env\u00ede la matriz en pdf para que os sea m\u00e1s f\u00e1cil trabajarlo, enviadme un mail a info@elisabetbach.com.<\/p>\n<p>Esta reflexi\u00f3n os ayudar\u00e1 a orientar el principal prop\u00f3sito de hacer crecer la empresa y no desfallecer.<\/p>\n<p>\u00a1Empecemos el a\u00f1o nuevo con buen pie!<\/p>\n","protected":false},"excerpt":{"rendered":"<p>Hacer crecer mi empresa de forma organizada, sin perder personalizaci\u00f3n, cogiendo el volante del negocio y dedic\u00e1ndole menos horas de trabajo.\u00a0Esto es lo que quiero. Este<span class=\"excerpt-hellip\"> [\u2026]<\/span><\/p>\n","protected":false},"author":3,"featured_media":0,"comment_status":"open","ping_status":"open","sticky":false,"template":"","format":"standard","meta":{"footnotes":""},"categories":[149,206,102,103,140,207,155,172],"tags":[194,210,189,131],"class_list":["post-5234","post","type-post","status-publish","format-standard","hentry","category-autonomos","category-autonoms-es","category-creacion-de-empresas","category-emprendedores","category-modelos-de-negocio","category-pime-es","category-pyme","category-startup","tag-crecimiento-de-empresas","tag-microempresa-es","tag-microempresa","tag-pyme"],"yoast_head":"<!-- This site is optimized with the Yoast SEO plugin v27.4 - https:\/\/yoast.com\/product\/yoast-seo-wordpress\/ -->\n<title>Hacer crecer mi empresa: el prop\u00f3sito de A\u00f1o Nuevo - Elisabet Bach<\/title>\n<meta name=\"description\" content=\"Hacer crecer mi empresa. \u00c9ste es uno de los prop\u00f3sitos para A\u00f1o Nuevo. \u00bfQu\u00e9 hacer para que sea una realidad? El primer paso, leer este post..\" \/>\n<meta name=\"robots\" content=\"index, follow, max-snippet:-1, max-image-preview:large, max-video-preview:-1\" \/>\n<link rel=\"canonical\" href=\"https:\/\/www.elisabetbach.com\/es\/hacer-crecer-mi-empresa-proposito-ano-nuevo\/\" \/>\n<meta property=\"og:locale\" content=\"es_ES\" \/>\n<meta property=\"og:type\" content=\"article\" \/>\n<meta property=\"og:title\" content=\"Hacer crecer mi empresa: el prop\u00f3sito de A\u00f1o Nuevo - Elisabet Bach\" \/>\n<meta property=\"og:description\" content=\"Hacer crecer mi empresa. \u00c9ste es uno de los prop\u00f3sitos para A\u00f1o Nuevo. \u00bfQu\u00e9 hacer para que sea una realidad? El primer paso, leer este post..\" \/>\n<meta property=\"og:url\" content=\"https:\/\/www.elisabetbach.com\/es\/hacer-crecer-mi-empresa-proposito-ano-nuevo\/\" \/>\n<meta property=\"og:site_name\" content=\"Elisabet Bach\" \/>\n<meta property=\"article:publisher\" content=\"https:\/\/www.facebook.com\/elisabetbacholler\/\" \/>\n<meta property=\"article:published_time\" content=\"2017-12-27T08:55:41+00:00\" \/>\n<meta name=\"author\" content=\"Elisabet Bach\" \/>\n<meta name=\"twitter:label1\" content=\"Escrito por\" \/>\n\t<meta name=\"twitter:data1\" content=\"Elisabet Bach\" \/>\n\t<meta name=\"twitter:label2\" content=\"Tiempo de lectura\" \/>\n\t<meta name=\"twitter:data2\" content=\"1 minuto\" \/>\n<script type=\"application\/ld+json\" class=\"yoast-schema-graph\">{\"@context\":\"https:\\\/\\\/schema.org\",\"@graph\":[{\"@type\":\"Article\",\"@id\":\"https:\\\/\\\/www.elisabetbach.com\\\/es\\\/hacer-crecer-mi-empresa-proposito-ano-nuevo\\\/#article\",\"isPartOf\":{\"@id\":\"https:\\\/\\\/www.elisabetbach.com\\\/es\\\/hacer-crecer-mi-empresa-proposito-ano-nuevo\\\/\"},\"author\":{\"name\":\"Elisabet Bach\",\"@id\":\"https:\\\/\\\/www.elisabetbach.com\\\/#\\\/schema\\\/person\\\/685f9d1030414b49ce9a4362405597ba\"},\"headline\":\"Hacer crecer mi empresa: el prop\u00f3sito de A\u00f1o Nuevo\",\"datePublished\":\"2017-12-27T08:55:41+00:00\",\"mainEntityOfPage\":{\"@id\":\"https:\\\/\\\/www.elisabetbach.com\\\/es\\\/hacer-crecer-mi-empresa-proposito-ano-nuevo\\\/\"},\"wordCount\":300,\"commentCount\":1,\"publisher\":{\"@id\":\"https:\\\/\\\/www.elisabetbach.com\\\/#organization\"},\"keywords\":[\"crecimiento de empresas\",\"microempresa\",\"microempresa\",\"PYME\"],\"articleSection\":[\"Aut\u00f3nomos\",\"Aut\u00f2noms\",\"Creaci\u00f3n de empresas\",\"Emprendedores\",\"Modelos de negocio\",\"PIME\",\"PYME\",\"Startup\"],\"inLanguage\":\"es\",\"potentialAction\":[{\"@type\":\"CommentAction\",\"name\":\"Comment\",\"target\":[\"https:\\\/\\\/www.elisabetbach.com\\\/es\\\/hacer-crecer-mi-empresa-proposito-ano-nuevo\\\/#respond\"]}]},{\"@type\":\"WebPage\",\"@id\":\"https:\\\/\\\/www.elisabetbach.com\\\/es\\\/hacer-crecer-mi-empresa-proposito-ano-nuevo\\\/\",\"url\":\"https:\\\/\\\/www.elisabetbach.com\\\/es\\\/hacer-crecer-mi-empresa-proposito-ano-nuevo\\\/\",\"name\":\"Hacer crecer mi empresa: el prop\u00f3sito de A\u00f1o Nuevo - Elisabet Bach\",\"isPartOf\":{\"@id\":\"https:\\\/\\\/www.elisabetbach.com\\\/#website\"},\"datePublished\":\"2017-12-27T08:55:41+00:00\",\"description\":\"Hacer crecer mi empresa. \u00c9ste es uno de los prop\u00f3sitos para A\u00f1o Nuevo. \u00bfQu\u00e9 hacer para que sea una realidad? El primer paso, leer este post..\",\"breadcrumb\":{\"@id\":\"https:\\\/\\\/www.elisabetbach.com\\\/es\\\/hacer-crecer-mi-empresa-proposito-ano-nuevo\\\/#breadcrumb\"},\"inLanguage\":\"es\",\"potentialAction\":[{\"@type\":\"ReadAction\",\"target\":[\"https:\\\/\\\/www.elisabetbach.com\\\/es\\\/hacer-crecer-mi-empresa-proposito-ano-nuevo\\\/\"]}]},{\"@type\":\"BreadcrumbList\",\"@id\":\"https:\\\/\\\/www.elisabetbach.com\\\/es\\\/hacer-crecer-mi-empresa-proposito-ano-nuevo\\\/#breadcrumb\",\"itemListElement\":[{\"@type\":\"ListItem\",\"position\":1,\"name\":\"Inici\",\"item\":\"https:\\\/\\\/www.elisabetbach.com\\\/es\\\/\"},{\"@type\":\"ListItem\",\"position\":2,\"name\":\"Hacer crecer mi empresa: el prop\u00f3sito de A\u00f1o Nuevo\"}]},{\"@type\":\"WebSite\",\"@id\":\"https:\\\/\\\/www.elisabetbach.com\\\/#website\",\"url\":\"https:\\\/\\\/www.elisabetbach.com\\\/\",\"name\":\"Elisabet Bach\",\"description\":\"Consultora Econ\u00f3mica y Financiera\",\"publisher\":{\"@id\":\"https:\\\/\\\/www.elisabetbach.com\\\/#organization\"},\"potentialAction\":[{\"@type\":\"SearchAction\",\"target\":{\"@type\":\"EntryPoint\",\"urlTemplate\":\"https:\\\/\\\/www.elisabetbach.com\\\/?s={search_term_string}\"},\"query-input\":{\"@type\":\"PropertyValueSpecification\",\"valueRequired\":true,\"valueName\":\"search_term_string\"}}],\"inLanguage\":\"es\"},{\"@type\":\"Organization\",\"@id\":\"https:\\\/\\\/www.elisabetbach.com\\\/#organization\",\"name\":\"Elisabet Bach\",\"url\":\"https:\\\/\\\/www.elisabetbach.com\\\/\",\"logo\":{\"@type\":\"ImageObject\",\"inLanguage\":\"es\",\"@id\":\"https:\\\/\\\/www.elisabetbach.com\\\/#\\\/schema\\\/logo\\\/image\\\/\",\"url\":\"https:\\\/\\\/www.elisabetbach.com\\\/wp-content\\\/uploads\\\/2014\\\/03\\\/logo.png\",\"contentUrl\":\"https:\\\/\\\/www.elisabetbach.com\\\/wp-content\\\/uploads\\\/2014\\\/03\\\/logo.png\",\"width\":308,\"height\":49,\"caption\":\"Elisabet Bach\"},\"image\":{\"@id\":\"https:\\\/\\\/www.elisabetbach.com\\\/#\\\/schema\\\/logo\\\/image\\\/\"},\"sameAs\":[\"https:\\\/\\\/www.facebook.com\\\/elisabetbacholler\\\/\",\"https:\\\/\\\/x.com\\\/elisabet_bach\",\"https:\\\/\\\/www.linkedin.com\\\/in\\\/elisabetbachconsultant\\\/\",\"https:\\\/\\\/www.youtube.com\\\/channel\\\/UCaoleye0jmPoR0_FLWsGa8Q\"]},{\"@type\":\"Person\",\"@id\":\"https:\\\/\\\/www.elisabetbach.com\\\/#\\\/schema\\\/person\\\/685f9d1030414b49ce9a4362405597ba\",\"name\":\"Elisabet Bach\",\"image\":{\"@type\":\"ImageObject\",\"inLanguage\":\"es\",\"@id\":\"https:\\\/\\\/secure.gravatar.com\\\/avatar\\\/d13c76c09a17d190fa2cc3ea283c77f6157acedd712e72edb10e741afaba1cf3?s=96&d=mm&r=g\",\"url\":\"https:\\\/\\\/secure.gravatar.com\\\/avatar\\\/d13c76c09a17d190fa2cc3ea283c77f6157acedd712e72edb10e741afaba1cf3?s=96&d=mm&r=g\",\"contentUrl\":\"https:\\\/\\\/secure.gravatar.com\\\/avatar\\\/d13c76c09a17d190fa2cc3ea283c77f6157acedd712e72edb10e741afaba1cf3?s=96&d=mm&r=g\",\"caption\":\"Elisabet Bach\"},\"sameAs\":[\"http:\\\/\\\/www.elisabetbach.com\"],\"url\":\"https:\\\/\\\/www.elisabetbach.com\\\/es\\\/author\\\/ebach\\\/\"}]}<\/script>\n<!-- \/ Yoast SEO plugin. -->","yoast_head_json":{"title":"Hacer crecer mi empresa: el prop\u00f3sito de A\u00f1o Nuevo - Elisabet Bach","description":"Hacer crecer mi empresa. \u00c9ste es uno de los prop\u00f3sitos para A\u00f1o Nuevo. \u00bfQu\u00e9 hacer para que sea una realidad? El primer paso, leer este post..","robots":{"index":"index","follow":"follow","max-snippet":"max-snippet:-1","max-image-preview":"max-image-preview:large","max-video-preview":"max-video-preview:-1"},"canonical":"https:\/\/www.elisabetbach.com\/es\/hacer-crecer-mi-empresa-proposito-ano-nuevo\/","og_locale":"es_ES","og_type":"article","og_title":"Hacer crecer mi empresa: el prop\u00f3sito de A\u00f1o Nuevo - Elisabet Bach","og_description":"Hacer crecer mi empresa. \u00c9ste es uno de los prop\u00f3sitos para A\u00f1o Nuevo. \u00bfQu\u00e9 hacer para que sea una realidad? El primer paso, leer este post..","og_url":"https:\/\/www.elisabetbach.com\/es\/hacer-crecer-mi-empresa-proposito-ano-nuevo\/","og_site_name":"Elisabet Bach","article_publisher":"https:\/\/www.facebook.com\/elisabetbacholler\/","article_published_time":"2017-12-27T08:55:41+00:00","author":"Elisabet Bach","twitter_misc":{"Escrito por":"Elisabet Bach","Tiempo de lectura":"1 minuto"},"schema":{"@context":"https:\/\/schema.org","@graph":[{"@type":"Article","@id":"https:\/\/www.elisabetbach.com\/es\/hacer-crecer-mi-empresa-proposito-ano-nuevo\/#article","isPartOf":{"@id":"https:\/\/www.elisabetbach.com\/es\/hacer-crecer-mi-empresa-proposito-ano-nuevo\/"},"author":{"name":"Elisabet Bach","@id":"https:\/\/www.elisabetbach.com\/#\/schema\/person\/685f9d1030414b49ce9a4362405597ba"},"headline":"Hacer crecer mi empresa: el prop\u00f3sito de A\u00f1o Nuevo","datePublished":"2017-12-27T08:55:41+00:00","mainEntityOfPage":{"@id":"https:\/\/www.elisabetbach.com\/es\/hacer-crecer-mi-empresa-proposito-ano-nuevo\/"},"wordCount":300,"commentCount":1,"publisher":{"@id":"https:\/\/www.elisabetbach.com\/#organization"},"keywords":["crecimiento de empresas","microempresa","microempresa","PYME"],"articleSection":["Aut\u00f3nomos","Aut\u00f2noms","Creaci\u00f3n de empresas","Emprendedores","Modelos de negocio","PIME","PYME","Startup"],"inLanguage":"es","potentialAction":[{"@type":"CommentAction","name":"Comment","target":["https:\/\/www.elisabetbach.com\/es\/hacer-crecer-mi-empresa-proposito-ano-nuevo\/#respond"]}]},{"@type":"WebPage","@id":"https:\/\/www.elisabetbach.com\/es\/hacer-crecer-mi-empresa-proposito-ano-nuevo\/","url":"https:\/\/www.elisabetbach.com\/es\/hacer-crecer-mi-empresa-proposito-ano-nuevo\/","name":"Hacer crecer mi empresa: el prop\u00f3sito de A\u00f1o Nuevo - Elisabet Bach","isPartOf":{"@id":"https:\/\/www.elisabetbach.com\/#website"},"datePublished":"2017-12-27T08:55:41+00:00","description":"Hacer crecer mi empresa. \u00c9ste es uno de los prop\u00f3sitos para A\u00f1o Nuevo. \u00bfQu\u00e9 hacer para que sea una realidad? El primer paso, leer este post..","breadcrumb":{"@id":"https:\/\/www.elisabetbach.com\/es\/hacer-crecer-mi-empresa-proposito-ano-nuevo\/#breadcrumb"},"inLanguage":"es","potentialAction":[{"@type":"ReadAction","target":["https:\/\/www.elisabetbach.com\/es\/hacer-crecer-mi-empresa-proposito-ano-nuevo\/"]}]},{"@type":"BreadcrumbList","@id":"https:\/\/www.elisabetbach.com\/es\/hacer-crecer-mi-empresa-proposito-ano-nuevo\/#breadcrumb","itemListElement":[{"@type":"ListItem","position":1,"name":"Inici","item":"https:\/\/www.elisabetbach.com\/es\/"},{"@type":"ListItem","position":2,"name":"Hacer crecer mi empresa: el prop\u00f3sito de A\u00f1o Nuevo"}]},{"@type":"WebSite","@id":"https:\/\/www.elisabetbach.com\/#website","url":"https:\/\/www.elisabetbach.com\/","name":"Elisabet Bach","description":"Consultora Econ\u00f3mica y Financiera","publisher":{"@id":"https:\/\/www.elisabetbach.com\/#organization"},"potentialAction":[{"@type":"SearchAction","target":{"@type":"EntryPoint","urlTemplate":"https:\/\/www.elisabetbach.com\/?s={search_term_string}"},"query-input":{"@type":"PropertyValueSpecification","valueRequired":true,"valueName":"search_term_string"}}],"inLanguage":"es"},{"@type":"Organization","@id":"https:\/\/www.elisabetbach.com\/#organization","name":"Elisabet Bach","url":"https:\/\/www.elisabetbach.com\/","logo":{"@type":"ImageObject","inLanguage":"es","@id":"https:\/\/www.elisabetbach.com\/#\/schema\/logo\/image\/","url":"https:\/\/www.elisabetbach.com\/wp-content\/uploads\/2014\/03\/logo.png","contentUrl":"https:\/\/www.elisabetbach.com\/wp-content\/uploads\/2014\/03\/logo.png","width":308,"height":49,"caption":"Elisabet Bach"},"image":{"@id":"https:\/\/www.elisabetbach.com\/#\/schema\/logo\/image\/"},"sameAs":["https:\/\/www.facebook.com\/elisabetbacholler\/","https:\/\/x.com\/elisabet_bach","https:\/\/www.linkedin.com\/in\/elisabetbachconsultant\/","https:\/\/www.youtube.com\/channel\/UCaoleye0jmPoR0_FLWsGa8Q"]},{"@type":"Person","@id":"https:\/\/www.elisabetbach.com\/#\/schema\/person\/685f9d1030414b49ce9a4362405597ba","name":"Elisabet Bach","image":{"@type":"ImageObject","inLanguage":"es","@id":"https:\/\/secure.gravatar.com\/avatar\/d13c76c09a17d190fa2cc3ea283c77f6157acedd712e72edb10e741afaba1cf3?s=96&d=mm&r=g","url":"https:\/\/secure.gravatar.com\/avatar\/d13c76c09a17d190fa2cc3ea283c77f6157acedd712e72edb10e741afaba1cf3?s=96&d=mm&r=g","contentUrl":"https:\/\/secure.gravatar.com\/avatar\/d13c76c09a17d190fa2cc3ea283c77f6157acedd712e72edb10e741afaba1cf3?s=96&d=mm&r=g","caption":"Elisabet Bach"},"sameAs":["http:\/\/www.elisabetbach.com"],"url":"https:\/\/www.elisabetbach.com\/es\/author\/ebach\/"}]}},"_links":{"self":[{"href":"https:\/\/www.elisabetbach.com\/es\/wp-json\/wp\/v2\/posts\/5234","targetHints":{"allow":["GET"]}}],"collection":[{"href":"https:\/\/www.elisabetbach.com\/es\/wp-json\/wp\/v2\/posts"}],"about":[{"href":"https:\/\/www.elisabetbach.com\/es\/wp-json\/wp\/v2\/types\/post"}],"author":[{"embeddable":true,"href":"https:\/\/www.elisabetbach.com\/es\/wp-json\/wp\/v2\/users\/3"}],"replies":[{"embeddable":true,"href":"https:\/\/www.elisabetbach.com\/es\/wp-json\/wp\/v2\/comments?post=5234"}],"version-history":[{"count":4,"href":"https:\/\/www.elisabetbach.com\/es\/wp-json\/wp\/v2\/posts\/5234\/revisions"}],"predecessor-version":[{"id":5244,"href":"https:\/\/www.elisabetbach.com\/es\/wp-json\/wp\/v2\/posts\/5234\/revisions\/5244"}],"wp:attachment":[{"href":"https:\/\/www.elisabetbach.com\/es\/wp-json\/wp\/v2\/media?parent=5234"}],"wp:term":[{"taxonomy":"category","embeddable":true,"href":"https:\/\/www.elisabetbach.com\/es\/wp-json\/wp\/v2\/categories?post=5234"},{"taxonomy":"post_tag","embeddable":true,"href":"https:\/\/www.elisabetbach.com\/es\/wp-json\/wp\/v2\/tags?post=5234"}],"curies":[{"name":"wp","href":"https:\/\/api.w.org\/{rel}","templated":true}]}}