{"id":5487,"date":"2018-05-02T08:08:15","date_gmt":"2018-05-02T08:08:15","guid":{"rendered":"http:\/\/www.elisabetbach.com\/reflexions-duna-mare-emprenedora\/"},"modified":"2018-05-03T09:25:46","modified_gmt":"2018-05-03T09:25:46","slug":"madre-emprendedora","status":"publish","type":"post","link":"https:\/\/www.elisabetbach.com\/es\/madre-emprendedora\/","title":{"rendered":"Reflexiones de una madre emprendedora"},"content":{"rendered":"<p style=\"text-align: justify;\">Mis hijas han crecido al mismo tiempo que he desarrollado mi empresa. Ahora ellas tienen 19 y 17 a\u00f1os y la consultor\u00eda 10. A estas alturas, me vienen a la cabeza algunas reflexiones sobre la experiencia como madre emprendedora que me gustar\u00eda compartir con vosotros.<\/p>\n<h2>El punto de partida<\/h2>\n<p style=\"text-align: justify;\">Siempre hab\u00eda querido trabajar por mi cuenta. Cuando la empresa en la que estaba cerr\u00f3, pens\u00e9 que era la oportunidad de llevarlo a cabo.<\/p>\n<p style=\"text-align: justify;\">Quer\u00eda dar salida a esta inquietud interna que ya hac\u00eda tiempo que arrastraba. Quer\u00eda desarrollar una actividad que me gustara. No me ve\u00eda trabajando para un tercero y, a\u00fan menos, marchando de casa a las 8h de la ma\u00f1ana y volviendo a las 20h de la tarde. Quer\u00eda disponer de mi tiempo, combinarlo seg\u00fan necesitara, tanto para el trabajo como para la familia. Os dir\u00e9 que, incluso, quer\u00eda trabajar s\u00f3lo jornadas de 6 horas para estar m\u00e1s tiempo con mis hijas.<\/p>\n<p style=\"text-align: justify;\">Quer\u00eda ejercer plenamente de madre y de emprendedora.<\/p>\n<h2>Algunos resultados<\/h2>\n<p style=\"text-align: justify;\">Ya os adelanto que no he conseguido nunca tener jornadas de 6 horas. Pero s\u00ed he tenido mucha flexibilidad: cuando el trabajo lo requer\u00eda, intensidad de horas en la actividad profesional; pero cuando mis hijas me necesitaban, el tiempo lo volcaba en ellas. De hecho, al principio buscaba una regularidad para tener un equilibrio entre trabajo y familia. Pero no la consegu\u00eda. Al final, lleg\u00f3 un momento en que pens\u00e9 que compaginar la vida familiar y la profesional era una b\u00fasqueda constante del equilibrio entre ambos tiempos. Y de este modo, con este cambio de perspectiva, me centr\u00e9 en estar donde consideraba que deb\u00eda estar en cada momento, en lugar de buscar la regularidad.<\/p>\n<p style=\"text-align: justify;\">La funci\u00f3n de madre var\u00eda a medida que los hijos se hacen mayores: siempre hay que estar, pero de manera diferente. Y eso, creo que lo he aprendido y lo desarrollado. No se trata de estar siempre con los hijos. Se trata, a veces, de escuchar, a veces, de hablar, a veces, de animar y, siempre, de acompa\u00f1ar.<\/p>\n<h2>Madre emprendedora y familia<\/h2>\n<p style=\"text-align: justify;\">Muchos son los valores que he aprendido como emprendedora: buscar lo que te ilusiona, ser constante y, el m\u00e1s importante, no desanimarte cuando los resultados no son los esperados.<\/p>\n<p style=\"text-align: justify;\">Y son estos valores los que tambi\u00e9n he transmitido como madre. No lo digo en el sentido de que mis hijas tengan que ser emprendedoras. Me explico. Desde peque\u00f1as siempre las he animado a probar cosas diferentes y a valorar qu\u00e9 les gustaba y qu\u00e9 no, a esforzarse cuando decid\u00edan hacer algo, a seguir intent\u00e1ndolo si no les sal\u00eda a la primera&#8230; Y veo que lo han ido poniendo en pr\u00e1ctica. De hecho, a medida que se han hecho mayores, pienso que esto las ha ayudado a escoger estudios que las motivan y a tener buenos resultados.<\/p>\n<p style=\"text-align: justify;\">Cabe decir que no lo hubiera podido hacer sola. El apoyo de mi <a href=\"https:\/\/www.elisabetbach.com\/es\/papa-quiero-emprendedora\/\" target=\"_blank\" rel=\"noopener\">entorno familiar<\/a>, empezando por mi pareja, ha sido clave en que sea madre emprendedora y en como veo hoy a mis hijas.<\/p>\n<p style=\"text-align: justify;\">Y tambi\u00e9n os dir\u00e9 que ahora ellas tambi\u00e9n forman parte de dicho entorno. De hecho, muchas veces me animan cuando las cosas no salen como espero. Me dicen \u00ab\u00a1Vamos, mam\u00e1, que t\u00fa puedes!\u00bb<\/p>\n<h2>La experiencia de otras madres emprendedoras<\/h2>\n<p style=\"text-align: justify;\">Cuando leo art\u00edculos sobre maternidad y emprendedur\u00eda me doy cuenta que, sin saberlo, de manera intuitiva, he seguido los consejos que dan.<\/p>\n<p style=\"text-align: justify;\">Por ejemplo, en <a href=\"https:\/\/www.entrepreneur.com\/article\/268745\" target=\"_blank\" rel=\"noopener\">6 consejos de vida para madres emprendedoras<\/a>, Kristy Rampton da unos consejos para conseguir conciliar ser madre y emprendedora: ser apasionada con lo que haces, luchar por tus objetivos, separar familia y trabajo (ya os he comentado que, en este punto, yo he conseguido un equilibrio, no separarlos), vivir tu sue\u00f1o, pedir ayuda (que te ayuden facilita mucho las cosas) y dedicarte tiempo.<\/p>\n<p style=\"text-align: justify;\">En definitiva, a continuar trabajando para hacer crecer la empresa, y estando cerca de mis hijas que, a pesar de que me necesitan de manera diferente a medida que se hacen mayores, igualmente me necesitan. \u00a1Y yo a ellas!<\/p>\n<p style=\"text-align: justify;\">\u00bfY t\u00fa? \u00bfCu\u00e1l es tu experiencia como madre emprendedora? \u00bfLa quieres compartir conmigo? Me gustar\u00eda mucho conocerla.<\/p>\n","protected":false},"excerpt":{"rendered":"<p>Mis hijas han crecido al mismo tiempo que he desarrollado mi empresa. Ahora ellas tienen 19 y 17 a\u00f1os y la consultor\u00eda 10. A estas alturas,<span class=\"excerpt-hellip\"> [\u2026]<\/span><\/p>\n","protected":false},"author":3,"featured_media":5492,"comment_status":"open","ping_status":"open","sticky":false,"template":"","format":"standard","meta":{"footnotes":""},"categories":[206,102,103],"tags":[217,218],"class_list":["post-5487","post","type-post","status-publish","format-standard","has-post-thumbnail","hentry","category-autonoms-es","category-creacion-de-empresas","category-emprendedores","tag-emprendimiento","tag-madre-emprendedora"],"yoast_head":"<!-- This site is optimized with the Yoast SEO plugin v27.4 - https:\/\/yoast.com\/product\/yoast-seo-wordpress\/ -->\n<title>Reflexiones de una madre emprendedora - Elisabet Bach Oller<\/title>\n<meta name=\"description\" content=\"Ser madre emprendedora a veces es un binomio dif\u00edcil de conciliar. Pero a pesar de las dificultades, tambi\u00e9n tiene muchas ventajas. \u00c9sta es mi experiencia.\" \/>\n<meta name=\"robots\" content=\"index, follow, max-snippet:-1, max-image-preview:large, max-video-preview:-1\" \/>\n<link rel=\"canonical\" href=\"https:\/\/www.elisabetbach.com\/es\/madre-emprendedora\/\" \/>\n<meta property=\"og:locale\" content=\"es_ES\" \/>\n<meta property=\"og:type\" content=\"article\" \/>\n<meta property=\"og:title\" content=\"Reflexiones de una madre emprendedora - Elisabet Bach Oller\" \/>\n<meta property=\"og:description\" content=\"Ser madre emprendedora a veces es un binomio dif\u00edcil de conciliar. Pero a pesar de las dificultades, tambi\u00e9n tiene muchas ventajas. \u00c9sta es mi experiencia.\" \/>\n<meta property=\"og:url\" content=\"https:\/\/www.elisabetbach.com\/es\/madre-emprendedora\/\" \/>\n<meta property=\"og:site_name\" content=\"Elisabet Bach\" \/>\n<meta property=\"article:publisher\" content=\"https:\/\/www.facebook.com\/elisabetbacholler\/\" \/>\n<meta property=\"article:published_time\" content=\"2018-05-02T08:08:15+00:00\" \/>\n<meta property=\"article:modified_time\" content=\"2018-05-03T09:25:46+00:00\" \/>\n<meta property=\"og:image\" content=\"https:\/\/www.elisabetbach.com\/wp-content\/uploads\/2018\/05\/Mare-emprenedora-Elisabet-Bach-1.jpg\" \/>\n\t<meta property=\"og:image:width\" content=\"320\" \/>\n\t<meta property=\"og:image:height\" content=\"240\" \/>\n\t<meta property=\"og:image:type\" content=\"image\/jpeg\" \/>\n<meta name=\"author\" content=\"Elisabet Bach\" \/>\n<meta name=\"twitter:label1\" content=\"Escrito por\" \/>\n\t<meta name=\"twitter:data1\" content=\"Elisabet Bach\" \/>\n\t<meta name=\"twitter:label2\" content=\"Tiempo de lectura\" \/>\n\t<meta name=\"twitter:data2\" content=\"4 minutos\" \/>\n<script type=\"application\/ld+json\" class=\"yoast-schema-graph\">{\"@context\":\"https:\\\/\\\/schema.org\",\"@graph\":[{\"@type\":\"Article\",\"@id\":\"https:\\\/\\\/www.elisabetbach.com\\\/es\\\/madre-emprendedora\\\/#article\",\"isPartOf\":{\"@id\":\"https:\\\/\\\/www.elisabetbach.com\\\/es\\\/madre-emprendedora\\\/\"},\"author\":{\"name\":\"Elisabet Bach\",\"@id\":\"https:\\\/\\\/www.elisabetbach.com\\\/#\\\/schema\\\/person\\\/685f9d1030414b49ce9a4362405597ba\"},\"headline\":\"Reflexiones de una madre emprendedora\",\"datePublished\":\"2018-05-02T08:08:15+00:00\",\"dateModified\":\"2018-05-03T09:25:46+00:00\",\"mainEntityOfPage\":{\"@id\":\"https:\\\/\\\/www.elisabetbach.com\\\/es\\\/madre-emprendedora\\\/\"},\"wordCount\":720,\"commentCount\":0,\"publisher\":{\"@id\":\"https:\\\/\\\/www.elisabetbach.com\\\/#organization\"},\"image\":{\"@id\":\"https:\\\/\\\/www.elisabetbach.com\\\/es\\\/madre-emprendedora\\\/#primaryimage\"},\"thumbnailUrl\":\"https:\\\/\\\/www.elisabetbach.com\\\/wp-content\\\/uploads\\\/2018\\\/05\\\/Mare-emprenedora-Elisabet-Bach-1.jpg\",\"keywords\":[\"emprendimiento\",\"Madre emprendedora\"],\"articleSection\":[\"Aut\u00f2noms\",\"Creaci\u00f3n de empresas\",\"Emprendedores\"],\"inLanguage\":\"es\",\"potentialAction\":[{\"@type\":\"CommentAction\",\"name\":\"Comment\",\"target\":[\"https:\\\/\\\/www.elisabetbach.com\\\/es\\\/madre-emprendedora\\\/#respond\"]}]},{\"@type\":\"WebPage\",\"@id\":\"https:\\\/\\\/www.elisabetbach.com\\\/es\\\/madre-emprendedora\\\/\",\"url\":\"https:\\\/\\\/www.elisabetbach.com\\\/es\\\/madre-emprendedora\\\/\",\"name\":\"Reflexiones de una madre emprendedora - Elisabet Bach Oller\",\"isPartOf\":{\"@id\":\"https:\\\/\\\/www.elisabetbach.com\\\/#website\"},\"primaryImageOfPage\":{\"@id\":\"https:\\\/\\\/www.elisabetbach.com\\\/es\\\/madre-emprendedora\\\/#primaryimage\"},\"image\":{\"@id\":\"https:\\\/\\\/www.elisabetbach.com\\\/es\\\/madre-emprendedora\\\/#primaryimage\"},\"thumbnailUrl\":\"https:\\\/\\\/www.elisabetbach.com\\\/wp-content\\\/uploads\\\/2018\\\/05\\\/Mare-emprenedora-Elisabet-Bach-1.jpg\",\"datePublished\":\"2018-05-02T08:08:15+00:00\",\"dateModified\":\"2018-05-03T09:25:46+00:00\",\"description\":\"Ser madre emprendedora a veces es un binomio dif\u00edcil de conciliar. Pero a pesar de las dificultades, tambi\u00e9n tiene muchas ventajas. \u00c9sta es mi experiencia.\",\"breadcrumb\":{\"@id\":\"https:\\\/\\\/www.elisabetbach.com\\\/es\\\/madre-emprendedora\\\/#breadcrumb\"},\"inLanguage\":\"es\",\"potentialAction\":[{\"@type\":\"ReadAction\",\"target\":[\"https:\\\/\\\/www.elisabetbach.com\\\/es\\\/madre-emprendedora\\\/\"]}]},{\"@type\":\"ImageObject\",\"inLanguage\":\"es\",\"@id\":\"https:\\\/\\\/www.elisabetbach.com\\\/es\\\/madre-emprendedora\\\/#primaryimage\",\"url\":\"https:\\\/\\\/www.elisabetbach.com\\\/wp-content\\\/uploads\\\/2018\\\/05\\\/Mare-emprenedora-Elisabet-Bach-1.jpg\",\"contentUrl\":\"https:\\\/\\\/www.elisabetbach.com\\\/wp-content\\\/uploads\\\/2018\\\/05\\\/Mare-emprenedora-Elisabet-Bach-1.jpg\",\"width\":320,\"height\":240,\"caption\":\"Reflexiones de una madre emprendedora.\"},{\"@type\":\"BreadcrumbList\",\"@id\":\"https:\\\/\\\/www.elisabetbach.com\\\/es\\\/madre-emprendedora\\\/#breadcrumb\",\"itemListElement\":[{\"@type\":\"ListItem\",\"position\":1,\"name\":\"Inici\",\"item\":\"https:\\\/\\\/www.elisabetbach.com\\\/es\\\/\"},{\"@type\":\"ListItem\",\"position\":2,\"name\":\"Reflexiones de una madre emprendedora\"}]},{\"@type\":\"WebSite\",\"@id\":\"https:\\\/\\\/www.elisabetbach.com\\\/#website\",\"url\":\"https:\\\/\\\/www.elisabetbach.com\\\/\",\"name\":\"Elisabet Bach\",\"description\":\"Consultora Econ\u00f3mica y Financiera\",\"publisher\":{\"@id\":\"https:\\\/\\\/www.elisabetbach.com\\\/#organization\"},\"potentialAction\":[{\"@type\":\"SearchAction\",\"target\":{\"@type\":\"EntryPoint\",\"urlTemplate\":\"https:\\\/\\\/www.elisabetbach.com\\\/?s={search_term_string}\"},\"query-input\":{\"@type\":\"PropertyValueSpecification\",\"valueRequired\":true,\"valueName\":\"search_term_string\"}}],\"inLanguage\":\"es\"},{\"@type\":\"Organization\",\"@id\":\"https:\\\/\\\/www.elisabetbach.com\\\/#organization\",\"name\":\"Elisabet Bach\",\"url\":\"https:\\\/\\\/www.elisabetbach.com\\\/\",\"logo\":{\"@type\":\"ImageObject\",\"inLanguage\":\"es\",\"@id\":\"https:\\\/\\\/www.elisabetbach.com\\\/#\\\/schema\\\/logo\\\/image\\\/\",\"url\":\"https:\\\/\\\/www.elisabetbach.com\\\/wp-content\\\/uploads\\\/2014\\\/03\\\/logo.png\",\"contentUrl\":\"https:\\\/\\\/www.elisabetbach.com\\\/wp-content\\\/uploads\\\/2014\\\/03\\\/logo.png\",\"width\":308,\"height\":49,\"caption\":\"Elisabet Bach\"},\"image\":{\"@id\":\"https:\\\/\\\/www.elisabetbach.com\\\/#\\\/schema\\\/logo\\\/image\\\/\"},\"sameAs\":[\"https:\\\/\\\/www.facebook.com\\\/elisabetbacholler\\\/\",\"https:\\\/\\\/x.com\\\/elisabet_bach\",\"https:\\\/\\\/www.linkedin.com\\\/in\\\/elisabetbachconsultant\\\/\",\"https:\\\/\\\/www.youtube.com\\\/channel\\\/UCaoleye0jmPoR0_FLWsGa8Q\"]},{\"@type\":\"Person\",\"@id\":\"https:\\\/\\\/www.elisabetbach.com\\\/#\\\/schema\\\/person\\\/685f9d1030414b49ce9a4362405597ba\",\"name\":\"Elisabet Bach\",\"image\":{\"@type\":\"ImageObject\",\"inLanguage\":\"es\",\"@id\":\"https:\\\/\\\/secure.gravatar.com\\\/avatar\\\/d13c76c09a17d190fa2cc3ea283c77f6157acedd712e72edb10e741afaba1cf3?s=96&d=mm&r=g\",\"url\":\"https:\\\/\\\/secure.gravatar.com\\\/avatar\\\/d13c76c09a17d190fa2cc3ea283c77f6157acedd712e72edb10e741afaba1cf3?s=96&d=mm&r=g\",\"contentUrl\":\"https:\\\/\\\/secure.gravatar.com\\\/avatar\\\/d13c76c09a17d190fa2cc3ea283c77f6157acedd712e72edb10e741afaba1cf3?s=96&d=mm&r=g\",\"caption\":\"Elisabet Bach\"},\"sameAs\":[\"http:\\\/\\\/www.elisabetbach.com\"],\"url\":\"https:\\\/\\\/www.elisabetbach.com\\\/es\\\/author\\\/ebach\\\/\"}]}<\/script>\n<!-- \/ Yoast SEO plugin. -->","yoast_head_json":{"title":"Reflexiones de una madre emprendedora - Elisabet Bach Oller","description":"Ser madre emprendedora a veces es un binomio dif\u00edcil de conciliar. Pero a pesar de las dificultades, tambi\u00e9n tiene muchas ventajas. \u00c9sta es mi experiencia.","robots":{"index":"index","follow":"follow","max-snippet":"max-snippet:-1","max-image-preview":"max-image-preview:large","max-video-preview":"max-video-preview:-1"},"canonical":"https:\/\/www.elisabetbach.com\/es\/madre-emprendedora\/","og_locale":"es_ES","og_type":"article","og_title":"Reflexiones de una madre emprendedora - Elisabet Bach Oller","og_description":"Ser madre emprendedora a veces es un binomio dif\u00edcil de conciliar. Pero a pesar de las dificultades, tambi\u00e9n tiene muchas ventajas. \u00c9sta es mi experiencia.","og_url":"https:\/\/www.elisabetbach.com\/es\/madre-emprendedora\/","og_site_name":"Elisabet Bach","article_publisher":"https:\/\/www.facebook.com\/elisabetbacholler\/","article_published_time":"2018-05-02T08:08:15+00:00","article_modified_time":"2018-05-03T09:25:46+00:00","og_image":[{"width":320,"height":240,"url":"https:\/\/www.elisabetbach.com\/wp-content\/uploads\/2018\/05\/Mare-emprenedora-Elisabet-Bach-1.jpg","type":"image\/jpeg"}],"author":"Elisabet Bach","twitter_misc":{"Escrito por":"Elisabet Bach","Tiempo de lectura":"4 minutos"},"schema":{"@context":"https:\/\/schema.org","@graph":[{"@type":"Article","@id":"https:\/\/www.elisabetbach.com\/es\/madre-emprendedora\/#article","isPartOf":{"@id":"https:\/\/www.elisabetbach.com\/es\/madre-emprendedora\/"},"author":{"name":"Elisabet Bach","@id":"https:\/\/www.elisabetbach.com\/#\/schema\/person\/685f9d1030414b49ce9a4362405597ba"},"headline":"Reflexiones de una madre emprendedora","datePublished":"2018-05-02T08:08:15+00:00","dateModified":"2018-05-03T09:25:46+00:00","mainEntityOfPage":{"@id":"https:\/\/www.elisabetbach.com\/es\/madre-emprendedora\/"},"wordCount":720,"commentCount":0,"publisher":{"@id":"https:\/\/www.elisabetbach.com\/#organization"},"image":{"@id":"https:\/\/www.elisabetbach.com\/es\/madre-emprendedora\/#primaryimage"},"thumbnailUrl":"https:\/\/www.elisabetbach.com\/wp-content\/uploads\/2018\/05\/Mare-emprenedora-Elisabet-Bach-1.jpg","keywords":["emprendimiento","Madre emprendedora"],"articleSection":["Aut\u00f2noms","Creaci\u00f3n de empresas","Emprendedores"],"inLanguage":"es","potentialAction":[{"@type":"CommentAction","name":"Comment","target":["https:\/\/www.elisabetbach.com\/es\/madre-emprendedora\/#respond"]}]},{"@type":"WebPage","@id":"https:\/\/www.elisabetbach.com\/es\/madre-emprendedora\/","url":"https:\/\/www.elisabetbach.com\/es\/madre-emprendedora\/","name":"Reflexiones de una madre emprendedora - Elisabet Bach Oller","isPartOf":{"@id":"https:\/\/www.elisabetbach.com\/#website"},"primaryImageOfPage":{"@id":"https:\/\/www.elisabetbach.com\/es\/madre-emprendedora\/#primaryimage"},"image":{"@id":"https:\/\/www.elisabetbach.com\/es\/madre-emprendedora\/#primaryimage"},"thumbnailUrl":"https:\/\/www.elisabetbach.com\/wp-content\/uploads\/2018\/05\/Mare-emprenedora-Elisabet-Bach-1.jpg","datePublished":"2018-05-02T08:08:15+00:00","dateModified":"2018-05-03T09:25:46+00:00","description":"Ser madre emprendedora a veces es un binomio dif\u00edcil de conciliar. Pero a pesar de las dificultades, tambi\u00e9n tiene muchas ventajas. \u00c9sta es mi experiencia.","breadcrumb":{"@id":"https:\/\/www.elisabetbach.com\/es\/madre-emprendedora\/#breadcrumb"},"inLanguage":"es","potentialAction":[{"@type":"ReadAction","target":["https:\/\/www.elisabetbach.com\/es\/madre-emprendedora\/"]}]},{"@type":"ImageObject","inLanguage":"es","@id":"https:\/\/www.elisabetbach.com\/es\/madre-emprendedora\/#primaryimage","url":"https:\/\/www.elisabetbach.com\/wp-content\/uploads\/2018\/05\/Mare-emprenedora-Elisabet-Bach-1.jpg","contentUrl":"https:\/\/www.elisabetbach.com\/wp-content\/uploads\/2018\/05\/Mare-emprenedora-Elisabet-Bach-1.jpg","width":320,"height":240,"caption":"Reflexiones de una madre emprendedora."},{"@type":"BreadcrumbList","@id":"https:\/\/www.elisabetbach.com\/es\/madre-emprendedora\/#breadcrumb","itemListElement":[{"@type":"ListItem","position":1,"name":"Inici","item":"https:\/\/www.elisabetbach.com\/es\/"},{"@type":"ListItem","position":2,"name":"Reflexiones de una madre emprendedora"}]},{"@type":"WebSite","@id":"https:\/\/www.elisabetbach.com\/#website","url":"https:\/\/www.elisabetbach.com\/","name":"Elisabet Bach","description":"Consultora Econ\u00f3mica y Financiera","publisher":{"@id":"https:\/\/www.elisabetbach.com\/#organization"},"potentialAction":[{"@type":"SearchAction","target":{"@type":"EntryPoint","urlTemplate":"https:\/\/www.elisabetbach.com\/?s={search_term_string}"},"query-input":{"@type":"PropertyValueSpecification","valueRequired":true,"valueName":"search_term_string"}}],"inLanguage":"es"},{"@type":"Organization","@id":"https:\/\/www.elisabetbach.com\/#organization","name":"Elisabet Bach","url":"https:\/\/www.elisabetbach.com\/","logo":{"@type":"ImageObject","inLanguage":"es","@id":"https:\/\/www.elisabetbach.com\/#\/schema\/logo\/image\/","url":"https:\/\/www.elisabetbach.com\/wp-content\/uploads\/2014\/03\/logo.png","contentUrl":"https:\/\/www.elisabetbach.com\/wp-content\/uploads\/2014\/03\/logo.png","width":308,"height":49,"caption":"Elisabet Bach"},"image":{"@id":"https:\/\/www.elisabetbach.com\/#\/schema\/logo\/image\/"},"sameAs":["https:\/\/www.facebook.com\/elisabetbacholler\/","https:\/\/x.com\/elisabet_bach","https:\/\/www.linkedin.com\/in\/elisabetbachconsultant\/","https:\/\/www.youtube.com\/channel\/UCaoleye0jmPoR0_FLWsGa8Q"]},{"@type":"Person","@id":"https:\/\/www.elisabetbach.com\/#\/schema\/person\/685f9d1030414b49ce9a4362405597ba","name":"Elisabet Bach","image":{"@type":"ImageObject","inLanguage":"es","@id":"https:\/\/secure.gravatar.com\/avatar\/d13c76c09a17d190fa2cc3ea283c77f6157acedd712e72edb10e741afaba1cf3?s=96&d=mm&r=g","url":"https:\/\/secure.gravatar.com\/avatar\/d13c76c09a17d190fa2cc3ea283c77f6157acedd712e72edb10e741afaba1cf3?s=96&d=mm&r=g","contentUrl":"https:\/\/secure.gravatar.com\/avatar\/d13c76c09a17d190fa2cc3ea283c77f6157acedd712e72edb10e741afaba1cf3?s=96&d=mm&r=g","caption":"Elisabet Bach"},"sameAs":["http:\/\/www.elisabetbach.com"],"url":"https:\/\/www.elisabetbach.com\/es\/author\/ebach\/"}]}},"_links":{"self":[{"href":"https:\/\/www.elisabetbach.com\/es\/wp-json\/wp\/v2\/posts\/5487","targetHints":{"allow":["GET"]}}],"collection":[{"href":"https:\/\/www.elisabetbach.com\/es\/wp-json\/wp\/v2\/posts"}],"about":[{"href":"https:\/\/www.elisabetbach.com\/es\/wp-json\/wp\/v2\/types\/post"}],"author":[{"embeddable":true,"href":"https:\/\/www.elisabetbach.com\/es\/wp-json\/wp\/v2\/users\/3"}],"replies":[{"embeddable":true,"href":"https:\/\/www.elisabetbach.com\/es\/wp-json\/wp\/v2\/comments?post=5487"}],"version-history":[{"count":3,"href":"https:\/\/www.elisabetbach.com\/es\/wp-json\/wp\/v2\/posts\/5487\/revisions"}],"predecessor-version":[{"id":5494,"href":"https:\/\/www.elisabetbach.com\/es\/wp-json\/wp\/v2\/posts\/5487\/revisions\/5494"}],"wp:featuredmedia":[{"embeddable":true,"href":"https:\/\/www.elisabetbach.com\/es\/wp-json\/wp\/v2\/media\/5492"}],"wp:attachment":[{"href":"https:\/\/www.elisabetbach.com\/es\/wp-json\/wp\/v2\/media?parent=5487"}],"wp:term":[{"taxonomy":"category","embeddable":true,"href":"https:\/\/www.elisabetbach.com\/es\/wp-json\/wp\/v2\/categories?post=5487"},{"taxonomy":"post_tag","embeddable":true,"href":"https:\/\/www.elisabetbach.com\/es\/wp-json\/wp\/v2\/tags?post=5487"}],"curies":[{"name":"wp","href":"https:\/\/api.w.org\/{rel}","templated":true}]}}