{"id":5514,"date":"2018-05-09T15:28:48","date_gmt":"2018-05-09T15:28:48","guid":{"rendered":"http:\/\/www.elisabetbach.com\/musculatura-de-sistema-empresarial-catalan-acte-presentacio-leix-3\/"},"modified":"2018-05-16T09:45:27","modified_gmt":"2018-05-16T09:45:27","slug":"musculatura-sistema-empresarial-catalan-acto-presentacio-eje-3","status":"publish","type":"post","link":"https:\/\/www.elisabetbach.com\/es\/musculatura-sistema-empresarial-catalan-acto-presentacio-eje-3\/","title":{"rendered":"Acto de Presentaci\u00f3n del eje 3: La Musculatura del Sistema Empresarial Catal\u00e1n"},"content":{"rendered":"<p style=\"text-align: justify;\"><span style=\"font-weight: 400;\">El pasado 25 de abril asist\u00ed a la presentaci\u00f3n de las conclusiones del Eje 3 <\/span><i><span style=\"font-weight: 400;\">La musculatura del sistema empresarial catal\u00e1n<\/span><\/i><span style=\"font-weight: 400;\">, en el marco de los actos del 3er Congreso de Econom\u00eda y Empresa de Catalu\u00f1a, organizado por el Colegio de Economistas de Catalu\u00f1a.<\/span><\/p>\n<p style=\"text-align: justify;\"><span style=\"font-weight: 400;\">El acto estuvo moderado por el Sr. Salvador Alemany, colegiado de M\u00e9rito y presidente del Eje 3.<\/span><\/p>\n<p style=\"text-align: justify;\"><span style=\"font-weight: 400;\">La sesi\u00f3n se dividi\u00f3 en dos partes.<\/span><\/p>\n<p style=\"text-align: justify;\"><span style=\"font-weight: 400;\">En la primera, el Sr. Joan Ram\u00f3n Rovira, jefe del Servicio de Estudios de la C\u00e1mara de Comercio de Barcelona, \u200b\u200bpresent\u00f3 las conclusiones derivadas de las ponencias que se han presentado en este \u00e1mbito de trabajo.<\/span><\/p>\n<p style=\"text-align: justify;\"><span style=\"font-weight: 400;\">En la segunda, el Sr. Miquel Puig, Doctor en Econom\u00eda, y el Sr. Jos\u00e9 Garc\u00eda Montalvo, catedr\u00e1tico de Econom\u00eda de la Universidad Pompeu Fabra, debatieron intensamente sobre el cambio de ciclo de la econom\u00eda y el cambio estructural que estamos viviendo, con una especial atenci\u00f3n a la productividad en relaci\u00f3n al nivel de formaci\u00f3n de las personas que est\u00e1n en el mercado laboral.<\/span><\/p>\n<p style=\"text-align: justify;\"><span style=\"font-weight: 400;\">Volvamos a la primera parte. He tenido el placer de colaborar con la comisi\u00f3n que ha hecho el seguimiento de dicho <a href=\"https:\/\/www.elisabetbach.com\/es\/formacio\/3er-congreso-de-economia-y-empresa-de-catalunya\/\" target=\"_blank\" rel=\"noopener\">eje 3<\/a> y me gustar\u00eda resaltar algunos puntos. <\/span><\/p>\n<h2 style=\"text-align: justify;\">Las conclusiones<\/h2>\n<p style=\"text-align: justify;\"><span style=\"font-weight: 400;\">Elaborar estas conclusiones no era nada sencillo. En el eje 3 se presentaron 20 ponencias sobre el sistema empresarial catal\u00e1n y, al mismo tiempo, muy diversas entre s\u00ed.<\/span><\/p>\n<p style=\"text-align: justify;\"><span style=\"font-weight: 400;\">Para presentar estas conclusiones de manera organizada y comprensible, el Sr. Rovira las agrup\u00f3 en 5 bloques que reflejan diferentes aspectos relevantes del sistema empresarial catal\u00e1n:<\/span><\/p>\n<ul>\n<li style=\"text-align: justify;\"><span style=\"font-weight: 400;\">Dimensi\u00f3n y crecimiento<\/span><\/li>\n<li style=\"text-align: justify;\"><span style=\"font-weight: 400;\">El binomio industria y servicios<\/span><\/li>\n<li style=\"text-align: justify;\"><span style=\"font-weight: 400;\">Territorio y desarrollo<\/span><\/li>\n<li style=\"text-align: justify;\"><span style=\"font-weight: 400;\">Empleo y productividad<\/span><\/li>\n<li style=\"text-align: justify;\"><span style=\"font-weight: 400;\">Organizaci\u00f3n y estrategia<\/span><\/li>\n<\/ul>\n<p style=\"text-align: justify;\"><span style=\"font-weight: 400;\">Durante la presentaci\u00f3n, el Sr. Rovira present\u00f3 un aspecto de cada una de las ponencias, aspecto que ilustraba su contribuci\u00f3n a cada uno de estos bloques.<\/span><\/p>\n<p style=\"text-align: justify;\"><span style=\"font-weight: 400;\">Finalmente, present\u00f3 diferentes estrategias y actuaciones para cada uno de dichos bloques, que surgen de las conclusiones elaboradas. Este \u00faltimo punto daba una visi\u00f3n general de diferentes campos de actuaci\u00f3n a corto plazo que se pueden desarrollar para fortalecer el sistema empresarial catal\u00e1n.<\/span><\/p>\n<h2 style=\"text-align: justify;\">El debate<\/h2>\n<p style=\"text-align: justify;\"><span style=\"font-weight: 400;\">En la segunda parte, los Sres. Puig y Garc\u00eda Montalvo protagonizaron un debate muy interesante basado en las conclusiones elaboradas por el Sr. Puig en su ponencia \u00ab\u00bfEsta vez, ser\u00e1 diferente? Cambio de ciclo y cambio estructural en la econom\u00eda catalana\u00bb.<\/span><\/p>\n<p style=\"text-align: justify;\"><span style=\"font-weight: 400;\">Os invitamos a ver este acto de presentaci\u00f3n en <a href=\"https:\/\/www.youtube.com\/watch?v=XkZ15squqWg&amp;list=PLQ4ofVkVKOwgNtKAgu3yqybKgJsPsCveB&amp;index=2&amp;t=0s\" target=\"_blank\" rel=\"noopener\">este enlace.<\/a><\/span><\/p>\n<p style=\"text-align: justify;\"><span style=\"font-weight: 400;\">Pr\u00f3ximamente se publicar\u00e1n todas las ponencias as\u00ed como las conclusiones que se han elaborado, para que pod\u00e1is leerlas y profundizar en cada uno de los temas.<\/span><\/p>\n<p style=\"text-align: justify;\"><span style=\"font-weight: 400;\">Os recordamos tambi\u00e9n que el pr\u00f3ximo jueves 17 de mayo se realizar\u00e1 el acto final del Congreso. All\u00ed nos encontraremos.<\/span><\/p>\n","protected":false},"excerpt":{"rendered":"<p>El pasado 25 de abril asist\u00ed a la presentaci\u00f3n de las conclusiones del Eje 3 La musculatura del sistema empresarial catal\u00e1n, en el marco de los<span class=\"excerpt-hellip\"> [\u2026]<\/span><\/p>\n","protected":false},"author":3,"featured_media":5524,"comment_status":"open","ping_status":"open","sticky":false,"template":"","format":"standard","meta":{"footnotes":""},"categories":[101,207,155],"tags":[227,222,226,224,225],"class_list":["post-5514","post","type-post","status-publish","format-standard","has-post-thumbnail","hentry","category-conferencias","category-pime-es","category-pyme","tag-3-congreso-de-economia-i-empresa-de-catalunya","tag-3er-congres-deconomia-i-empresa-es","tag-colegio-de-economistas-de-catalunya","tag-sistema-empresarial-catala-es","tag-sistema-empresarial-catalan"],"yoast_head":"<!-- This site is optimized with the Yoast SEO plugin v27.4 - https:\/\/yoast.com\/product\/yoast-seo-wordpress\/ -->\n<title>La musculatura del sistema empresarial catal\u00e1n - Elisabet Bach Oller<\/title>\n<meta name=\"description\" content=\"El pasado 25 de abril se presentaron las conclusiones del eje 3, La musculatura del sistema empresarial catal\u00e1n, uno de los \u00e1mbitos de trabajo del 3er Congreso de Econom\u00eda y Empresa, organizado por el Colegio de Economistas.\" \/>\n<meta name=\"robots\" content=\"index, follow, max-snippet:-1, max-image-preview:large, max-video-preview:-1\" \/>\n<link rel=\"canonical\" href=\"https:\/\/www.elisabetbach.com\/es\/musculatura-sistema-empresarial-catalan-acto-presentacio-eje-3\/\" \/>\n<meta property=\"og:locale\" content=\"es_ES\" \/>\n<meta property=\"og:type\" content=\"article\" \/>\n<meta property=\"og:title\" content=\"La musculatura del sistema empresarial catal\u00e1n - Elisabet Bach Oller\" \/>\n<meta property=\"og:description\" content=\"El pasado 25 de abril se presentaron las conclusiones del eje 3, La musculatura del sistema empresarial catal\u00e1n, uno de los \u00e1mbitos de trabajo del 3er Congreso de Econom\u00eda y Empresa, organizado por el Colegio de Economistas.\" \/>\n<meta property=\"og:url\" content=\"https:\/\/www.elisabetbach.com\/es\/musculatura-sistema-empresarial-catalan-acto-presentacio-eje-3\/\" \/>\n<meta property=\"og:site_name\" content=\"Elisabet Bach\" \/>\n<meta property=\"article:publisher\" content=\"https:\/\/www.facebook.com\/elisabetbacholler\/\" \/>\n<meta property=\"article:published_time\" content=\"2018-05-09T15:28:48+00:00\" \/>\n<meta property=\"article:modified_time\" content=\"2018-05-16T09:45:27+00:00\" \/>\n<meta property=\"og:image\" content=\"https:\/\/www.elisabetbach.com\/wp-content\/uploads\/2018\/05\/colegio-economistas-catalunya.png\" \/>\n\t<meta property=\"og:image:width\" content=\"553\" \/>\n\t<meta property=\"og:image:height\" content=\"443\" \/>\n\t<meta property=\"og:image:type\" content=\"image\/png\" \/>\n<meta name=\"author\" content=\"Elisabet Bach\" \/>\n<meta name=\"twitter:label1\" content=\"Escrito por\" \/>\n\t<meta name=\"twitter:data1\" content=\"Elisabet Bach\" \/>\n\t<meta name=\"twitter:label2\" content=\"Tiempo de lectura\" \/>\n\t<meta name=\"twitter:data2\" content=\"2 minutos\" \/>\n<script type=\"application\/ld+json\" class=\"yoast-schema-graph\">{\"@context\":\"https:\\\/\\\/schema.org\",\"@graph\":[{\"@type\":\"Article\",\"@id\":\"https:\\\/\\\/www.elisabetbach.com\\\/es\\\/musculatura-sistema-empresarial-catalan-acto-presentacio-eje-3\\\/#article\",\"isPartOf\":{\"@id\":\"https:\\\/\\\/www.elisabetbach.com\\\/es\\\/musculatura-sistema-empresarial-catalan-acto-presentacio-eje-3\\\/\"},\"author\":{\"name\":\"Elisabet Bach\",\"@id\":\"https:\\\/\\\/www.elisabetbach.com\\\/#\\\/schema\\\/person\\\/685f9d1030414b49ce9a4362405597ba\"},\"headline\":\"Acto de Presentaci\u00f3n del eje 3: La Musculatura del Sistema Empresarial Catal\u00e1n\",\"datePublished\":\"2018-05-09T15:28:48+00:00\",\"dateModified\":\"2018-05-16T09:45:27+00:00\",\"mainEntityOfPage\":{\"@id\":\"https:\\\/\\\/www.elisabetbach.com\\\/es\\\/musculatura-sistema-empresarial-catalan-acto-presentacio-eje-3\\\/\"},\"wordCount\":480,\"commentCount\":0,\"publisher\":{\"@id\":\"https:\\\/\\\/www.elisabetbach.com\\\/#organization\"},\"image\":{\"@id\":\"https:\\\/\\\/www.elisabetbach.com\\\/es\\\/musculatura-sistema-empresarial-catalan-acto-presentacio-eje-3\\\/#primaryimage\"},\"thumbnailUrl\":\"https:\\\/\\\/www.elisabetbach.com\\\/wp-content\\\/uploads\\\/2018\\\/05\\\/colegio-economistas-catalunya.png\",\"keywords\":[\"3 Congreso de Econom\u00eda i Empresa de Catalunya\",\"3er Congr\u00e9s d\u2019Economia i Empresa\",\"Colegio de Economistas de Catalunya\",\"Sistema Empresarial Catal\u00e0\",\"Sistema Empresarial Catal\u00e1n\"],\"articleSection\":[\"Conferencias\",\"PIME\",\"PYME\"],\"inLanguage\":\"es\",\"potentialAction\":[{\"@type\":\"CommentAction\",\"name\":\"Comment\",\"target\":[\"https:\\\/\\\/www.elisabetbach.com\\\/es\\\/musculatura-sistema-empresarial-catalan-acto-presentacio-eje-3\\\/#respond\"]}]},{\"@type\":\"WebPage\",\"@id\":\"https:\\\/\\\/www.elisabetbach.com\\\/es\\\/musculatura-sistema-empresarial-catalan-acto-presentacio-eje-3\\\/\",\"url\":\"https:\\\/\\\/www.elisabetbach.com\\\/es\\\/musculatura-sistema-empresarial-catalan-acto-presentacio-eje-3\\\/\",\"name\":\"La musculatura del sistema empresarial catal\u00e1n - Elisabet Bach Oller\",\"isPartOf\":{\"@id\":\"https:\\\/\\\/www.elisabetbach.com\\\/#website\"},\"primaryImageOfPage\":{\"@id\":\"https:\\\/\\\/www.elisabetbach.com\\\/es\\\/musculatura-sistema-empresarial-catalan-acto-presentacio-eje-3\\\/#primaryimage\"},\"image\":{\"@id\":\"https:\\\/\\\/www.elisabetbach.com\\\/es\\\/musculatura-sistema-empresarial-catalan-acto-presentacio-eje-3\\\/#primaryimage\"},\"thumbnailUrl\":\"https:\\\/\\\/www.elisabetbach.com\\\/wp-content\\\/uploads\\\/2018\\\/05\\\/colegio-economistas-catalunya.png\",\"datePublished\":\"2018-05-09T15:28:48+00:00\",\"dateModified\":\"2018-05-16T09:45:27+00:00\",\"description\":\"El pasado 25 de abril se presentaron las conclusiones del eje 3, La musculatura del sistema empresarial catal\u00e1n, uno de los \u00e1mbitos de trabajo del 3er Congreso de Econom\u00eda y Empresa, organizado por el Colegio de Economistas.\",\"breadcrumb\":{\"@id\":\"https:\\\/\\\/www.elisabetbach.com\\\/es\\\/musculatura-sistema-empresarial-catalan-acto-presentacio-eje-3\\\/#breadcrumb\"},\"inLanguage\":\"es\",\"potentialAction\":[{\"@type\":\"ReadAction\",\"target\":[\"https:\\\/\\\/www.elisabetbach.com\\\/es\\\/musculatura-sistema-empresarial-catalan-acto-presentacio-eje-3\\\/\"]}]},{\"@type\":\"ImageObject\",\"inLanguage\":\"es\",\"@id\":\"https:\\\/\\\/www.elisabetbach.com\\\/es\\\/musculatura-sistema-empresarial-catalan-acto-presentacio-eje-3\\\/#primaryimage\",\"url\":\"https:\\\/\\\/www.elisabetbach.com\\\/wp-content\\\/uploads\\\/2018\\\/05\\\/colegio-economistas-catalunya.png\",\"contentUrl\":\"https:\\\/\\\/www.elisabetbach.com\\\/wp-content\\\/uploads\\\/2018\\\/05\\\/colegio-economistas-catalunya.png\",\"width\":553,\"height\":443},{\"@type\":\"BreadcrumbList\",\"@id\":\"https:\\\/\\\/www.elisabetbach.com\\\/es\\\/musculatura-sistema-empresarial-catalan-acto-presentacio-eje-3\\\/#breadcrumb\",\"itemListElement\":[{\"@type\":\"ListItem\",\"position\":1,\"name\":\"Inici\",\"item\":\"https:\\\/\\\/www.elisabetbach.com\\\/es\\\/\"},{\"@type\":\"ListItem\",\"position\":2,\"name\":\"Acto de Presentaci\u00f3n del eje 3: La Musculatura del Sistema Empresarial Catal\u00e1n\"}]},{\"@type\":\"WebSite\",\"@id\":\"https:\\\/\\\/www.elisabetbach.com\\\/#website\",\"url\":\"https:\\\/\\\/www.elisabetbach.com\\\/\",\"name\":\"Elisabet Bach\",\"description\":\"Consultora Econ\u00f3mica y Financiera\",\"publisher\":{\"@id\":\"https:\\\/\\\/www.elisabetbach.com\\\/#organization\"},\"potentialAction\":[{\"@type\":\"SearchAction\",\"target\":{\"@type\":\"EntryPoint\",\"urlTemplate\":\"https:\\\/\\\/www.elisabetbach.com\\\/?s={search_term_string}\"},\"query-input\":{\"@type\":\"PropertyValueSpecification\",\"valueRequired\":true,\"valueName\":\"search_term_string\"}}],\"inLanguage\":\"es\"},{\"@type\":\"Organization\",\"@id\":\"https:\\\/\\\/www.elisabetbach.com\\\/#organization\",\"name\":\"Elisabet Bach\",\"url\":\"https:\\\/\\\/www.elisabetbach.com\\\/\",\"logo\":{\"@type\":\"ImageObject\",\"inLanguage\":\"es\",\"@id\":\"https:\\\/\\\/www.elisabetbach.com\\\/#\\\/schema\\\/logo\\\/image\\\/\",\"url\":\"https:\\\/\\\/www.elisabetbach.com\\\/wp-content\\\/uploads\\\/2014\\\/03\\\/logo.png\",\"contentUrl\":\"https:\\\/\\\/www.elisabetbach.com\\\/wp-content\\\/uploads\\\/2014\\\/03\\\/logo.png\",\"width\":308,\"height\":49,\"caption\":\"Elisabet Bach\"},\"image\":{\"@id\":\"https:\\\/\\\/www.elisabetbach.com\\\/#\\\/schema\\\/logo\\\/image\\\/\"},\"sameAs\":[\"https:\\\/\\\/www.facebook.com\\\/elisabetbacholler\\\/\",\"https:\\\/\\\/x.com\\\/elisabet_bach\",\"https:\\\/\\\/www.linkedin.com\\\/in\\\/elisabetbachconsultant\\\/\",\"https:\\\/\\\/www.youtube.com\\\/channel\\\/UCaoleye0jmPoR0_FLWsGa8Q\"]},{\"@type\":\"Person\",\"@id\":\"https:\\\/\\\/www.elisabetbach.com\\\/#\\\/schema\\\/person\\\/685f9d1030414b49ce9a4362405597ba\",\"name\":\"Elisabet Bach\",\"image\":{\"@type\":\"ImageObject\",\"inLanguage\":\"es\",\"@id\":\"https:\\\/\\\/secure.gravatar.com\\\/avatar\\\/d13c76c09a17d190fa2cc3ea283c77f6157acedd712e72edb10e741afaba1cf3?s=96&d=mm&r=g\",\"url\":\"https:\\\/\\\/secure.gravatar.com\\\/avatar\\\/d13c76c09a17d190fa2cc3ea283c77f6157acedd712e72edb10e741afaba1cf3?s=96&d=mm&r=g\",\"contentUrl\":\"https:\\\/\\\/secure.gravatar.com\\\/avatar\\\/d13c76c09a17d190fa2cc3ea283c77f6157acedd712e72edb10e741afaba1cf3?s=96&d=mm&r=g\",\"caption\":\"Elisabet Bach\"},\"sameAs\":[\"http:\\\/\\\/www.elisabetbach.com\"],\"url\":\"https:\\\/\\\/www.elisabetbach.com\\\/es\\\/author\\\/ebach\\\/\"}]}<\/script>\n<!-- \/ Yoast SEO plugin. -->","yoast_head_json":{"title":"La musculatura del sistema empresarial catal\u00e1n - Elisabet Bach Oller","description":"El pasado 25 de abril se presentaron las conclusiones del eje 3, La musculatura del sistema empresarial catal\u00e1n, uno de los \u00e1mbitos de trabajo del 3er Congreso de Econom\u00eda y Empresa, organizado por el Colegio de Economistas.","robots":{"index":"index","follow":"follow","max-snippet":"max-snippet:-1","max-image-preview":"max-image-preview:large","max-video-preview":"max-video-preview:-1"},"canonical":"https:\/\/www.elisabetbach.com\/es\/musculatura-sistema-empresarial-catalan-acto-presentacio-eje-3\/","og_locale":"es_ES","og_type":"article","og_title":"La musculatura del sistema empresarial catal\u00e1n - Elisabet Bach Oller","og_description":"El pasado 25 de abril se presentaron las conclusiones del eje 3, La musculatura del sistema empresarial catal\u00e1n, uno de los \u00e1mbitos de trabajo del 3er Congreso de Econom\u00eda y Empresa, organizado por el Colegio de Economistas.","og_url":"https:\/\/www.elisabetbach.com\/es\/musculatura-sistema-empresarial-catalan-acto-presentacio-eje-3\/","og_site_name":"Elisabet Bach","article_publisher":"https:\/\/www.facebook.com\/elisabetbacholler\/","article_published_time":"2018-05-09T15:28:48+00:00","article_modified_time":"2018-05-16T09:45:27+00:00","og_image":[{"width":553,"height":443,"url":"https:\/\/www.elisabetbach.com\/wp-content\/uploads\/2018\/05\/colegio-economistas-catalunya.png","type":"image\/png"}],"author":"Elisabet Bach","twitter_misc":{"Escrito por":"Elisabet Bach","Tiempo de lectura":"2 minutos"},"schema":{"@context":"https:\/\/schema.org","@graph":[{"@type":"Article","@id":"https:\/\/www.elisabetbach.com\/es\/musculatura-sistema-empresarial-catalan-acto-presentacio-eje-3\/#article","isPartOf":{"@id":"https:\/\/www.elisabetbach.com\/es\/musculatura-sistema-empresarial-catalan-acto-presentacio-eje-3\/"},"author":{"name":"Elisabet Bach","@id":"https:\/\/www.elisabetbach.com\/#\/schema\/person\/685f9d1030414b49ce9a4362405597ba"},"headline":"Acto de Presentaci\u00f3n del eje 3: La Musculatura del Sistema Empresarial Catal\u00e1n","datePublished":"2018-05-09T15:28:48+00:00","dateModified":"2018-05-16T09:45:27+00:00","mainEntityOfPage":{"@id":"https:\/\/www.elisabetbach.com\/es\/musculatura-sistema-empresarial-catalan-acto-presentacio-eje-3\/"},"wordCount":480,"commentCount":0,"publisher":{"@id":"https:\/\/www.elisabetbach.com\/#organization"},"image":{"@id":"https:\/\/www.elisabetbach.com\/es\/musculatura-sistema-empresarial-catalan-acto-presentacio-eje-3\/#primaryimage"},"thumbnailUrl":"https:\/\/www.elisabetbach.com\/wp-content\/uploads\/2018\/05\/colegio-economistas-catalunya.png","keywords":["3 Congreso de Econom\u00eda i Empresa de Catalunya","3er Congr\u00e9s d\u2019Economia i Empresa","Colegio de Economistas de Catalunya","Sistema Empresarial Catal\u00e0","Sistema Empresarial Catal\u00e1n"],"articleSection":["Conferencias","PIME","PYME"],"inLanguage":"es","potentialAction":[{"@type":"CommentAction","name":"Comment","target":["https:\/\/www.elisabetbach.com\/es\/musculatura-sistema-empresarial-catalan-acto-presentacio-eje-3\/#respond"]}]},{"@type":"WebPage","@id":"https:\/\/www.elisabetbach.com\/es\/musculatura-sistema-empresarial-catalan-acto-presentacio-eje-3\/","url":"https:\/\/www.elisabetbach.com\/es\/musculatura-sistema-empresarial-catalan-acto-presentacio-eje-3\/","name":"La musculatura del sistema empresarial catal\u00e1n - Elisabet Bach Oller","isPartOf":{"@id":"https:\/\/www.elisabetbach.com\/#website"},"primaryImageOfPage":{"@id":"https:\/\/www.elisabetbach.com\/es\/musculatura-sistema-empresarial-catalan-acto-presentacio-eje-3\/#primaryimage"},"image":{"@id":"https:\/\/www.elisabetbach.com\/es\/musculatura-sistema-empresarial-catalan-acto-presentacio-eje-3\/#primaryimage"},"thumbnailUrl":"https:\/\/www.elisabetbach.com\/wp-content\/uploads\/2018\/05\/colegio-economistas-catalunya.png","datePublished":"2018-05-09T15:28:48+00:00","dateModified":"2018-05-16T09:45:27+00:00","description":"El pasado 25 de abril se presentaron las conclusiones del eje 3, La musculatura del sistema empresarial catal\u00e1n, uno de los \u00e1mbitos de trabajo del 3er Congreso de Econom\u00eda y Empresa, organizado por el Colegio de Economistas.","breadcrumb":{"@id":"https:\/\/www.elisabetbach.com\/es\/musculatura-sistema-empresarial-catalan-acto-presentacio-eje-3\/#breadcrumb"},"inLanguage":"es","potentialAction":[{"@type":"ReadAction","target":["https:\/\/www.elisabetbach.com\/es\/musculatura-sistema-empresarial-catalan-acto-presentacio-eje-3\/"]}]},{"@type":"ImageObject","inLanguage":"es","@id":"https:\/\/www.elisabetbach.com\/es\/musculatura-sistema-empresarial-catalan-acto-presentacio-eje-3\/#primaryimage","url":"https:\/\/www.elisabetbach.com\/wp-content\/uploads\/2018\/05\/colegio-economistas-catalunya.png","contentUrl":"https:\/\/www.elisabetbach.com\/wp-content\/uploads\/2018\/05\/colegio-economistas-catalunya.png","width":553,"height":443},{"@type":"BreadcrumbList","@id":"https:\/\/www.elisabetbach.com\/es\/musculatura-sistema-empresarial-catalan-acto-presentacio-eje-3\/#breadcrumb","itemListElement":[{"@type":"ListItem","position":1,"name":"Inici","item":"https:\/\/www.elisabetbach.com\/es\/"},{"@type":"ListItem","position":2,"name":"Acto de Presentaci\u00f3n del eje 3: La Musculatura del Sistema Empresarial Catal\u00e1n"}]},{"@type":"WebSite","@id":"https:\/\/www.elisabetbach.com\/#website","url":"https:\/\/www.elisabetbach.com\/","name":"Elisabet Bach","description":"Consultora Econ\u00f3mica y Financiera","publisher":{"@id":"https:\/\/www.elisabetbach.com\/#organization"},"potentialAction":[{"@type":"SearchAction","target":{"@type":"EntryPoint","urlTemplate":"https:\/\/www.elisabetbach.com\/?s={search_term_string}"},"query-input":{"@type":"PropertyValueSpecification","valueRequired":true,"valueName":"search_term_string"}}],"inLanguage":"es"},{"@type":"Organization","@id":"https:\/\/www.elisabetbach.com\/#organization","name":"Elisabet Bach","url":"https:\/\/www.elisabetbach.com\/","logo":{"@type":"ImageObject","inLanguage":"es","@id":"https:\/\/www.elisabetbach.com\/#\/schema\/logo\/image\/","url":"https:\/\/www.elisabetbach.com\/wp-content\/uploads\/2014\/03\/logo.png","contentUrl":"https:\/\/www.elisabetbach.com\/wp-content\/uploads\/2014\/03\/logo.png","width":308,"height":49,"caption":"Elisabet Bach"},"image":{"@id":"https:\/\/www.elisabetbach.com\/#\/schema\/logo\/image\/"},"sameAs":["https:\/\/www.facebook.com\/elisabetbacholler\/","https:\/\/x.com\/elisabet_bach","https:\/\/www.linkedin.com\/in\/elisabetbachconsultant\/","https:\/\/www.youtube.com\/channel\/UCaoleye0jmPoR0_FLWsGa8Q"]},{"@type":"Person","@id":"https:\/\/www.elisabetbach.com\/#\/schema\/person\/685f9d1030414b49ce9a4362405597ba","name":"Elisabet Bach","image":{"@type":"ImageObject","inLanguage":"es","@id":"https:\/\/secure.gravatar.com\/avatar\/d13c76c09a17d190fa2cc3ea283c77f6157acedd712e72edb10e741afaba1cf3?s=96&d=mm&r=g","url":"https:\/\/secure.gravatar.com\/avatar\/d13c76c09a17d190fa2cc3ea283c77f6157acedd712e72edb10e741afaba1cf3?s=96&d=mm&r=g","contentUrl":"https:\/\/secure.gravatar.com\/avatar\/d13c76c09a17d190fa2cc3ea283c77f6157acedd712e72edb10e741afaba1cf3?s=96&d=mm&r=g","caption":"Elisabet Bach"},"sameAs":["http:\/\/www.elisabetbach.com"],"url":"https:\/\/www.elisabetbach.com\/es\/author\/ebach\/"}]}},"_links":{"self":[{"href":"https:\/\/www.elisabetbach.com\/es\/wp-json\/wp\/v2\/posts\/5514","targetHints":{"allow":["GET"]}}],"collection":[{"href":"https:\/\/www.elisabetbach.com\/es\/wp-json\/wp\/v2\/posts"}],"about":[{"href":"https:\/\/www.elisabetbach.com\/es\/wp-json\/wp\/v2\/types\/post"}],"author":[{"embeddable":true,"href":"https:\/\/www.elisabetbach.com\/es\/wp-json\/wp\/v2\/users\/3"}],"replies":[{"embeddable":true,"href":"https:\/\/www.elisabetbach.com\/es\/wp-json\/wp\/v2\/comments?post=5514"}],"version-history":[{"count":4,"href":"https:\/\/www.elisabetbach.com\/es\/wp-json\/wp\/v2\/posts\/5514\/revisions"}],"predecessor-version":[{"id":5517,"href":"https:\/\/www.elisabetbach.com\/es\/wp-json\/wp\/v2\/posts\/5514\/revisions\/5517"}],"wp:featuredmedia":[{"embeddable":true,"href":"https:\/\/www.elisabetbach.com\/es\/wp-json\/wp\/v2\/media\/5524"}],"wp:attachment":[{"href":"https:\/\/www.elisabetbach.com\/es\/wp-json\/wp\/v2\/media?parent=5514"}],"wp:term":[{"taxonomy":"category","embeddable":true,"href":"https:\/\/www.elisabetbach.com\/es\/wp-json\/wp\/v2\/categories?post=5514"},{"taxonomy":"post_tag","embeddable":true,"href":"https:\/\/www.elisabetbach.com\/es\/wp-json\/wp\/v2\/tags?post=5514"}],"curies":[{"name":"wp","href":"https:\/\/api.w.org\/{rel}","templated":true}]}}