{"id":5539,"date":"2018-05-16T09:42:15","date_gmt":"2018-05-16T09:42:15","guid":{"rendered":"http:\/\/www.elisabetbach.com\/?p=5539"},"modified":"2024-06-17T18:23:36","modified_gmt":"2024-06-17T18:23:36","slug":"sueldo-del-autonomo","status":"publish","type":"post","link":"https:\/\/www.elisabetbach.com\/es\/sueldo-del-autonomo\/","title":{"rendered":"El sueldo del aut\u00f3nomo"},"content":{"rendered":"<p style=\"text-align: justify;\">El sueldo del aut\u00f3nomo. Este es un tema que genera muchas dudas. Por eso me gustar\u00eda compartir algunas orientaciones con vosotros.<\/p>\n<h2 style=\"text-align: justify;\">El sueldo, como parte de la estructura de gasto del negocio.<\/h2>\n<p style=\"text-align: justify;\">Me encuentro una situaci\u00f3n muy habitual, especialmente en los negocios gestionados por aut\u00f3nomos que son personas f\u00edsicas (los que no son administradores de sociedades): la mayor\u00eda de estas personas definen su sueldo como el remanente que queda una vez lo han pagado todo. Por lo tanto, el sueldo del aut\u00f3nomo no forma parte, a priori, de la estructura de gasto de la empresa. En consecuencia, no es un objetivo empresarial a fijar y a alcanzar, sino que es la consecuencia de los resultados de su empresa.<\/p>\n<p style=\"text-align: justify;\">Quiz\u00e1s os parezca una diferencia trivial. Al fin y al cabo, tanto da que fijemos un sueldo como objetivo o bien que lo saquemos del super\u00e1vit que genera la empresa. Al final, cobraremos lo que dicha empresa pueda pagar.<\/p>\n<p style=\"text-align: justify;\">La diferencia est\u00e1 en lo que ocurre desde que fijamos el objetivo hasta que llegamos a este remanente que la empresa puede pagar. Y os aseguro que, cuando trabajamos con objetivos, pasan cosas. \u00bfCu\u00e1les? Pues que revisamos si los precios que aplicamos nos permiten alcanzar este objetivo. Que analizamos si es necesario incrementar el volumen de facturaci\u00f3n y, por tanto, empezamos a hacer acciones para conseguirlo. Que nos planteemos ofrecer servicios de mayor valor a\u00f1adido y limitar aquellos de poco margen. Y estos s\u00f3lo son algunos ejemplos.<\/p>\n<h2 style=\"text-align: justify;\">\u00bfQu\u00e9 sueldo me asigno?<\/h2>\n<p style=\"text-align: justify;\">Otro elemento es la cantidad que nos podemos asignar como sueldo. Algunas personas lo hacen seg\u00fan sus necesidades personales. Pero claro, no son las mismas necesidades las de una persona con familia numerosa, que las de otra sin cargas familiares.<\/p>\n<p style=\"text-align: justify;\">Si ponemos un sueldo muy elevado, implicar\u00e1 un incremento del precio para cubrir ese gasto. Si ponemos un sueldo muy bajo, quiz\u00e1s venderemos nuestros servicios muy baratos. Por lo tanto, hay que buscar una referencia que nos haga homog\u00e9neos con las cifras que se mueven en nuestro sector.<\/p>\n<blockquote>\n<h2><em>Algunas recomendaciones:<\/em><\/h2>\n<\/blockquote>\n<ul style=\"text-align: justify;\">\n<li>Consulta las tablas salariales del convenio de tu sector para la categor\u00eda similar a la tuya. En este <a href=\"http:\/\/treball.gencat.cat\/ca\/consell_relacions_laborals\/convenis_colectius\/cercador_de_convenis\/\" target=\"_blank\" rel=\"noopener\">enlace<\/a> tienes los convenios de \u00e1mbito auton\u00f3mico catal\u00e1n.<\/li>\n<li>Piensa qu\u00e9 sueldo pedir\u00edas a una empresa si cerraras tu empresa y desempe\u00f1aras este trabajo para un tercero<\/li>\n<li>Tambi\u00e9n puedes reflexionar sobre qu\u00e9 pagar\u00edais a una persona que contrataras para realizar tu misma tarea en tu empresa<\/li>\n<li>Adjunto tambi\u00e9n un <a href=\"http:\/\/www.emprendedores.es\/gestion\/guia-tabla-salarial-pagar-empleados\" target=\"_blank\" rel=\"noopener\">enlace<\/a> a un reportaje de la revista <em>Emprendedores<\/em> en la que presenta unas cifras indicativas por profesiones, provenientes de diferentes estudios de remuneraciones.<\/li>\n<\/ul>\n<h2 style=\"text-align: justify;\">Un aspecto delicado pero muy importante.<\/h2>\n<p style=\"text-align: justify;\">A veces hay personas que crean una empresa por necesidad, para tener una fuente de ingresos para vivir. Pero hay que tener en cuenta que crear un negocio no es equivalente a que nos contraten: en el segundo caso cobraremos desde la primera mensualidad y, en el primero, cuando la empresa pueda pagarlo. Una cosa es establecer un sueldo para tener claros la dimensi\u00f3n de facturaci\u00f3n y los objetivos a alcanzar, pero tambi\u00e9n hay que ser conscientes de que primero hay que llegar a estos objetivos para que la empresa pueda pagar dicha n\u00f3mina.<\/p>\n<p style=\"text-align: justify;\">Hay emprendedores cuya situaci\u00f3n personal no les permite esperar este tiempo. \u00bfQu\u00e9 hacen? Piden un pr\u00e9stamo para financiar los gastos que de momento la empresa no puede pagar, entre ellas, su sueldo. Pero la consecuencia tambi\u00e9n es que con dicha financiaci\u00f3n tambi\u00e9n elevan el volumen de ingresos que la empresa necesita para cubrir los gastos y, adem\u00e1s, devolver dicho endeudamiento. En muchos casos, se entra en un c\u00edrculo vicioso que, a veces, se convierte en una trampa mortal.<\/p>\n<p style=\"text-align: justify;\">En consecuencia, fijemos previamente qu\u00e9 endeudamiento podemos asumir en el caso de que no se alcancen los objetivos, y hagamos un buen seguimiento de los resultados para asegurar que estamos por debajo de los l\u00edmites establecidos. Si los resultados no acompa\u00f1an, tendremos que plantear otras opciones, desde buscar un socio si los resultados nos muestran que vamos por buen camino pero falta un poco m\u00e1s de tiempo para consolidar, a cerrar el negocio si los resultados indican que no es viable.<\/p>\n<h2>Si se trata de una actividad de prestaci\u00f3n de servicios<\/h2>\n<p style=\"text-align: justify;\">Si la persona que ha puesto en marcha el negocio presta directamente los servicios, es decir, vende sus horas de trabajo, los ingresos que hace la empresa ser\u00e1n para pagar los gastos y remunerar sus horas.<\/p>\n<p style=\"text-align: justify;\">En el caso de que esta persona no preste directamente el servicio sino que lo haga a trav\u00e9s de colaboradores, sean internos o bien externos, dichos ingresos ser\u00e1n para pagar a estos colaboradores. De hecho, el sueldo de la persona aut\u00f3noma formar\u00e1 parte de la estructura de la empresa y, como bien sab\u00e9is, la estructura se paga con el margen que generan los productos y los servicios que ofrecemos. Hace unos d\u00edas ya comentamos el concepto de <a href=\"https:\/\/www.elisabetbach.com\/es\/gastos-estructura-como-reducirlos\/\" target=\"_blank\" rel=\"noopener\">Estructura M\u00ednima Viable (EMV)<\/a> como modelo para que la empresa sea lo m\u00e1s ligera posible y, por lo tanto, tenga gastos s\u00f3lo si tiene ingresos.<\/p>\n<p style=\"text-align: justify;\">Podemos decir que si el sueldo de la persona que inicia el negocio forma parte de la EMV, incrementa el volumen de venta necesario para cubrir todos los gastos. En definitiva, incrementa la dificultad de que el negocio le pueda pagar un sueldo a corto plazo, simplemente porque el negocio a\u00fan no tiene la dimensi\u00f3n para poder hacerlo.<\/p>\n<h2 style=\"text-align: justify;\"><strong>Conclusiones <\/strong><\/h2>\n<ul>\n<li style=\"text-align: justify;\">Por lo tanto, lo que le sugerimos para que puedas cobrar un sueldo de tu empresa es:<\/li>\n<li style=\"text-align: justify;\">As\u00edgnate una cantidad que sea de mercado.<\/li>\n<li style=\"text-align: justify;\">Ten en cuenta dicha cantidad en la estructura de gasto de la empresa tanto puede pagarla como si a\u00fan no lo puede hacer.<\/li>\n<li style=\"text-align: justify;\">Si tu situaci\u00f3n personal te permite utilizar esta n\u00f3mina como financiaci\u00f3n del negocio mientras \u00e9ste a\u00fan no ha alcanzado los ingresos suficientes para pagar todos los gastos, util\u00edzala de colch\u00f3n de seguridad para dar tiempo a la empresa a alcanzar la dimensi\u00f3n adecuada.<\/li>\n<li style=\"text-align: justify;\">Si no tienes esta capacidad, sino que necesitas cobrar el sueldo desde un inicio, realiza directamente las actividades facturables. De esta manera, el dinero que se ingrese ser\u00e1 para pagarte el trabajo realizado.<\/li>\n<li style=\"text-align: justify;\">En el caso de que no puedas realizar estas actividades facturables sino que formes parte de la estructura de la empresa, haz muy bien los n\u00fameros, fija un l\u00edmite de endeudamiento a asumir y realiza un buen seguimiento de resultados para no contratar un endeudamiento excesivo que sirva para pagar este sueldo a corto plazo pero que pueda generar unas obligaciones a la empresa dif\u00edciles de alcanzar, si a\u00fan no tiene la dimensi\u00f3n adecuada.<\/li>\n<\/ul>\n<p><strong>En proyectos en los que te juegas mucho te ayudo a entender tu empresa a partir de sus n\u00fameros, para que puedas clarificar, estructurar y planificar las mejores opciones para ejecutar tus proyectos.\u00a0<a href=\"https:\/\/www.elisabetbach.com\/es\/contacto\/\" target=\"_blank\" rel=\"noopener\">\u00bfHablamos?<\/a><\/strong><\/p>\n","protected":false},"excerpt":{"rendered":"<p>El sueldo del aut\u00f3nomo. Este es un tema que genera muchas dudas. Por eso me gustar\u00eda compartir algunas orientaciones con vosotros. El sueldo, como parte de<span class=\"excerpt-hellip\"> [\u2026]<\/span><\/p>\n","protected":false},"author":3,"featured_media":5543,"comment_status":"open","ping_status":"open","sticky":false,"template":"","format":"standard","meta":{"footnotes":""},"categories":[149,206,102,246,245,103],"tags":[162,147,195,213,358],"class_list":["post-5539","post","type-post","status-publish","format-standard","has-post-thumbnail","hentry","category-autonomos","category-autonoms-es","category-creacion-de-empresas","category-crecimiento-empresarial","category-creixement-empresarial-es","category-emprendedores","tag-autonomos","tag-autonoms","tag-creixement-empresarial","tag-estructura-minima-viable","tag-sou-2"],"yoast_head":"<!-- This site is optimized with the Yoast SEO plugin v27.4 - https:\/\/yoast.com\/product\/yoast-seo-wordpress\/ -->\n<title>El sueldo del aut\u00f3nomo: claves para fijarlo - Elisabet Bach Oller<\/title>\n<meta name=\"description\" content=\"El sueldo del aut\u00f3nomo es uno de los elementos que generan inquietud en el colectivo de aut\u00f3nomos dado que no es f\u00e1cil conseguir una regularidad en su pago. A veces se fija seg\u00fan las necesidades personales. Aqu\u00ed te desvelamos algunas claves a tener en cuenta cuando quieras fijarte un sueldo.\" \/>\n<meta name=\"robots\" content=\"index, follow, max-snippet:-1, max-image-preview:large, max-video-preview:-1\" \/>\n<link rel=\"canonical\" href=\"https:\/\/www.elisabetbach.com\/es\/sueldo-del-autonomo\/\" \/>\n<meta property=\"og:locale\" content=\"es_ES\" \/>\n<meta property=\"og:type\" content=\"article\" \/>\n<meta property=\"og:title\" content=\"El sueldo del aut\u00f3nomo: claves para fijarlo - Elisabet Bach Oller\" \/>\n<meta property=\"og:description\" content=\"El sueldo del aut\u00f3nomo es uno de los elementos que generan inquietud en el colectivo de aut\u00f3nomos dado que no es f\u00e1cil conseguir una regularidad en su pago. A veces se fija seg\u00fan las necesidades personales. Aqu\u00ed te desvelamos algunas claves a tener en cuenta cuando quieras fijarte un sueldo.\" \/>\n<meta property=\"og:url\" content=\"https:\/\/www.elisabetbach.com\/es\/sueldo-del-autonomo\/\" \/>\n<meta property=\"og:site_name\" content=\"Elisabet Bach\" \/>\n<meta property=\"article:publisher\" content=\"https:\/\/www.facebook.com\/elisabetbacholler\/\" \/>\n<meta property=\"article:published_time\" content=\"2018-05-16T09:42:15+00:00\" \/>\n<meta property=\"article:modified_time\" content=\"2024-06-17T18:23:36+00:00\" \/>\n<meta property=\"og:image\" content=\"https:\/\/www.elisabetbach.com\/wp-content\/uploads\/2018\/05\/sou-autonom-1.jpg\" \/>\n\t<meta property=\"og:image:width\" content=\"5760\" \/>\n\t<meta property=\"og:image:height\" content=\"3840\" \/>\n\t<meta property=\"og:image:type\" content=\"image\/jpeg\" \/>\n<meta name=\"author\" content=\"Elisabet Bach\" \/>\n<meta name=\"twitter:label1\" content=\"Escrito por\" \/>\n\t<meta name=\"twitter:data1\" content=\"Elisabet Bach\" \/>\n\t<meta name=\"twitter:label2\" content=\"Tiempo de lectura\" \/>\n\t<meta name=\"twitter:data2\" content=\"7 minutos\" \/>\n<script type=\"application\/ld+json\" class=\"yoast-schema-graph\">{\"@context\":\"https:\\\/\\\/schema.org\",\"@graph\":[{\"@type\":\"Article\",\"@id\":\"https:\\\/\\\/www.elisabetbach.com\\\/es\\\/sueldo-del-autonomo\\\/#article\",\"isPartOf\":{\"@id\":\"https:\\\/\\\/www.elisabetbach.com\\\/es\\\/sueldo-del-autonomo\\\/\"},\"author\":{\"name\":\"Elisabet Bach\",\"@id\":\"https:\\\/\\\/www.elisabetbach.com\\\/#\\\/schema\\\/person\\\/685f9d1030414b49ce9a4362405597ba\"},\"headline\":\"El sueldo del aut\u00f3nomo\",\"datePublished\":\"2018-05-16T09:42:15+00:00\",\"dateModified\":\"2024-06-17T18:23:36+00:00\",\"mainEntityOfPage\":{\"@id\":\"https:\\\/\\\/www.elisabetbach.com\\\/es\\\/sueldo-del-autonomo\\\/\"},\"wordCount\":1194,\"commentCount\":0,\"publisher\":{\"@id\":\"https:\\\/\\\/www.elisabetbach.com\\\/#organization\"},\"image\":{\"@id\":\"https:\\\/\\\/www.elisabetbach.com\\\/es\\\/sueldo-del-autonomo\\\/#primaryimage\"},\"thumbnailUrl\":\"https:\\\/\\\/www.elisabetbach.com\\\/wp-content\\\/uploads\\\/2018\\\/05\\\/sou-autonom-1.jpg\",\"keywords\":[\"aut\u00f3nomos\",\"aut\u00f2noms\",\"creixement empresarial\",\"Estructura M\u00ednima Viable\",\"sou\"],\"articleSection\":[\"Aut\u00f3nomos\",\"Aut\u00f2noms\",\"Creaci\u00f3n de empresas\",\"Crecimiento Empresarial\",\"creixement empresarial\",\"Emprendedores\"],\"inLanguage\":\"es\",\"potentialAction\":[{\"@type\":\"CommentAction\",\"name\":\"Comment\",\"target\":[\"https:\\\/\\\/www.elisabetbach.com\\\/es\\\/sueldo-del-autonomo\\\/#respond\"]}]},{\"@type\":\"WebPage\",\"@id\":\"https:\\\/\\\/www.elisabetbach.com\\\/es\\\/sueldo-del-autonomo\\\/\",\"url\":\"https:\\\/\\\/www.elisabetbach.com\\\/es\\\/sueldo-del-autonomo\\\/\",\"name\":\"El sueldo del aut\u00f3nomo: claves para fijarlo - Elisabet Bach Oller\",\"isPartOf\":{\"@id\":\"https:\\\/\\\/www.elisabetbach.com\\\/#website\"},\"primaryImageOfPage\":{\"@id\":\"https:\\\/\\\/www.elisabetbach.com\\\/es\\\/sueldo-del-autonomo\\\/#primaryimage\"},\"image\":{\"@id\":\"https:\\\/\\\/www.elisabetbach.com\\\/es\\\/sueldo-del-autonomo\\\/#primaryimage\"},\"thumbnailUrl\":\"https:\\\/\\\/www.elisabetbach.com\\\/wp-content\\\/uploads\\\/2018\\\/05\\\/sou-autonom-1.jpg\",\"datePublished\":\"2018-05-16T09:42:15+00:00\",\"dateModified\":\"2024-06-17T18:23:36+00:00\",\"description\":\"El sueldo del aut\u00f3nomo es uno de los elementos que generan inquietud en el colectivo de aut\u00f3nomos dado que no es f\u00e1cil conseguir una regularidad en su pago. A veces se fija seg\u00fan las necesidades personales. Aqu\u00ed te desvelamos algunas claves a tener en cuenta cuando quieras fijarte un sueldo.\",\"breadcrumb\":{\"@id\":\"https:\\\/\\\/www.elisabetbach.com\\\/es\\\/sueldo-del-autonomo\\\/#breadcrumb\"},\"inLanguage\":\"es\",\"potentialAction\":[{\"@type\":\"ReadAction\",\"target\":[\"https:\\\/\\\/www.elisabetbach.com\\\/es\\\/sueldo-del-autonomo\\\/\"]}]},{\"@type\":\"ImageObject\",\"inLanguage\":\"es\",\"@id\":\"https:\\\/\\\/www.elisabetbach.com\\\/es\\\/sueldo-del-autonomo\\\/#primaryimage\",\"url\":\"https:\\\/\\\/www.elisabetbach.com\\\/wp-content\\\/uploads\\\/2018\\\/05\\\/sou-autonom-1.jpg\",\"contentUrl\":\"https:\\\/\\\/www.elisabetbach.com\\\/wp-content\\\/uploads\\\/2018\\\/05\\\/sou-autonom-1.jpg\",\"width\":5760,\"height\":3840,\"caption\":\"Unsplash.\"},{\"@type\":\"BreadcrumbList\",\"@id\":\"https:\\\/\\\/www.elisabetbach.com\\\/es\\\/sueldo-del-autonomo\\\/#breadcrumb\",\"itemListElement\":[{\"@type\":\"ListItem\",\"position\":1,\"name\":\"Inici\",\"item\":\"https:\\\/\\\/www.elisabetbach.com\\\/es\\\/\"},{\"@type\":\"ListItem\",\"position\":2,\"name\":\"El sueldo del aut\u00f3nomo\"}]},{\"@type\":\"WebSite\",\"@id\":\"https:\\\/\\\/www.elisabetbach.com\\\/#website\",\"url\":\"https:\\\/\\\/www.elisabetbach.com\\\/\",\"name\":\"Elisabet Bach\",\"description\":\"Consultora Econ\u00f3mica y Financiera\",\"publisher\":{\"@id\":\"https:\\\/\\\/www.elisabetbach.com\\\/#organization\"},\"potentialAction\":[{\"@type\":\"SearchAction\",\"target\":{\"@type\":\"EntryPoint\",\"urlTemplate\":\"https:\\\/\\\/www.elisabetbach.com\\\/?s={search_term_string}\"},\"query-input\":{\"@type\":\"PropertyValueSpecification\",\"valueRequired\":true,\"valueName\":\"search_term_string\"}}],\"inLanguage\":\"es\"},{\"@type\":\"Organization\",\"@id\":\"https:\\\/\\\/www.elisabetbach.com\\\/#organization\",\"name\":\"Elisabet Bach\",\"url\":\"https:\\\/\\\/www.elisabetbach.com\\\/\",\"logo\":{\"@type\":\"ImageObject\",\"inLanguage\":\"es\",\"@id\":\"https:\\\/\\\/www.elisabetbach.com\\\/#\\\/schema\\\/logo\\\/image\\\/\",\"url\":\"https:\\\/\\\/www.elisabetbach.com\\\/wp-content\\\/uploads\\\/2014\\\/03\\\/logo.png\",\"contentUrl\":\"https:\\\/\\\/www.elisabetbach.com\\\/wp-content\\\/uploads\\\/2014\\\/03\\\/logo.png\",\"width\":308,\"height\":49,\"caption\":\"Elisabet Bach\"},\"image\":{\"@id\":\"https:\\\/\\\/www.elisabetbach.com\\\/#\\\/schema\\\/logo\\\/image\\\/\"},\"sameAs\":[\"https:\\\/\\\/www.facebook.com\\\/elisabetbacholler\\\/\",\"https:\\\/\\\/x.com\\\/elisabet_bach\",\"https:\\\/\\\/www.linkedin.com\\\/in\\\/elisabetbachconsultant\\\/\",\"https:\\\/\\\/www.youtube.com\\\/channel\\\/UCaoleye0jmPoR0_FLWsGa8Q\"]},{\"@type\":\"Person\",\"@id\":\"https:\\\/\\\/www.elisabetbach.com\\\/#\\\/schema\\\/person\\\/685f9d1030414b49ce9a4362405597ba\",\"name\":\"Elisabet Bach\",\"image\":{\"@type\":\"ImageObject\",\"inLanguage\":\"es\",\"@id\":\"https:\\\/\\\/secure.gravatar.com\\\/avatar\\\/d13c76c09a17d190fa2cc3ea283c77f6157acedd712e72edb10e741afaba1cf3?s=96&d=mm&r=g\",\"url\":\"https:\\\/\\\/secure.gravatar.com\\\/avatar\\\/d13c76c09a17d190fa2cc3ea283c77f6157acedd712e72edb10e741afaba1cf3?s=96&d=mm&r=g\",\"contentUrl\":\"https:\\\/\\\/secure.gravatar.com\\\/avatar\\\/d13c76c09a17d190fa2cc3ea283c77f6157acedd712e72edb10e741afaba1cf3?s=96&d=mm&r=g\",\"caption\":\"Elisabet Bach\"},\"sameAs\":[\"http:\\\/\\\/www.elisabetbach.com\"],\"url\":\"https:\\\/\\\/www.elisabetbach.com\\\/es\\\/author\\\/ebach\\\/\"}]}<\/script>\n<!-- \/ Yoast SEO plugin. -->","yoast_head_json":{"title":"El sueldo del aut\u00f3nomo: claves para fijarlo - Elisabet Bach Oller","description":"El sueldo del aut\u00f3nomo es uno de los elementos que generan inquietud en el colectivo de aut\u00f3nomos dado que no es f\u00e1cil conseguir una regularidad en su pago. A veces se fija seg\u00fan las necesidades personales. Aqu\u00ed te desvelamos algunas claves a tener en cuenta cuando quieras fijarte un sueldo.","robots":{"index":"index","follow":"follow","max-snippet":"max-snippet:-1","max-image-preview":"max-image-preview:large","max-video-preview":"max-video-preview:-1"},"canonical":"https:\/\/www.elisabetbach.com\/es\/sueldo-del-autonomo\/","og_locale":"es_ES","og_type":"article","og_title":"El sueldo del aut\u00f3nomo: claves para fijarlo - Elisabet Bach Oller","og_description":"El sueldo del aut\u00f3nomo es uno de los elementos que generan inquietud en el colectivo de aut\u00f3nomos dado que no es f\u00e1cil conseguir una regularidad en su pago. A veces se fija seg\u00fan las necesidades personales. Aqu\u00ed te desvelamos algunas claves a tener en cuenta cuando quieras fijarte un sueldo.","og_url":"https:\/\/www.elisabetbach.com\/es\/sueldo-del-autonomo\/","og_site_name":"Elisabet Bach","article_publisher":"https:\/\/www.facebook.com\/elisabetbacholler\/","article_published_time":"2018-05-16T09:42:15+00:00","article_modified_time":"2024-06-17T18:23:36+00:00","og_image":[{"width":5760,"height":3840,"url":"https:\/\/www.elisabetbach.com\/wp-content\/uploads\/2018\/05\/sou-autonom-1.jpg","type":"image\/jpeg"}],"author":"Elisabet Bach","twitter_misc":{"Escrito por":"Elisabet Bach","Tiempo de lectura":"7 minutos"},"schema":{"@context":"https:\/\/schema.org","@graph":[{"@type":"Article","@id":"https:\/\/www.elisabetbach.com\/es\/sueldo-del-autonomo\/#article","isPartOf":{"@id":"https:\/\/www.elisabetbach.com\/es\/sueldo-del-autonomo\/"},"author":{"name":"Elisabet Bach","@id":"https:\/\/www.elisabetbach.com\/#\/schema\/person\/685f9d1030414b49ce9a4362405597ba"},"headline":"El sueldo del aut\u00f3nomo","datePublished":"2018-05-16T09:42:15+00:00","dateModified":"2024-06-17T18:23:36+00:00","mainEntityOfPage":{"@id":"https:\/\/www.elisabetbach.com\/es\/sueldo-del-autonomo\/"},"wordCount":1194,"commentCount":0,"publisher":{"@id":"https:\/\/www.elisabetbach.com\/#organization"},"image":{"@id":"https:\/\/www.elisabetbach.com\/es\/sueldo-del-autonomo\/#primaryimage"},"thumbnailUrl":"https:\/\/www.elisabetbach.com\/wp-content\/uploads\/2018\/05\/sou-autonom-1.jpg","keywords":["aut\u00f3nomos","aut\u00f2noms","creixement empresarial","Estructura M\u00ednima Viable","sou"],"articleSection":["Aut\u00f3nomos","Aut\u00f2noms","Creaci\u00f3n de empresas","Crecimiento Empresarial","creixement empresarial","Emprendedores"],"inLanguage":"es","potentialAction":[{"@type":"CommentAction","name":"Comment","target":["https:\/\/www.elisabetbach.com\/es\/sueldo-del-autonomo\/#respond"]}]},{"@type":"WebPage","@id":"https:\/\/www.elisabetbach.com\/es\/sueldo-del-autonomo\/","url":"https:\/\/www.elisabetbach.com\/es\/sueldo-del-autonomo\/","name":"El sueldo del aut\u00f3nomo: claves para fijarlo - Elisabet Bach Oller","isPartOf":{"@id":"https:\/\/www.elisabetbach.com\/#website"},"primaryImageOfPage":{"@id":"https:\/\/www.elisabetbach.com\/es\/sueldo-del-autonomo\/#primaryimage"},"image":{"@id":"https:\/\/www.elisabetbach.com\/es\/sueldo-del-autonomo\/#primaryimage"},"thumbnailUrl":"https:\/\/www.elisabetbach.com\/wp-content\/uploads\/2018\/05\/sou-autonom-1.jpg","datePublished":"2018-05-16T09:42:15+00:00","dateModified":"2024-06-17T18:23:36+00:00","description":"El sueldo del aut\u00f3nomo es uno de los elementos que generan inquietud en el colectivo de aut\u00f3nomos dado que no es f\u00e1cil conseguir una regularidad en su pago. A veces se fija seg\u00fan las necesidades personales. Aqu\u00ed te desvelamos algunas claves a tener en cuenta cuando quieras fijarte un sueldo.","breadcrumb":{"@id":"https:\/\/www.elisabetbach.com\/es\/sueldo-del-autonomo\/#breadcrumb"},"inLanguage":"es","potentialAction":[{"@type":"ReadAction","target":["https:\/\/www.elisabetbach.com\/es\/sueldo-del-autonomo\/"]}]},{"@type":"ImageObject","inLanguage":"es","@id":"https:\/\/www.elisabetbach.com\/es\/sueldo-del-autonomo\/#primaryimage","url":"https:\/\/www.elisabetbach.com\/wp-content\/uploads\/2018\/05\/sou-autonom-1.jpg","contentUrl":"https:\/\/www.elisabetbach.com\/wp-content\/uploads\/2018\/05\/sou-autonom-1.jpg","width":5760,"height":3840,"caption":"Unsplash."},{"@type":"BreadcrumbList","@id":"https:\/\/www.elisabetbach.com\/es\/sueldo-del-autonomo\/#breadcrumb","itemListElement":[{"@type":"ListItem","position":1,"name":"Inici","item":"https:\/\/www.elisabetbach.com\/es\/"},{"@type":"ListItem","position":2,"name":"El sueldo del aut\u00f3nomo"}]},{"@type":"WebSite","@id":"https:\/\/www.elisabetbach.com\/#website","url":"https:\/\/www.elisabetbach.com\/","name":"Elisabet Bach","description":"Consultora Econ\u00f3mica y Financiera","publisher":{"@id":"https:\/\/www.elisabetbach.com\/#organization"},"potentialAction":[{"@type":"SearchAction","target":{"@type":"EntryPoint","urlTemplate":"https:\/\/www.elisabetbach.com\/?s={search_term_string}"},"query-input":{"@type":"PropertyValueSpecification","valueRequired":true,"valueName":"search_term_string"}}],"inLanguage":"es"},{"@type":"Organization","@id":"https:\/\/www.elisabetbach.com\/#organization","name":"Elisabet Bach","url":"https:\/\/www.elisabetbach.com\/","logo":{"@type":"ImageObject","inLanguage":"es","@id":"https:\/\/www.elisabetbach.com\/#\/schema\/logo\/image\/","url":"https:\/\/www.elisabetbach.com\/wp-content\/uploads\/2014\/03\/logo.png","contentUrl":"https:\/\/www.elisabetbach.com\/wp-content\/uploads\/2014\/03\/logo.png","width":308,"height":49,"caption":"Elisabet Bach"},"image":{"@id":"https:\/\/www.elisabetbach.com\/#\/schema\/logo\/image\/"},"sameAs":["https:\/\/www.facebook.com\/elisabetbacholler\/","https:\/\/x.com\/elisabet_bach","https:\/\/www.linkedin.com\/in\/elisabetbachconsultant\/","https:\/\/www.youtube.com\/channel\/UCaoleye0jmPoR0_FLWsGa8Q"]},{"@type":"Person","@id":"https:\/\/www.elisabetbach.com\/#\/schema\/person\/685f9d1030414b49ce9a4362405597ba","name":"Elisabet Bach","image":{"@type":"ImageObject","inLanguage":"es","@id":"https:\/\/secure.gravatar.com\/avatar\/d13c76c09a17d190fa2cc3ea283c77f6157acedd712e72edb10e741afaba1cf3?s=96&d=mm&r=g","url":"https:\/\/secure.gravatar.com\/avatar\/d13c76c09a17d190fa2cc3ea283c77f6157acedd712e72edb10e741afaba1cf3?s=96&d=mm&r=g","contentUrl":"https:\/\/secure.gravatar.com\/avatar\/d13c76c09a17d190fa2cc3ea283c77f6157acedd712e72edb10e741afaba1cf3?s=96&d=mm&r=g","caption":"Elisabet Bach"},"sameAs":["http:\/\/www.elisabetbach.com"],"url":"https:\/\/www.elisabetbach.com\/es\/author\/ebach\/"}]}},"_links":{"self":[{"href":"https:\/\/www.elisabetbach.com\/es\/wp-json\/wp\/v2\/posts\/5539","targetHints":{"allow":["GET"]}}],"collection":[{"href":"https:\/\/www.elisabetbach.com\/es\/wp-json\/wp\/v2\/posts"}],"about":[{"href":"https:\/\/www.elisabetbach.com\/es\/wp-json\/wp\/v2\/types\/post"}],"author":[{"embeddable":true,"href":"https:\/\/www.elisabetbach.com\/es\/wp-json\/wp\/v2\/users\/3"}],"replies":[{"embeddable":true,"href":"https:\/\/www.elisabetbach.com\/es\/wp-json\/wp\/v2\/comments?post=5539"}],"version-history":[{"count":3,"href":"https:\/\/www.elisabetbach.com\/es\/wp-json\/wp\/v2\/posts\/5539\/revisions"}],"predecessor-version":[{"id":11620,"href":"https:\/\/www.elisabetbach.com\/es\/wp-json\/wp\/v2\/posts\/5539\/revisions\/11620"}],"wp:featuredmedia":[{"embeddable":true,"href":"https:\/\/www.elisabetbach.com\/es\/wp-json\/wp\/v2\/media\/5543"}],"wp:attachment":[{"href":"https:\/\/www.elisabetbach.com\/es\/wp-json\/wp\/v2\/media?parent=5539"}],"wp:term":[{"taxonomy":"category","embeddable":true,"href":"https:\/\/www.elisabetbach.com\/es\/wp-json\/wp\/v2\/categories?post=5539"},{"taxonomy":"post_tag","embeddable":true,"href":"https:\/\/www.elisabetbach.com\/es\/wp-json\/wp\/v2\/tags?post=5539"}],"curies":[{"name":"wp","href":"https:\/\/api.w.org\/{rel}","templated":true}]}}