{"id":5557,"date":"2018-05-30T08:33:54","date_gmt":"2018-05-30T08:33:54","guid":{"rendered":"http:\/\/www.elisabetbach.com\/?p=5557"},"modified":"2018-05-31T09:03:58","modified_gmt":"2018-05-31T09:03:58","slug":"amsterdam-y-las-startups","status":"publish","type":"post","link":"https:\/\/www.elisabetbach.com\/es\/amsterdam-y-las-startups\/","title":{"rendered":"Amsterdam y las Startups"},"content":{"rendered":"<p style=\"text-align: justify;\">La semana pasada tuve la oportunidad de conocer de primera mano el ecosistema emprendedor de Amsterdam. Visitamos diferentes centros que forman parte de dicho ecosistema, los cuales nos explicaron su visi\u00f3n y la funci\u00f3n que llevan a cabo. En esta ocasi\u00f3n, nos centramos en el ecosistema de las StartUps de Amsterdam.<\/p>\n<h2 style=\"text-align: justify;\"><strong>\u00bfQu\u00e9 es un ecosistema emprendedor?<\/strong><\/h2>\n<p style=\"text-align: justify;\">Lo podemos definir como un entorno concreto en el que se dan las condiciones para que las nuevas empresas interaccionen entre ellas y con los agentes y los elementos que forman parte de dicho sistema y as\u00ed se favorezca su desarrollo.<\/p>\n<h2 style=\"text-align: justify;\"><strong>Intenci\u00f3n y compromiso<\/strong><\/h2>\n<p style=\"text-align: justify;\">Cabe decir que uno de los elementos que m\u00e1s me sorprendi\u00f3 es la intencionalidad y el compromiso que me transmitieron las personas de los centros que visitamos.<\/p>\n<p style=\"text-align: justify;\">Amsterdam desarrolla un ecosistema emprendedor basado, en mi opini\u00f3n, en dos pilares, el territorio y la innovaci\u00f3n. En el caso del territorio, utiliza la ciudad primero para estudiar las necesidades y luego como laboratorio de pruebas de las soluciones que se proponen. La aplicaci\u00f3n de la tecnolog\u00eda, la inteligencia artificial, internet de las cosas, etc, les permite desarrollar soluciones innovadoras para diferentes sectores y, en particular, en el campo de las SmartCities.<\/p>\n<h2 style=\"text-align: justify;\"><strong>\u00bfQu\u00e9 elementos han puesto en funcionamiento para que este ecosistema emprendedor se desarrolle en esta direcci\u00f3n?<\/strong><\/h2>\n<p style=\"text-align: justify;\">Dir\u00eda que lo m\u00e1s importante de todo son las personas. La mayor\u00eda de centros forman<strong> talento<\/strong>, con una especial incidencia en las habilidades. As\u00ed como la programaci\u00f3n en un lenguaje concreto puede ser un conocimiento caduco en un plazo de tiempo, no lo es la capacidad de estructurar, ni la gesti\u00f3n de equipos. Es lo que se llama formaci\u00f3n en <em>soft skills<\/em>. Se hace un esfuerzo en formar a las personas. Pero conscientes de que a corto plazo faltan todav\u00eda personas capacitadas, atraen talento de otros pa\u00edses facilitando las condiciones para vivir en la ciudad.<\/p>\n<p style=\"text-align: justify;\">Y no olvidemos el medio plazo. Hay que asegurar este flujo de talento para que las empresas tengan el personal necesario y capacitado. Es por ello que forman en nuevas tecnolog\u00edas a los alumnos de primaria ya sus maestros.<\/p>\n<p style=\"text-align: justify;\">Todo este proceso no se puede hacer sin unir esfuerzos, sin que todos los <strong>agentes<\/strong> implicados colaboren en este objetivo com\u00fan: Administraci\u00f3n P\u00fablica, empresas, instituciones, Universidades y los mismos ciudadanos. No pensemos s\u00f3lo en recursos econ\u00f3micos. Compartir conocimientos entre las diferentes entidades, profesionales que participan en formaciones, empresas que aportan recursos materiales a los centros, grupos de trabajo con empresas y con ciudadanos para testear las diferentes propuestas. De hecho, es frecuente ver en las aceleradoras de empresas espacios que son de las grandes empresas, junto a las StartUps: les permite innovar y compartir conocimiento.<\/p>\n<p style=\"text-align: justify;\">Otro elemento clave es la <strong>difusi\u00f3n<\/strong> de las acciones que se realizan. Dicha difusi\u00f3n se dirige tanto al mismo ecosistema emprendedor como al p\u00fablico en general. Dentro de los mismos espacios, mediante jornadas y eventos, tanto formales como informales. Un buen ejemplo de ello es The Next Web Conference (TNW): un gran evento en el que participa el ecosistema de agentes tecnol\u00f3gicos que lideran la innovaci\u00f3n en los negocios. Se combinan conferencias de ponentes de primer orden por su profesi\u00f3n o por las corporaciones de las que forman parte y un espacio de exposici\u00f3n en el que las StartUps presentan sus productos.<\/p>\n<p style=\"text-align: justify;\">Finalmente, cuando decimos que Amsterdam es un gran laboratorio para Startups, no pensamos en una perspectiva local. La <strong>visi\u00f3n<\/strong> es desarrollar productos y servicios que sean escalables y exportables.<\/p>\n<p style=\"text-align: justify;\">De hecho, todos estos elementos crean <strong>sinergia<\/strong> y se refuerzan unos a otros. Por ejemplo, las empresas se instalan en la zona porque saben que encontrar\u00e1n las personas cualificadas que necesitan. Asimismo, el talento se traslada a vivir a la zona porque sabe que hay empresas que lo podr\u00e1 contratar.<\/p>\n<p style=\"text-align: justify;\">Seguramente este ecosistema no est\u00e1 exento de dificultades. No debe ser f\u00e1cil coordinar los diferentes agentes, sentarlos a la mesa y que los proyectos avancen. Algunos resultados se producen a corto plazo, pero una parte importante es visi\u00f3n a medio plazo. Por eso es tan importante el compromiso de las personas que est\u00e1n al frente de los centros y de los proyectos. Dicho compromiso se transmit\u00eda de sus palabras y en su actitud.<\/p>\n","protected":false},"excerpt":{"rendered":"<p>La semana pasada tuve la oportunidad de conocer de primera mano el ecosistema emprendedor de Amsterdam. Visitamos diferentes centros que forman parte de dicho ecosistema, los<span class=\"excerpt-hellip\"> [\u2026]<\/span><\/p>\n","protected":false},"author":5,"featured_media":5558,"comment_status":"open","ping_status":"open","sticky":false,"template":"","format":"standard","meta":{"footnotes":""},"categories":[207,155,172],"tags":[],"class_list":["post-5557","post","type-post","status-publish","format-standard","has-post-thumbnail","hentry","category-pime-es","category-pyme","category-startup"],"yoast_head":"<!-- This site is optimized with the Yoast SEO plugin v27.4 - https:\/\/yoast.com\/product\/yoast-seo-wordpress\/ -->\n<title>Amsterdam y las Startups - Elisabet Bach Oller<\/title>\n<meta name=\"description\" content=\"En los \u00faltimos a\u00f1os, Amsterdam se ha posicionado como uno de los principales ecosistemas emprendedores de Europa. Aceleradoras, incubadoras, StartUps. Algunas de estas StartUps de Amsterdam se han convertido en unicornios. Pero, \u00bfc\u00f3mo funciona \u00e9ste ecosistema emprendedor?\" \/>\n<meta name=\"robots\" content=\"index, follow, max-snippet:-1, max-image-preview:large, max-video-preview:-1\" \/>\n<link rel=\"canonical\" href=\"https:\/\/www.elisabetbach.com\/es\/amsterdam-y-las-startups\/\" \/>\n<meta property=\"og:locale\" content=\"es_ES\" \/>\n<meta property=\"og:type\" content=\"article\" \/>\n<meta property=\"og:title\" content=\"Amsterdam y las Startups - Elisabet Bach Oller\" \/>\n<meta property=\"og:description\" content=\"En los \u00faltimos a\u00f1os, Amsterdam se ha posicionado como uno de los principales ecosistemas emprendedores de Europa. Aceleradoras, incubadoras, StartUps. Algunas de estas StartUps de Amsterdam se han convertido en unicornios. Pero, \u00bfc\u00f3mo funciona \u00e9ste ecosistema emprendedor?\" \/>\n<meta property=\"og:url\" content=\"https:\/\/www.elisabetbach.com\/es\/amsterdam-y-las-startups\/\" \/>\n<meta property=\"og:site_name\" content=\"Elisabet Bach\" \/>\n<meta property=\"article:publisher\" content=\"https:\/\/www.facebook.com\/elisabetbacholler\/\" \/>\n<meta property=\"article:published_time\" content=\"2018-05-30T08:33:54+00:00\" \/>\n<meta property=\"article:modified_time\" content=\"2018-05-31T09:03:58+00:00\" \/>\n<meta property=\"og:image\" content=\"https:\/\/www.elisabetbach.com\/wp-content\/uploads\/2018\/05\/amsterdam-rockstar-2.jpg\" \/>\n\t<meta property=\"og:image:width\" content=\"1406\" \/>\n\t<meta property=\"og:image:height\" content=\"925\" \/>\n\t<meta property=\"og:image:type\" content=\"image\/jpeg\" \/>\n<meta name=\"author\" content=\"Gabriela Granja\" \/>\n<meta name=\"twitter:label1\" content=\"Escrito por\" \/>\n\t<meta name=\"twitter:data1\" content=\"Gabriela Granja\" \/>\n\t<meta name=\"twitter:label2\" content=\"Tiempo de lectura\" \/>\n\t<meta name=\"twitter:data2\" content=\"4 minutos\" \/>\n<script type=\"application\/ld+json\" class=\"yoast-schema-graph\">{\"@context\":\"https:\\\/\\\/schema.org\",\"@graph\":[{\"@type\":\"Article\",\"@id\":\"https:\\\/\\\/www.elisabetbach.com\\\/es\\\/amsterdam-y-las-startups\\\/#article\",\"isPartOf\":{\"@id\":\"https:\\\/\\\/www.elisabetbach.com\\\/es\\\/amsterdam-y-las-startups\\\/\"},\"author\":{\"name\":\"Gabriela Granja\",\"@id\":\"https:\\\/\\\/www.elisabetbach.com\\\/#\\\/schema\\\/person\\\/aed6c44263d3fb71bfed603c8edc7c21\"},\"headline\":\"Amsterdam y las Startups\",\"datePublished\":\"2018-05-30T08:33:54+00:00\",\"dateModified\":\"2018-05-31T09:03:58+00:00\",\"mainEntityOfPage\":{\"@id\":\"https:\\\/\\\/www.elisabetbach.com\\\/es\\\/amsterdam-y-las-startups\\\/\"},\"wordCount\":739,\"commentCount\":0,\"publisher\":{\"@id\":\"https:\\\/\\\/www.elisabetbach.com\\\/#organization\"},\"image\":{\"@id\":\"https:\\\/\\\/www.elisabetbach.com\\\/es\\\/amsterdam-y-las-startups\\\/#primaryimage\"},\"thumbnailUrl\":\"https:\\\/\\\/www.elisabetbach.com\\\/wp-content\\\/uploads\\\/2018\\\/05\\\/amsterdam-rockstar-2.jpg\",\"articleSection\":[\"PIME\",\"PYME\",\"Startup\"],\"inLanguage\":\"es\",\"potentialAction\":[{\"@type\":\"CommentAction\",\"name\":\"Comment\",\"target\":[\"https:\\\/\\\/www.elisabetbach.com\\\/es\\\/amsterdam-y-las-startups\\\/#respond\"]}]},{\"@type\":\"WebPage\",\"@id\":\"https:\\\/\\\/www.elisabetbach.com\\\/es\\\/amsterdam-y-las-startups\\\/\",\"url\":\"https:\\\/\\\/www.elisabetbach.com\\\/es\\\/amsterdam-y-las-startups\\\/\",\"name\":\"Amsterdam y las Startups - Elisabet Bach Oller\",\"isPartOf\":{\"@id\":\"https:\\\/\\\/www.elisabetbach.com\\\/#website\"},\"primaryImageOfPage\":{\"@id\":\"https:\\\/\\\/www.elisabetbach.com\\\/es\\\/amsterdam-y-las-startups\\\/#primaryimage\"},\"image\":{\"@id\":\"https:\\\/\\\/www.elisabetbach.com\\\/es\\\/amsterdam-y-las-startups\\\/#primaryimage\"},\"thumbnailUrl\":\"https:\\\/\\\/www.elisabetbach.com\\\/wp-content\\\/uploads\\\/2018\\\/05\\\/amsterdam-rockstar-2.jpg\",\"datePublished\":\"2018-05-30T08:33:54+00:00\",\"dateModified\":\"2018-05-31T09:03:58+00:00\",\"description\":\"En los \u00faltimos a\u00f1os, Amsterdam se ha posicionado como uno de los principales ecosistemas emprendedores de Europa. Aceleradoras, incubadoras, StartUps. Algunas de estas StartUps de Amsterdam se han convertido en unicornios. Pero, \u00bfc\u00f3mo funciona \u00e9ste ecosistema emprendedor?\",\"breadcrumb\":{\"@id\":\"https:\\\/\\\/www.elisabetbach.com\\\/es\\\/amsterdam-y-las-startups\\\/#breadcrumb\"},\"inLanguage\":\"es\",\"potentialAction\":[{\"@type\":\"ReadAction\",\"target\":[\"https:\\\/\\\/www.elisabetbach.com\\\/es\\\/amsterdam-y-las-startups\\\/\"]}]},{\"@type\":\"ImageObject\",\"inLanguage\":\"es\",\"@id\":\"https:\\\/\\\/www.elisabetbach.com\\\/es\\\/amsterdam-y-las-startups\\\/#primaryimage\",\"url\":\"https:\\\/\\\/www.elisabetbach.com\\\/wp-content\\\/uploads\\\/2018\\\/05\\\/amsterdam-rockstar-2.jpg\",\"contentUrl\":\"https:\\\/\\\/www.elisabetbach.com\\\/wp-content\\\/uploads\\\/2018\\\/05\\\/amsterdam-rockstar-2.jpg\",\"width\":1406,\"height\":925,\"caption\":\"Rockstart purpose, Dolors Micola.\"},{\"@type\":\"BreadcrumbList\",\"@id\":\"https:\\\/\\\/www.elisabetbach.com\\\/es\\\/amsterdam-y-las-startups\\\/#breadcrumb\",\"itemListElement\":[{\"@type\":\"ListItem\",\"position\":1,\"name\":\"Inici\",\"item\":\"https:\\\/\\\/www.elisabetbach.com\\\/es\\\/\"},{\"@type\":\"ListItem\",\"position\":2,\"name\":\"Amsterdam y las Startups\"}]},{\"@type\":\"WebSite\",\"@id\":\"https:\\\/\\\/www.elisabetbach.com\\\/#website\",\"url\":\"https:\\\/\\\/www.elisabetbach.com\\\/\",\"name\":\"Elisabet Bach\",\"description\":\"Consultora Econ\u00f3mica y Financiera\",\"publisher\":{\"@id\":\"https:\\\/\\\/www.elisabetbach.com\\\/#organization\"},\"potentialAction\":[{\"@type\":\"SearchAction\",\"target\":{\"@type\":\"EntryPoint\",\"urlTemplate\":\"https:\\\/\\\/www.elisabetbach.com\\\/?s={search_term_string}\"},\"query-input\":{\"@type\":\"PropertyValueSpecification\",\"valueRequired\":true,\"valueName\":\"search_term_string\"}}],\"inLanguage\":\"es\"},{\"@type\":\"Organization\",\"@id\":\"https:\\\/\\\/www.elisabetbach.com\\\/#organization\",\"name\":\"Elisabet Bach\",\"url\":\"https:\\\/\\\/www.elisabetbach.com\\\/\",\"logo\":{\"@type\":\"ImageObject\",\"inLanguage\":\"es\",\"@id\":\"https:\\\/\\\/www.elisabetbach.com\\\/#\\\/schema\\\/logo\\\/image\\\/\",\"url\":\"https:\\\/\\\/www.elisabetbach.com\\\/wp-content\\\/uploads\\\/2014\\\/03\\\/logo.png\",\"contentUrl\":\"https:\\\/\\\/www.elisabetbach.com\\\/wp-content\\\/uploads\\\/2014\\\/03\\\/logo.png\",\"width\":308,\"height\":49,\"caption\":\"Elisabet Bach\"},\"image\":{\"@id\":\"https:\\\/\\\/www.elisabetbach.com\\\/#\\\/schema\\\/logo\\\/image\\\/\"},\"sameAs\":[\"https:\\\/\\\/www.facebook.com\\\/elisabetbacholler\\\/\",\"https:\\\/\\\/x.com\\\/elisabet_bach\",\"https:\\\/\\\/www.linkedin.com\\\/in\\\/elisabetbachconsultant\\\/\",\"https:\\\/\\\/www.youtube.com\\\/channel\\\/UCaoleye0jmPoR0_FLWsGa8Q\"]},{\"@type\":\"Person\",\"@id\":\"https:\\\/\\\/www.elisabetbach.com\\\/#\\\/schema\\\/person\\\/aed6c44263d3fb71bfed603c8edc7c21\",\"name\":\"Gabriela Granja\",\"image\":{\"@type\":\"ImageObject\",\"inLanguage\":\"es\",\"@id\":\"https:\\\/\\\/secure.gravatar.com\\\/avatar\\\/fc8117cb1263432cf991690b0187a13a2baf8f2144aa16d5078080f3926cd9f0?s=96&d=mm&r=g\",\"url\":\"https:\\\/\\\/secure.gravatar.com\\\/avatar\\\/fc8117cb1263432cf991690b0187a13a2baf8f2144aa16d5078080f3926cd9f0?s=96&d=mm&r=g\",\"contentUrl\":\"https:\\\/\\\/secure.gravatar.com\\\/avatar\\\/fc8117cb1263432cf991690b0187a13a2baf8f2144aa16d5078080f3926cd9f0?s=96&d=mm&r=g\",\"caption\":\"Gabriela Granja\"},\"url\":\"https:\\\/\\\/www.elisabetbach.com\\\/es\\\/author\\\/gabriela-granja\\\/\"}]}<\/script>\n<!-- \/ Yoast SEO plugin. -->","yoast_head_json":{"title":"Amsterdam y las Startups - Elisabet Bach Oller","description":"En los \u00faltimos a\u00f1os, Amsterdam se ha posicionado como uno de los principales ecosistemas emprendedores de Europa. Aceleradoras, incubadoras, StartUps. Algunas de estas StartUps de Amsterdam se han convertido en unicornios. Pero, \u00bfc\u00f3mo funciona \u00e9ste ecosistema emprendedor?","robots":{"index":"index","follow":"follow","max-snippet":"max-snippet:-1","max-image-preview":"max-image-preview:large","max-video-preview":"max-video-preview:-1"},"canonical":"https:\/\/www.elisabetbach.com\/es\/amsterdam-y-las-startups\/","og_locale":"es_ES","og_type":"article","og_title":"Amsterdam y las Startups - Elisabet Bach Oller","og_description":"En los \u00faltimos a\u00f1os, Amsterdam se ha posicionado como uno de los principales ecosistemas emprendedores de Europa. Aceleradoras, incubadoras, StartUps. Algunas de estas StartUps de Amsterdam se han convertido en unicornios. Pero, \u00bfc\u00f3mo funciona \u00e9ste ecosistema emprendedor?","og_url":"https:\/\/www.elisabetbach.com\/es\/amsterdam-y-las-startups\/","og_site_name":"Elisabet Bach","article_publisher":"https:\/\/www.facebook.com\/elisabetbacholler\/","article_published_time":"2018-05-30T08:33:54+00:00","article_modified_time":"2018-05-31T09:03:58+00:00","og_image":[{"width":1406,"height":925,"url":"https:\/\/www.elisabetbach.com\/wp-content\/uploads\/2018\/05\/amsterdam-rockstar-2.jpg","type":"image\/jpeg"}],"author":"Gabriela Granja","twitter_misc":{"Escrito por":"Gabriela Granja","Tiempo de lectura":"4 minutos"},"schema":{"@context":"https:\/\/schema.org","@graph":[{"@type":"Article","@id":"https:\/\/www.elisabetbach.com\/es\/amsterdam-y-las-startups\/#article","isPartOf":{"@id":"https:\/\/www.elisabetbach.com\/es\/amsterdam-y-las-startups\/"},"author":{"name":"Gabriela Granja","@id":"https:\/\/www.elisabetbach.com\/#\/schema\/person\/aed6c44263d3fb71bfed603c8edc7c21"},"headline":"Amsterdam y las Startups","datePublished":"2018-05-30T08:33:54+00:00","dateModified":"2018-05-31T09:03:58+00:00","mainEntityOfPage":{"@id":"https:\/\/www.elisabetbach.com\/es\/amsterdam-y-las-startups\/"},"wordCount":739,"commentCount":0,"publisher":{"@id":"https:\/\/www.elisabetbach.com\/#organization"},"image":{"@id":"https:\/\/www.elisabetbach.com\/es\/amsterdam-y-las-startups\/#primaryimage"},"thumbnailUrl":"https:\/\/www.elisabetbach.com\/wp-content\/uploads\/2018\/05\/amsterdam-rockstar-2.jpg","articleSection":["PIME","PYME","Startup"],"inLanguage":"es","potentialAction":[{"@type":"CommentAction","name":"Comment","target":["https:\/\/www.elisabetbach.com\/es\/amsterdam-y-las-startups\/#respond"]}]},{"@type":"WebPage","@id":"https:\/\/www.elisabetbach.com\/es\/amsterdam-y-las-startups\/","url":"https:\/\/www.elisabetbach.com\/es\/amsterdam-y-las-startups\/","name":"Amsterdam y las Startups - Elisabet Bach Oller","isPartOf":{"@id":"https:\/\/www.elisabetbach.com\/#website"},"primaryImageOfPage":{"@id":"https:\/\/www.elisabetbach.com\/es\/amsterdam-y-las-startups\/#primaryimage"},"image":{"@id":"https:\/\/www.elisabetbach.com\/es\/amsterdam-y-las-startups\/#primaryimage"},"thumbnailUrl":"https:\/\/www.elisabetbach.com\/wp-content\/uploads\/2018\/05\/amsterdam-rockstar-2.jpg","datePublished":"2018-05-30T08:33:54+00:00","dateModified":"2018-05-31T09:03:58+00:00","description":"En los \u00faltimos a\u00f1os, Amsterdam se ha posicionado como uno de los principales ecosistemas emprendedores de Europa. Aceleradoras, incubadoras, StartUps. Algunas de estas StartUps de Amsterdam se han convertido en unicornios. Pero, \u00bfc\u00f3mo funciona \u00e9ste ecosistema emprendedor?","breadcrumb":{"@id":"https:\/\/www.elisabetbach.com\/es\/amsterdam-y-las-startups\/#breadcrumb"},"inLanguage":"es","potentialAction":[{"@type":"ReadAction","target":["https:\/\/www.elisabetbach.com\/es\/amsterdam-y-las-startups\/"]}]},{"@type":"ImageObject","inLanguage":"es","@id":"https:\/\/www.elisabetbach.com\/es\/amsterdam-y-las-startups\/#primaryimage","url":"https:\/\/www.elisabetbach.com\/wp-content\/uploads\/2018\/05\/amsterdam-rockstar-2.jpg","contentUrl":"https:\/\/www.elisabetbach.com\/wp-content\/uploads\/2018\/05\/amsterdam-rockstar-2.jpg","width":1406,"height":925,"caption":"Rockstart purpose, Dolors Micola."},{"@type":"BreadcrumbList","@id":"https:\/\/www.elisabetbach.com\/es\/amsterdam-y-las-startups\/#breadcrumb","itemListElement":[{"@type":"ListItem","position":1,"name":"Inici","item":"https:\/\/www.elisabetbach.com\/es\/"},{"@type":"ListItem","position":2,"name":"Amsterdam y las Startups"}]},{"@type":"WebSite","@id":"https:\/\/www.elisabetbach.com\/#website","url":"https:\/\/www.elisabetbach.com\/","name":"Elisabet Bach","description":"Consultora Econ\u00f3mica y Financiera","publisher":{"@id":"https:\/\/www.elisabetbach.com\/#organization"},"potentialAction":[{"@type":"SearchAction","target":{"@type":"EntryPoint","urlTemplate":"https:\/\/www.elisabetbach.com\/?s={search_term_string}"},"query-input":{"@type":"PropertyValueSpecification","valueRequired":true,"valueName":"search_term_string"}}],"inLanguage":"es"},{"@type":"Organization","@id":"https:\/\/www.elisabetbach.com\/#organization","name":"Elisabet Bach","url":"https:\/\/www.elisabetbach.com\/","logo":{"@type":"ImageObject","inLanguage":"es","@id":"https:\/\/www.elisabetbach.com\/#\/schema\/logo\/image\/","url":"https:\/\/www.elisabetbach.com\/wp-content\/uploads\/2014\/03\/logo.png","contentUrl":"https:\/\/www.elisabetbach.com\/wp-content\/uploads\/2014\/03\/logo.png","width":308,"height":49,"caption":"Elisabet Bach"},"image":{"@id":"https:\/\/www.elisabetbach.com\/#\/schema\/logo\/image\/"},"sameAs":["https:\/\/www.facebook.com\/elisabetbacholler\/","https:\/\/x.com\/elisabet_bach","https:\/\/www.linkedin.com\/in\/elisabetbachconsultant\/","https:\/\/www.youtube.com\/channel\/UCaoleye0jmPoR0_FLWsGa8Q"]},{"@type":"Person","@id":"https:\/\/www.elisabetbach.com\/#\/schema\/person\/aed6c44263d3fb71bfed603c8edc7c21","name":"Gabriela Granja","image":{"@type":"ImageObject","inLanguage":"es","@id":"https:\/\/secure.gravatar.com\/avatar\/fc8117cb1263432cf991690b0187a13a2baf8f2144aa16d5078080f3926cd9f0?s=96&d=mm&r=g","url":"https:\/\/secure.gravatar.com\/avatar\/fc8117cb1263432cf991690b0187a13a2baf8f2144aa16d5078080f3926cd9f0?s=96&d=mm&r=g","contentUrl":"https:\/\/secure.gravatar.com\/avatar\/fc8117cb1263432cf991690b0187a13a2baf8f2144aa16d5078080f3926cd9f0?s=96&d=mm&r=g","caption":"Gabriela Granja"},"url":"https:\/\/www.elisabetbach.com\/es\/author\/gabriela-granja\/"}]}},"_links":{"self":[{"href":"https:\/\/www.elisabetbach.com\/es\/wp-json\/wp\/v2\/posts\/5557","targetHints":{"allow":["GET"]}}],"collection":[{"href":"https:\/\/www.elisabetbach.com\/es\/wp-json\/wp\/v2\/posts"}],"about":[{"href":"https:\/\/www.elisabetbach.com\/es\/wp-json\/wp\/v2\/types\/post"}],"author":[{"embeddable":true,"href":"https:\/\/www.elisabetbach.com\/es\/wp-json\/wp\/v2\/users\/5"}],"replies":[{"embeddable":true,"href":"https:\/\/www.elisabetbach.com\/es\/wp-json\/wp\/v2\/comments?post=5557"}],"version-history":[{"count":1,"href":"https:\/\/www.elisabetbach.com\/es\/wp-json\/wp\/v2\/posts\/5557\/revisions"}],"predecessor-version":[{"id":5559,"href":"https:\/\/www.elisabetbach.com\/es\/wp-json\/wp\/v2\/posts\/5557\/revisions\/5559"}],"wp:featuredmedia":[{"embeddable":true,"href":"https:\/\/www.elisabetbach.com\/es\/wp-json\/wp\/v2\/media\/5558"}],"wp:attachment":[{"href":"https:\/\/www.elisabetbach.com\/es\/wp-json\/wp\/v2\/media?parent=5557"}],"wp:term":[{"taxonomy":"category","embeddable":true,"href":"https:\/\/www.elisabetbach.com\/es\/wp-json\/wp\/v2\/categories?post=5557"},{"taxonomy":"post_tag","embeddable":true,"href":"https:\/\/www.elisabetbach.com\/es\/wp-json\/wp\/v2\/tags?post=5557"}],"curies":[{"name":"wp","href":"https:\/\/api.w.org\/{rel}","templated":true}]}}