{"id":5569,"date":"2018-06-13T08:29:29","date_gmt":"2018-06-13T08:29:29","guid":{"rendered":"https:\/\/www.elisabetbach.com\/emprendre-sescriu-amb-c-creacio-creixement-consolidacio\/"},"modified":"2018-06-13T21:34:40","modified_gmt":"2018-06-13T21:34:40","slug":"emprender-se-escribe-con-c-creacion-crecimiento-consolidacion","status":"publish","type":"post","link":"https:\/\/www.elisabetbach.com\/es\/emprender-se-escribe-con-c-creacion-crecimiento-consolidacion\/","title":{"rendered":"Emprender se escribe con C: Creaci\u00f3n, Crecimiento, Consolidaci\u00f3n"},"content":{"rendered":"<p style=\"text-align: justify;\">Emprendimiento se escribe con C: creaci\u00f3n, crecimiento, consolidaci\u00f3n. Muchas veces hablamos de emprendimiento y la identificamos con la primera de las etapas que hemos mencionado. Pero lo cierto es que las tres est\u00e1n \u00edntimamente interrelacionadas. Pero no nos adelantemos.<\/p>\n<h2 style=\"text-align: justify;\"><strong>\u00bfQu\u00e9 entendemos por creaci\u00f3n, crecimiento y consolidaci\u00f3n?<\/strong><\/h2>\n<p style=\"text-align: justify;\">Podemos definir la etapa de <strong>creaci\u00f3n<\/strong> de la empresa como aquel per\u00edodo que va desde la idea hasta su concreci\u00f3n en una empresa, formalizada en una forma jur\u00eddica y una alta fiscal y en la Seguridad Social.<\/p>\n<p style=\"text-align: justify;\">La etapa de <strong>crecimiento<\/strong> la podemos definir como aquel periodo de tiempo en el que el negocio tiene un incremento importante de la cifra de ingresos. Dicho crecimiento puede producirse por diferentes motivos: el primero deber\u00eda ser aquel incremento que debe permitir a la empresa alcanzar la dimensi\u00f3n necesaria para estar en punto de equilibrio. Esta etapa es fundamental para la viabilidad del negocio. Pero tambi\u00e9n podemos encontrar otros tipos de crecimiento: el producido a ra\u00edz del mercado, el cual valora mucho el producto\/servicio que ofrece el negocio y, por tanto, lo demanda incluso sin que la empresa lo empuje; un segundo tipo de crecimiento es el que se produce como consecuencia de las acciones comerciales que se realizan desde el negocio. En esta etapa podemos hablar de crecimientos importantes a partir del 20%, aunque tambi\u00e9n consideramos que la empresa est\u00e1 en crecimiento a partir del 10%.<\/p>\n<p style=\"text-align: justify;\">Finalmente, la etapa de <strong>consolidaci\u00f3n<\/strong>, se refiere a ese momento en que el negocio est\u00e1 asentado, en ingresos y estructura y, en consecuencia, presenta crecimientos de ventas con valores en torno a la inflaci\u00f3n.<\/p>\n<h2 style=\"text-align: justify;\"><strong>\u00bfQu\u00e9 queremos ser cuando seamos mayores?<\/strong><\/h2>\n<p style=\"text-align: justify;\">Detr\u00e1s de todo proceso emprendedor intervienen muchos factores. Entre ellos, las expectativas personales y empresariales de la persona o el equipo de personas que lo llevan a cabo. Seg\u00fan sean dichas expectativas, tendr\u00e1 una influencia directa en el negocio y en su desarrollo, no s\u00f3lo en la etapa de creaci\u00f3n. Por ejemplo, no desarrollaremos el mismo negocio si queremos generar nuestro propio puesto de trabajo o bien si queremos tener un equipo de personas con nosotros, aunque hablemos del mismo sector y actividad.<\/p>\n<p style=\"text-align: justify;\">Por lo tanto, es crucial reflexionar sobre las expectativas que tenemos sobre el negocio y sobre nosotros mismos, o dicho de otro modo, \u00ab\u00bfqu\u00e9 queremos ser cuando seamos mayores?\u00bb Nos la tenemos que preguntar ya en la etapa de creaci\u00f3n. Seguramente no podremos planificarlo todo, seguramente tendremos que ajustar la forma en que trabajamos y c\u00f3mo llegamos al cliente, pero s\u00ed que iremos m\u00e1s orientados hacia el objetivo deseado.<\/p>\n<h2 style=\"text-align: justify;\"><strong>Romper el techo de cristal<\/strong><\/h2>\n<p style=\"text-align: justify;\">Es habitual que un emprendedor\/a inicie un negocio con unas expectativas y, si le van bien las cosas, decida ampliarlo.<\/p>\n<p style=\"text-align: justify;\">Y por este motivo nos encontramos con negocios que tienen la necesidad de romper lo que llamamos el techo de cristal. Es decir, negocios que estaban planteadas como proyectos de autoempleo pero, debido a su \u00e9xito, la persona que lo gestiona decide ampliarlo. Este proceso conlleva un replanteamiento. Esto significa colaborar con terceros, incorporar personal, invertir, en definitiva, trabajar de manera diferente para ofrecer el valor que aprecian los clientes, sin perder la esencia del negocio y sin que dicho crecimiento le haga perder el rendimiento conseguido.<\/p>\n<p style=\"text-align: justify;\">Por lo tanto, nos reitera que no lo podemos tener todo planificado. Pero en la medida que tengamos la visi\u00f3n sobre qu\u00e9 queremos que sea nuestro negocio y hacia d\u00f3nde queremos llevarlo, ya hace que el orientamos desde las etapas iniciales y durante las etapas de crecimiento. En conclusi\u00f3n, creaci\u00f3n, crecimiento y consolidaci\u00f3n empresarial no son etapas estancas e individuales, sino que forman parte de un <em>continuum<\/em> en la evoluci\u00f3n del negocio.<\/p>\n<p style=\"text-align: justify;\"><strong>En proyectos en los que te juegas mucho te ayudo a entender y a orientar tu empresa desde un punto de vista estrat\u00e9gico, para que puedas clarificar, estructurar y planificar las mejores opciones para ejecutar tus proyectos.\u00a0<a href=\"https:\/\/www.elisabetbach.com\/es\/contacto\/\" target=\"_blank\" rel=\"noopener\">\u00bfHablamos?<\/a><\/strong><\/p>\n","protected":false},"excerpt":{"rendered":"<p>Emprendimiento se escribe con C: creaci\u00f3n, crecimiento, consolidaci\u00f3n. Muchas veces hablamos de emprendimiento y la identificamos con la primera de las etapas que hemos mencionado. Pero<span class=\"excerpt-hellip\"> [\u2026]<\/span><\/p>\n","protected":false},"author":5,"featured_media":5573,"comment_status":"open","ping_status":"open","sticky":false,"template":"","format":"standard","meta":{"footnotes":""},"categories":[206,102,103,207],"tags":[243,239,242,240,193,217],"class_list":["post-5569","post","type-post","status-publish","format-standard","has-post-thumbnail","hentry","category-autonoms-es","category-creacion-de-empresas","category-emprendedores","category-pime-es","tag-consolidacio","tag-consolidacion-es","tag-creacio","tag-creacion-es","tag-crecimiento","tag-emprendimiento"],"yoast_head":"<!-- This site is optimized with the Yoast SEO plugin v27.4 - https:\/\/yoast.com\/product\/yoast-seo-wordpress\/ -->\n<title>Emprender se escribe con C: Creaci\u00f3n, Crecimiento, Consolidaci\u00f3n | Elisabet Bach Oller<\/title>\n<meta name=\"description\" content=\"Muchas personas que inician un negocio tienden a pensar s\u00f3lo en la idea y la creaci\u00f3n de la empresa, pero se olvidan de reflexionar sobre qu\u00e9 tipo de negocio quieren. Responder a \u00e9sta cuesti\u00f3n har\u00e1 que creaci\u00f3n, crecimiento y consolidaci\u00f3n de la empresa vayan interrelacionadas y una etapa sea la preparaci\u00f3n de la siguiente.\" \/>\n<meta name=\"robots\" content=\"index, follow, max-snippet:-1, max-image-preview:large, max-video-preview:-1\" \/>\n<link rel=\"canonical\" href=\"https:\/\/www.elisabetbach.com\/es\/emprender-se-escribe-con-c-creacion-crecimiento-consolidacion\/\" \/>\n<meta property=\"og:locale\" content=\"es_ES\" \/>\n<meta property=\"og:type\" content=\"article\" \/>\n<meta property=\"og:title\" content=\"Emprender se escribe con C: Creaci\u00f3n, Crecimiento, Consolidaci\u00f3n | Elisabet Bach Oller\" \/>\n<meta property=\"og:description\" content=\"Al hablar de emprendimiento las etapas de creaci\u00f3n, crecimiento, consolidaci\u00f3n est\u00e1n \u00edntimamente interrelacionadas.\" \/>\n<meta property=\"og:url\" content=\"https:\/\/www.elisabetbach.com\/es\/emprender-se-escribe-con-c-creacion-crecimiento-consolidacion\/\" \/>\n<meta property=\"og:site_name\" content=\"Elisabet Bach\" \/>\n<meta property=\"article:publisher\" content=\"https:\/\/www.facebook.com\/elisabetbacholler\/\" \/>\n<meta property=\"article:published_time\" content=\"2018-06-13T08:29:29+00:00\" \/>\n<meta property=\"article:modified_time\" content=\"2018-06-13T21:34:40+00:00\" \/>\n<meta property=\"og:image\" content=\"https:\/\/www.elisabetbach.com\/wp-content\/uploads\/2018\/06\/emprender-elisabet-bach-.jpg\" \/>\n\t<meta property=\"og:image:width\" content=\"2500\" \/>\n\t<meta property=\"og:image:height\" content=\"1522\" \/>\n\t<meta property=\"og:image:type\" content=\"image\/jpeg\" \/>\n<meta name=\"author\" content=\"Gabriela Granja\" \/>\n<meta name=\"twitter:label1\" content=\"Escrito por\" \/>\n\t<meta name=\"twitter:data1\" content=\"Gabriela Granja\" \/>\n\t<meta name=\"twitter:label2\" content=\"Tiempo de lectura\" \/>\n\t<meta name=\"twitter:data2\" content=\"3 minutos\" \/>\n<script type=\"application\/ld+json\" class=\"yoast-schema-graph\">{\"@context\":\"https:\\\/\\\/schema.org\",\"@graph\":[{\"@type\":\"Article\",\"@id\":\"https:\\\/\\\/www.elisabetbach.com\\\/es\\\/emprender-se-escribe-con-c-creacion-crecimiento-consolidacion\\\/#article\",\"isPartOf\":{\"@id\":\"https:\\\/\\\/www.elisabetbach.com\\\/es\\\/emprender-se-escribe-con-c-creacion-crecimiento-consolidacion\\\/\"},\"author\":{\"name\":\"Gabriela Granja\",\"@id\":\"https:\\\/\\\/www.elisabetbach.com\\\/#\\\/schema\\\/person\\\/aed6c44263d3fb71bfed603c8edc7c21\"},\"headline\":\"Emprender se escribe con C: Creaci\u00f3n, Crecimiento, Consolidaci\u00f3n\",\"datePublished\":\"2018-06-13T08:29:29+00:00\",\"dateModified\":\"2018-06-13T21:34:40+00:00\",\"mainEntityOfPage\":{\"@id\":\"https:\\\/\\\/www.elisabetbach.com\\\/es\\\/emprender-se-escribe-con-c-creacion-crecimiento-consolidacion\\\/\"},\"wordCount\":684,\"commentCount\":0,\"publisher\":{\"@id\":\"https:\\\/\\\/www.elisabetbach.com\\\/#organization\"},\"image\":{\"@id\":\"https:\\\/\\\/www.elisabetbach.com\\\/es\\\/emprender-se-escribe-con-c-creacion-crecimiento-consolidacion\\\/#primaryimage\"},\"thumbnailUrl\":\"https:\\\/\\\/www.elisabetbach.com\\\/wp-content\\\/uploads\\\/2018\\\/06\\\/emprender-elisabet-bach-.jpg\",\"keywords\":[\"Consolidaci\u00f3\",\"Consolidaci\u00f3n\",\"Creaci\u00f3\",\"Creaci\u00f3n\",\"crecimiento\",\"emprendimiento\"],\"articleSection\":[\"Aut\u00f2noms\",\"Creaci\u00f3n de empresas\",\"Emprendedores\",\"PIME\"],\"inLanguage\":\"es\",\"potentialAction\":[{\"@type\":\"CommentAction\",\"name\":\"Comment\",\"target\":[\"https:\\\/\\\/www.elisabetbach.com\\\/es\\\/emprender-se-escribe-con-c-creacion-crecimiento-consolidacion\\\/#respond\"]}]},{\"@type\":\"WebPage\",\"@id\":\"https:\\\/\\\/www.elisabetbach.com\\\/es\\\/emprender-se-escribe-con-c-creacion-crecimiento-consolidacion\\\/\",\"url\":\"https:\\\/\\\/www.elisabetbach.com\\\/es\\\/emprender-se-escribe-con-c-creacion-crecimiento-consolidacion\\\/\",\"name\":\"Emprender se escribe con C: Creaci\u00f3n, Crecimiento, Consolidaci\u00f3n | Elisabet Bach Oller\",\"isPartOf\":{\"@id\":\"https:\\\/\\\/www.elisabetbach.com\\\/#website\"},\"primaryImageOfPage\":{\"@id\":\"https:\\\/\\\/www.elisabetbach.com\\\/es\\\/emprender-se-escribe-con-c-creacion-crecimiento-consolidacion\\\/#primaryimage\"},\"image\":{\"@id\":\"https:\\\/\\\/www.elisabetbach.com\\\/es\\\/emprender-se-escribe-con-c-creacion-crecimiento-consolidacion\\\/#primaryimage\"},\"thumbnailUrl\":\"https:\\\/\\\/www.elisabetbach.com\\\/wp-content\\\/uploads\\\/2018\\\/06\\\/emprender-elisabet-bach-.jpg\",\"datePublished\":\"2018-06-13T08:29:29+00:00\",\"dateModified\":\"2018-06-13T21:34:40+00:00\",\"description\":\"Muchas personas que inician un negocio tienden a pensar s\u00f3lo en la idea y la creaci\u00f3n de la empresa, pero se olvidan de reflexionar sobre qu\u00e9 tipo de negocio quieren. Responder a \u00e9sta cuesti\u00f3n har\u00e1 que creaci\u00f3n, crecimiento y consolidaci\u00f3n de la empresa vayan interrelacionadas y una etapa sea la preparaci\u00f3n de la siguiente.\",\"breadcrumb\":{\"@id\":\"https:\\\/\\\/www.elisabetbach.com\\\/es\\\/emprender-se-escribe-con-c-creacion-crecimiento-consolidacion\\\/#breadcrumb\"},\"inLanguage\":\"es\",\"potentialAction\":[{\"@type\":\"ReadAction\",\"target\":[\"https:\\\/\\\/www.elisabetbach.com\\\/es\\\/emprender-se-escribe-con-c-creacion-crecimiento-consolidacion\\\/\"]}]},{\"@type\":\"ImageObject\",\"inLanguage\":\"es\",\"@id\":\"https:\\\/\\\/www.elisabetbach.com\\\/es\\\/emprender-se-escribe-con-c-creacion-crecimiento-consolidacion\\\/#primaryimage\",\"url\":\"https:\\\/\\\/www.elisabetbach.com\\\/wp-content\\\/uploads\\\/2018\\\/06\\\/emprender-elisabet-bach-.jpg\",\"contentUrl\":\"https:\\\/\\\/www.elisabetbach.com\\\/wp-content\\\/uploads\\\/2018\\\/06\\\/emprender-elisabet-bach-.jpg\",\"width\":2500,\"height\":1522,\"caption\":\"Photo by rawpixel.com from Pexels\"},{\"@type\":\"BreadcrumbList\",\"@id\":\"https:\\\/\\\/www.elisabetbach.com\\\/es\\\/emprender-se-escribe-con-c-creacion-crecimiento-consolidacion\\\/#breadcrumb\",\"itemListElement\":[{\"@type\":\"ListItem\",\"position\":1,\"name\":\"Inici\",\"item\":\"https:\\\/\\\/www.elisabetbach.com\\\/es\\\/\"},{\"@type\":\"ListItem\",\"position\":2,\"name\":\"Emprender se escribe con C: Creaci\u00f3n, Crecimiento, Consolidaci\u00f3n\"}]},{\"@type\":\"WebSite\",\"@id\":\"https:\\\/\\\/www.elisabetbach.com\\\/#website\",\"url\":\"https:\\\/\\\/www.elisabetbach.com\\\/\",\"name\":\"Elisabet Bach\",\"description\":\"Consultora Econ\u00f3mica y Financiera\",\"publisher\":{\"@id\":\"https:\\\/\\\/www.elisabetbach.com\\\/#organization\"},\"potentialAction\":[{\"@type\":\"SearchAction\",\"target\":{\"@type\":\"EntryPoint\",\"urlTemplate\":\"https:\\\/\\\/www.elisabetbach.com\\\/?s={search_term_string}\"},\"query-input\":{\"@type\":\"PropertyValueSpecification\",\"valueRequired\":true,\"valueName\":\"search_term_string\"}}],\"inLanguage\":\"es\"},{\"@type\":\"Organization\",\"@id\":\"https:\\\/\\\/www.elisabetbach.com\\\/#organization\",\"name\":\"Elisabet Bach\",\"url\":\"https:\\\/\\\/www.elisabetbach.com\\\/\",\"logo\":{\"@type\":\"ImageObject\",\"inLanguage\":\"es\",\"@id\":\"https:\\\/\\\/www.elisabetbach.com\\\/#\\\/schema\\\/logo\\\/image\\\/\",\"url\":\"https:\\\/\\\/www.elisabetbach.com\\\/wp-content\\\/uploads\\\/2014\\\/03\\\/logo.png\",\"contentUrl\":\"https:\\\/\\\/www.elisabetbach.com\\\/wp-content\\\/uploads\\\/2014\\\/03\\\/logo.png\",\"width\":308,\"height\":49,\"caption\":\"Elisabet Bach\"},\"image\":{\"@id\":\"https:\\\/\\\/www.elisabetbach.com\\\/#\\\/schema\\\/logo\\\/image\\\/\"},\"sameAs\":[\"https:\\\/\\\/www.facebook.com\\\/elisabetbacholler\\\/\",\"https:\\\/\\\/x.com\\\/elisabet_bach\",\"https:\\\/\\\/www.linkedin.com\\\/in\\\/elisabetbachconsultant\\\/\",\"https:\\\/\\\/www.youtube.com\\\/channel\\\/UCaoleye0jmPoR0_FLWsGa8Q\"]},{\"@type\":\"Person\",\"@id\":\"https:\\\/\\\/www.elisabetbach.com\\\/#\\\/schema\\\/person\\\/aed6c44263d3fb71bfed603c8edc7c21\",\"name\":\"Gabriela Granja\",\"image\":{\"@type\":\"ImageObject\",\"inLanguage\":\"es\",\"@id\":\"https:\\\/\\\/secure.gravatar.com\\\/avatar\\\/fc8117cb1263432cf991690b0187a13a2baf8f2144aa16d5078080f3926cd9f0?s=96&d=mm&r=g\",\"url\":\"https:\\\/\\\/secure.gravatar.com\\\/avatar\\\/fc8117cb1263432cf991690b0187a13a2baf8f2144aa16d5078080f3926cd9f0?s=96&d=mm&r=g\",\"contentUrl\":\"https:\\\/\\\/secure.gravatar.com\\\/avatar\\\/fc8117cb1263432cf991690b0187a13a2baf8f2144aa16d5078080f3926cd9f0?s=96&d=mm&r=g\",\"caption\":\"Gabriela Granja\"},\"url\":\"https:\\\/\\\/www.elisabetbach.com\\\/es\\\/author\\\/gabriela-granja\\\/\"}]}<\/script>\n<!-- \/ Yoast SEO plugin. -->","yoast_head_json":{"title":"Emprender se escribe con C: Creaci\u00f3n, Crecimiento, Consolidaci\u00f3n | Elisabet Bach Oller","description":"Muchas personas que inician un negocio tienden a pensar s\u00f3lo en la idea y la creaci\u00f3n de la empresa, pero se olvidan de reflexionar sobre qu\u00e9 tipo de negocio quieren. Responder a \u00e9sta cuesti\u00f3n har\u00e1 que creaci\u00f3n, crecimiento y consolidaci\u00f3n de la empresa vayan interrelacionadas y una etapa sea la preparaci\u00f3n de la siguiente.","robots":{"index":"index","follow":"follow","max-snippet":"max-snippet:-1","max-image-preview":"max-image-preview:large","max-video-preview":"max-video-preview:-1"},"canonical":"https:\/\/www.elisabetbach.com\/es\/emprender-se-escribe-con-c-creacion-crecimiento-consolidacion\/","og_locale":"es_ES","og_type":"article","og_title":"Emprender se escribe con C: Creaci\u00f3n, Crecimiento, Consolidaci\u00f3n | Elisabet Bach Oller","og_description":"Al hablar de emprendimiento las etapas de creaci\u00f3n, crecimiento, consolidaci\u00f3n est\u00e1n \u00edntimamente interrelacionadas.","og_url":"https:\/\/www.elisabetbach.com\/es\/emprender-se-escribe-con-c-creacion-crecimiento-consolidacion\/","og_site_name":"Elisabet Bach","article_publisher":"https:\/\/www.facebook.com\/elisabetbacholler\/","article_published_time":"2018-06-13T08:29:29+00:00","article_modified_time":"2018-06-13T21:34:40+00:00","og_image":[{"width":2500,"height":1522,"url":"https:\/\/www.elisabetbach.com\/wp-content\/uploads\/2018\/06\/emprender-elisabet-bach-.jpg","type":"image\/jpeg"}],"author":"Gabriela Granja","twitter_misc":{"Escrito por":"Gabriela Granja","Tiempo de lectura":"3 minutos"},"schema":{"@context":"https:\/\/schema.org","@graph":[{"@type":"Article","@id":"https:\/\/www.elisabetbach.com\/es\/emprender-se-escribe-con-c-creacion-crecimiento-consolidacion\/#article","isPartOf":{"@id":"https:\/\/www.elisabetbach.com\/es\/emprender-se-escribe-con-c-creacion-crecimiento-consolidacion\/"},"author":{"name":"Gabriela Granja","@id":"https:\/\/www.elisabetbach.com\/#\/schema\/person\/aed6c44263d3fb71bfed603c8edc7c21"},"headline":"Emprender se escribe con C: Creaci\u00f3n, Crecimiento, Consolidaci\u00f3n","datePublished":"2018-06-13T08:29:29+00:00","dateModified":"2018-06-13T21:34:40+00:00","mainEntityOfPage":{"@id":"https:\/\/www.elisabetbach.com\/es\/emprender-se-escribe-con-c-creacion-crecimiento-consolidacion\/"},"wordCount":684,"commentCount":0,"publisher":{"@id":"https:\/\/www.elisabetbach.com\/#organization"},"image":{"@id":"https:\/\/www.elisabetbach.com\/es\/emprender-se-escribe-con-c-creacion-crecimiento-consolidacion\/#primaryimage"},"thumbnailUrl":"https:\/\/www.elisabetbach.com\/wp-content\/uploads\/2018\/06\/emprender-elisabet-bach-.jpg","keywords":["Consolidaci\u00f3","Consolidaci\u00f3n","Creaci\u00f3","Creaci\u00f3n","crecimiento","emprendimiento"],"articleSection":["Aut\u00f2noms","Creaci\u00f3n de empresas","Emprendedores","PIME"],"inLanguage":"es","potentialAction":[{"@type":"CommentAction","name":"Comment","target":["https:\/\/www.elisabetbach.com\/es\/emprender-se-escribe-con-c-creacion-crecimiento-consolidacion\/#respond"]}]},{"@type":"WebPage","@id":"https:\/\/www.elisabetbach.com\/es\/emprender-se-escribe-con-c-creacion-crecimiento-consolidacion\/","url":"https:\/\/www.elisabetbach.com\/es\/emprender-se-escribe-con-c-creacion-crecimiento-consolidacion\/","name":"Emprender se escribe con C: Creaci\u00f3n, Crecimiento, Consolidaci\u00f3n | Elisabet Bach Oller","isPartOf":{"@id":"https:\/\/www.elisabetbach.com\/#website"},"primaryImageOfPage":{"@id":"https:\/\/www.elisabetbach.com\/es\/emprender-se-escribe-con-c-creacion-crecimiento-consolidacion\/#primaryimage"},"image":{"@id":"https:\/\/www.elisabetbach.com\/es\/emprender-se-escribe-con-c-creacion-crecimiento-consolidacion\/#primaryimage"},"thumbnailUrl":"https:\/\/www.elisabetbach.com\/wp-content\/uploads\/2018\/06\/emprender-elisabet-bach-.jpg","datePublished":"2018-06-13T08:29:29+00:00","dateModified":"2018-06-13T21:34:40+00:00","description":"Muchas personas que inician un negocio tienden a pensar s\u00f3lo en la idea y la creaci\u00f3n de la empresa, pero se olvidan de reflexionar sobre qu\u00e9 tipo de negocio quieren. Responder a \u00e9sta cuesti\u00f3n har\u00e1 que creaci\u00f3n, crecimiento y consolidaci\u00f3n de la empresa vayan interrelacionadas y una etapa sea la preparaci\u00f3n de la siguiente.","breadcrumb":{"@id":"https:\/\/www.elisabetbach.com\/es\/emprender-se-escribe-con-c-creacion-crecimiento-consolidacion\/#breadcrumb"},"inLanguage":"es","potentialAction":[{"@type":"ReadAction","target":["https:\/\/www.elisabetbach.com\/es\/emprender-se-escribe-con-c-creacion-crecimiento-consolidacion\/"]}]},{"@type":"ImageObject","inLanguage":"es","@id":"https:\/\/www.elisabetbach.com\/es\/emprender-se-escribe-con-c-creacion-crecimiento-consolidacion\/#primaryimage","url":"https:\/\/www.elisabetbach.com\/wp-content\/uploads\/2018\/06\/emprender-elisabet-bach-.jpg","contentUrl":"https:\/\/www.elisabetbach.com\/wp-content\/uploads\/2018\/06\/emprender-elisabet-bach-.jpg","width":2500,"height":1522,"caption":"Photo by rawpixel.com from Pexels"},{"@type":"BreadcrumbList","@id":"https:\/\/www.elisabetbach.com\/es\/emprender-se-escribe-con-c-creacion-crecimiento-consolidacion\/#breadcrumb","itemListElement":[{"@type":"ListItem","position":1,"name":"Inici","item":"https:\/\/www.elisabetbach.com\/es\/"},{"@type":"ListItem","position":2,"name":"Emprender se escribe con C: Creaci\u00f3n, Crecimiento, Consolidaci\u00f3n"}]},{"@type":"WebSite","@id":"https:\/\/www.elisabetbach.com\/#website","url":"https:\/\/www.elisabetbach.com\/","name":"Elisabet Bach","description":"Consultora Econ\u00f3mica y Financiera","publisher":{"@id":"https:\/\/www.elisabetbach.com\/#organization"},"potentialAction":[{"@type":"SearchAction","target":{"@type":"EntryPoint","urlTemplate":"https:\/\/www.elisabetbach.com\/?s={search_term_string}"},"query-input":{"@type":"PropertyValueSpecification","valueRequired":true,"valueName":"search_term_string"}}],"inLanguage":"es"},{"@type":"Organization","@id":"https:\/\/www.elisabetbach.com\/#organization","name":"Elisabet Bach","url":"https:\/\/www.elisabetbach.com\/","logo":{"@type":"ImageObject","inLanguage":"es","@id":"https:\/\/www.elisabetbach.com\/#\/schema\/logo\/image\/","url":"https:\/\/www.elisabetbach.com\/wp-content\/uploads\/2014\/03\/logo.png","contentUrl":"https:\/\/www.elisabetbach.com\/wp-content\/uploads\/2014\/03\/logo.png","width":308,"height":49,"caption":"Elisabet Bach"},"image":{"@id":"https:\/\/www.elisabetbach.com\/#\/schema\/logo\/image\/"},"sameAs":["https:\/\/www.facebook.com\/elisabetbacholler\/","https:\/\/x.com\/elisabet_bach","https:\/\/www.linkedin.com\/in\/elisabetbachconsultant\/","https:\/\/www.youtube.com\/channel\/UCaoleye0jmPoR0_FLWsGa8Q"]},{"@type":"Person","@id":"https:\/\/www.elisabetbach.com\/#\/schema\/person\/aed6c44263d3fb71bfed603c8edc7c21","name":"Gabriela Granja","image":{"@type":"ImageObject","inLanguage":"es","@id":"https:\/\/secure.gravatar.com\/avatar\/fc8117cb1263432cf991690b0187a13a2baf8f2144aa16d5078080f3926cd9f0?s=96&d=mm&r=g","url":"https:\/\/secure.gravatar.com\/avatar\/fc8117cb1263432cf991690b0187a13a2baf8f2144aa16d5078080f3926cd9f0?s=96&d=mm&r=g","contentUrl":"https:\/\/secure.gravatar.com\/avatar\/fc8117cb1263432cf991690b0187a13a2baf8f2144aa16d5078080f3926cd9f0?s=96&d=mm&r=g","caption":"Gabriela Granja"},"url":"https:\/\/www.elisabetbach.com\/es\/author\/gabriela-granja\/"}]}},"_links":{"self":[{"href":"https:\/\/www.elisabetbach.com\/es\/wp-json\/wp\/v2\/posts\/5569","targetHints":{"allow":["GET"]}}],"collection":[{"href":"https:\/\/www.elisabetbach.com\/es\/wp-json\/wp\/v2\/posts"}],"about":[{"href":"https:\/\/www.elisabetbach.com\/es\/wp-json\/wp\/v2\/types\/post"}],"author":[{"embeddable":true,"href":"https:\/\/www.elisabetbach.com\/es\/wp-json\/wp\/v2\/users\/5"}],"replies":[{"embeddable":true,"href":"https:\/\/www.elisabetbach.com\/es\/wp-json\/wp\/v2\/comments?post=5569"}],"version-history":[{"count":8,"href":"https:\/\/www.elisabetbach.com\/es\/wp-json\/wp\/v2\/posts\/5569\/revisions"}],"predecessor-version":[{"id":5589,"href":"https:\/\/www.elisabetbach.com\/es\/wp-json\/wp\/v2\/posts\/5569\/revisions\/5589"}],"wp:featuredmedia":[{"embeddable":true,"href":"https:\/\/www.elisabetbach.com\/es\/wp-json\/wp\/v2\/media\/5573"}],"wp:attachment":[{"href":"https:\/\/www.elisabetbach.com\/es\/wp-json\/wp\/v2\/media?parent=5569"}],"wp:term":[{"taxonomy":"category","embeddable":true,"href":"https:\/\/www.elisabetbach.com\/es\/wp-json\/wp\/v2\/categories?post=5569"},{"taxonomy":"post_tag","embeddable":true,"href":"https:\/\/www.elisabetbach.com\/es\/wp-json\/wp\/v2\/tags?post=5569"}],"curies":[{"name":"wp","href":"https:\/\/api.w.org\/{rel}","templated":true}]}}