{"id":5631,"date":"2018-07-10T18:19:58","date_gmt":"2018-07-10T18:19:58","guid":{"rendered":"https:\/\/www.elisabetbach.com\/creixement-de-empresa-cal-que-la-meva-empresa-creixi\/"},"modified":"2018-07-12T08:48:18","modified_gmt":"2018-07-12T08:48:18","slug":"el-crecimiento-de-tu-empresa-opcion-o-necesidad","status":"publish","type":"post","link":"https:\/\/www.elisabetbach.com\/es\/el-crecimiento-de-tu-empresa-opcion-o-necesidad\/","title":{"rendered":"El crecimiento de tu empresa: \u00bfOpci\u00f3n o necesidad?"},"content":{"rendered":"<p style=\"text-align: justify;\">Estamos muy habituados a o\u00edr que el crecimiento de la empresa es una herramienta de competitividad. Cuanto mayor es la empresa, mejor puede aprovechar los recursos, ofrecer un servicio m\u00e1s adecuado al cliente. Incluso me atrever\u00eda a decir que el tama\u00f1o de la empresa tambi\u00e9n es una medida del \u00e9xito empresarial. Pero \u00e9sta es una visi\u00f3n externa a la empresa.<\/p>\n<blockquote>\n<p style=\"text-align: justify;\">\u00bfQu\u00e9 pasa cuando nos ponemos en la piel de la persona que gestiona el negocio? El crecimiento de este negocio es un imperativo o una opci\u00f3n? Pues depende.<\/p>\n<\/blockquote>\n<p style=\"text-align: justify;\">Si el negocio est\u00e1 en sus etapas iniciales, este crecimiento de la empresa es imperativo. Es necesario que la empresa alcance una dimensi\u00f3n que le permita cubrir los gastos que tiene como negocio as\u00ed como devolver el endeudamiento que ha asumido en la puesta en marcha. Y cuando hablamos de cubrir todos los gastos, nos referimos literalmente a todos los gastos, incluyendo el sueldo de la persona que la gestiona y la recuperaci\u00f3n de las inversiones realizadas. Puedes ver estos puntos detallados en:\u00a0<a href=\"https:\/\/www.elisabetbach.com\/es\/la-empresa-bajo-control-en-1-hora-gastos-fijos\/\" target=\"_blank\" rel=\"noopener\">La empresa en control en 1 hora: gastos fijos.<\/a><\/p>\n<p style=\"text-align: justify;\">Una vez alcanzado este punto, <strong>el siguiente paso es obtener un beneficio.<\/strong> Hay que plantearse si para obtenerlo la empresa debe crecer o bien podemos reducir el gasto. En empresas peque\u00f1as, normalmente los gastos est\u00e1n muy controlados y es dif\u00edcil reducirlos <em>per se<\/em>. Pero a veces s\u00ed es posible trabajar los procesos para que duren menos tiempo, o bien se puedan hacer de manera m\u00e1s automatizada.<\/p>\n<p style=\"text-align: justify;\">A partir de este momento podemos decir que s\u00ed, que el crecimiento de la empresa pasa a ser una opci\u00f3n. \u00bfPor qu\u00e9 nos podemos plantear crecer? Puede haber m\u00faltiples causas:<\/p>\n<h2 style=\"text-align: justify;\">Externas al negocio:<\/h2>\n<ul>\n<li style=\"text-align: justify;\">De mercado: nuestro producto\/servicio tiene muy buena aceptaci\u00f3n y cada vez tenemos m\u00e1s demanda por parte de los clientes.<\/li>\n<li style=\"text-align: justify;\">De sector: similar al caso anterior, pero m\u00e1s centrado en el hecho de encontrarnos en un sector en expansi\u00f3n, en el que todas las empresas crecemos. Otro motivo tambi\u00e9n se encuentra en el hecho de alcanzar una dimensi\u00f3n que nos permita hacer frente a la competencia desde una posici\u00f3n m\u00e1s s\u00f3lida.<\/li>\n<\/ul>\n<h2 style=\"text-align: justify;\">Internas al negocio:<\/h2>\n<ul>\n<li style=\"text-align: justify;\">Por motivaci\u00f3n de la propiedad: el querer tener una empresa mayor, que abarque un mercado geogr\u00e1fico m\u00e1s amplio, un mayor n\u00famero de clientes&#8230;<\/li>\n<li style=\"text-align: justify;\">Por cambios en el rol de la persona que gestiona la empresa: a menudo cuando el negocio empieza la persona o el equipo emprendedor realizan todas las tareas, venta, realizaci\u00f3n del servicio, gesti\u00f3n. Con el tiempo, la persona prefiere asumir unos roles dentro la empresa que obligan a trabajar con estructura -colaboradores internos o externos-. En este caso el coste de la estructura se incrementa y, para asumirlo, es necesario tambi\u00e9n que los ingresos aumenten.<\/li>\n<\/ul>\n<p style=\"text-align: justify;\"><strong>No creamos que el crecimiento de la empresa signifique hacer m\u00e1s cantidad de lo mismo.<\/strong> Al contrario, crecer implica cambio, implica repensar el negocio, la forma en que hacemos las cosas, c\u00f3mo utilizamos los recursos, como nos damos a conocer al cliente como organizaci\u00f3n. Implica evolucionar la empresa. A menudo, <strong>para ganar lo mismo o menos en una primera etapa y para incrementar el beneficio en una segunda.<\/strong><\/p>\n<p style=\"text-align: justify;\">Para que el crecimiento de la empresa tenga \u00e9xito es necesario que tenga dos ingredientes: el primero, que sea una opci\u00f3n consciente, una elecci\u00f3n; el segundo, que se planifique y que hagamos seguimiento, de lo contrario podemos trabajar m\u00e1s y ganar lo mismo.<\/p>\n<p style=\"text-align: justify;\">En los pr\u00f3ximos posts hablaremos de este crecimiento que muchas empresas desean. \u00bfCu\u00e1les son los elementos clave? \u00bfC\u00f3mo lo podemos planificar para que tenga \u00e9xito?<\/p>\n<p style=\"text-align: justify;\"><strong>En proyectos en los que te juegas mucho te ayudo a entender y a orientar tu empresa desde un punto de vista estrat\u00e9gico, para que puedas clarificar, estructurar y planificar las mejores opciones para ejecutar tus proyectos.\u00a0<a href=\"https:\/\/www.elisabetbach.com\/es\/contacto\/\" target=\"_blank\" rel=\"noopener\">\u00bfHablamos?<\/a><\/strong><\/p>\n","protected":false},"excerpt":{"rendered":"<p>Estamos muy habituados a o\u00edr que el crecimiento de la empresa es una herramienta de competitividad. Cuanto mayor es la empresa, mejor puede aprovechar los recursos,<span class=\"excerpt-hellip\"> [\u2026]<\/span><\/p>\n","protected":false},"author":5,"featured_media":5628,"comment_status":"open","ping_status":"open","sticky":false,"template":"","format":"standard","meta":{"footnotes":""},"categories":[206,102,207],"tags":[196],"class_list":["post-5631","post","type-post","status-publish","format-standard","has-post-thumbnail","hentry","category-autonoms-es","category-creacion-de-empresas","category-pime-es","tag-crecimiento-empresarial"],"yoast_head":"<!-- This site is optimized with the Yoast SEO plugin v27.4 - https:\/\/yoast.com\/product\/yoast-seo-wordpress\/ -->\n<title>El crecimiento de tu empresa: \u00bfOpci\u00f3n o necesidad? | Elisabet Bach Oller<\/title>\n<meta name=\"description\" content=\"Realmente, \u00bfel crecimiento de la empresa es un imperativo? \u00bfEn qu\u00e9 casos lo es y en cu\u00e1les se trata de una opci\u00f3n empresarial?\" \/>\n<meta name=\"robots\" content=\"index, follow, max-snippet:-1, max-image-preview:large, max-video-preview:-1\" \/>\n<link rel=\"canonical\" href=\"https:\/\/www.elisabetbach.com\/es\/el-crecimiento-de-tu-empresa-opcion-o-necesidad\/\" \/>\n<meta property=\"og:locale\" content=\"es_ES\" \/>\n<meta property=\"og:type\" content=\"article\" \/>\n<meta property=\"og:title\" content=\"El crecimiento de tu empresa: \u00bfOpci\u00f3n o necesidad? | Elisabet Bach Oller\" \/>\n<meta property=\"og:description\" content=\"Realmente, \u00bfel crecimiento de la empresa es un imperativo? \u00bfEn qu\u00e9 casos lo es y en cu\u00e1les se trata de una opci\u00f3n empresarial?\" \/>\n<meta property=\"og:url\" content=\"https:\/\/www.elisabetbach.com\/es\/el-crecimiento-de-tu-empresa-opcion-o-necesidad\/\" \/>\n<meta property=\"og:site_name\" content=\"Elisabet Bach\" \/>\n<meta property=\"article:publisher\" content=\"https:\/\/www.facebook.com\/elisabetbacholler\/\" \/>\n<meta property=\"article:published_time\" content=\"2018-07-10T18:19:58+00:00\" \/>\n<meta property=\"article:modified_time\" content=\"2018-07-12T08:48:18+00:00\" \/>\n<meta property=\"og:image\" content=\"https:\/\/www.elisabetbach.com\/wp-content\/uploads\/2018\/07\/jeremy-perkins-253184-unsplash-min.jpg\" \/>\n\t<meta property=\"og:image:width\" content=\"6000\" \/>\n\t<meta property=\"og:image:height\" content=\"3376\" \/>\n\t<meta property=\"og:image:type\" content=\"image\/jpeg\" \/>\n<meta name=\"author\" content=\"Gabriela Granja\" \/>\n<meta name=\"twitter:label1\" content=\"Escrito por\" \/>\n\t<meta name=\"twitter:data1\" content=\"Gabriela Granja\" \/>\n\t<meta name=\"twitter:label2\" content=\"Tiempo de lectura\" \/>\n\t<meta name=\"twitter:data2\" content=\"3 minutos\" \/>\n<script type=\"application\/ld+json\" class=\"yoast-schema-graph\">{\"@context\":\"https:\\\/\\\/schema.org\",\"@graph\":[{\"@type\":\"Article\",\"@id\":\"https:\\\/\\\/www.elisabetbach.com\\\/es\\\/el-crecimiento-de-tu-empresa-opcion-o-necesidad\\\/#article\",\"isPartOf\":{\"@id\":\"https:\\\/\\\/www.elisabetbach.com\\\/es\\\/el-crecimiento-de-tu-empresa-opcion-o-necesidad\\\/\"},\"author\":{\"name\":\"Gabriela Granja\",\"@id\":\"https:\\\/\\\/www.elisabetbach.com\\\/#\\\/schema\\\/person\\\/aed6c44263d3fb71bfed603c8edc7c21\"},\"headline\":\"El crecimiento de tu empresa: \u00bfOpci\u00f3n o necesidad?\",\"datePublished\":\"2018-07-10T18:19:58+00:00\",\"dateModified\":\"2018-07-12T08:48:18+00:00\",\"mainEntityOfPage\":{\"@id\":\"https:\\\/\\\/www.elisabetbach.com\\\/es\\\/el-crecimiento-de-tu-empresa-opcion-o-necesidad\\\/\"},\"wordCount\":674,\"commentCount\":0,\"publisher\":{\"@id\":\"https:\\\/\\\/www.elisabetbach.com\\\/#organization\"},\"image\":{\"@id\":\"https:\\\/\\\/www.elisabetbach.com\\\/es\\\/el-crecimiento-de-tu-empresa-opcion-o-necesidad\\\/#primaryimage\"},\"thumbnailUrl\":\"https:\\\/\\\/www.elisabetbach.com\\\/wp-content\\\/uploads\\\/2018\\\/07\\\/jeremy-perkins-253184-unsplash-min.jpg\",\"keywords\":[\"crecimiento empresarial\"],\"articleSection\":[\"Aut\u00f2noms\",\"Creaci\u00f3n de empresas\",\"PIME\"],\"inLanguage\":\"es\",\"potentialAction\":[{\"@type\":\"CommentAction\",\"name\":\"Comment\",\"target\":[\"https:\\\/\\\/www.elisabetbach.com\\\/es\\\/el-crecimiento-de-tu-empresa-opcion-o-necesidad\\\/#respond\"]}]},{\"@type\":\"WebPage\",\"@id\":\"https:\\\/\\\/www.elisabetbach.com\\\/es\\\/el-crecimiento-de-tu-empresa-opcion-o-necesidad\\\/\",\"url\":\"https:\\\/\\\/www.elisabetbach.com\\\/es\\\/el-crecimiento-de-tu-empresa-opcion-o-necesidad\\\/\",\"name\":\"El crecimiento de tu empresa: \u00bfOpci\u00f3n o necesidad? | Elisabet Bach Oller\",\"isPartOf\":{\"@id\":\"https:\\\/\\\/www.elisabetbach.com\\\/#website\"},\"primaryImageOfPage\":{\"@id\":\"https:\\\/\\\/www.elisabetbach.com\\\/es\\\/el-crecimiento-de-tu-empresa-opcion-o-necesidad\\\/#primaryimage\"},\"image\":{\"@id\":\"https:\\\/\\\/www.elisabetbach.com\\\/es\\\/el-crecimiento-de-tu-empresa-opcion-o-necesidad\\\/#primaryimage\"},\"thumbnailUrl\":\"https:\\\/\\\/www.elisabetbach.com\\\/wp-content\\\/uploads\\\/2018\\\/07\\\/jeremy-perkins-253184-unsplash-min.jpg\",\"datePublished\":\"2018-07-10T18:19:58+00:00\",\"dateModified\":\"2018-07-12T08:48:18+00:00\",\"description\":\"Realmente, \u00bfel crecimiento de la empresa es un imperativo? \u00bfEn qu\u00e9 casos lo es y en cu\u00e1les se trata de una opci\u00f3n empresarial?\",\"breadcrumb\":{\"@id\":\"https:\\\/\\\/www.elisabetbach.com\\\/es\\\/el-crecimiento-de-tu-empresa-opcion-o-necesidad\\\/#breadcrumb\"},\"inLanguage\":\"es\",\"potentialAction\":[{\"@type\":\"ReadAction\",\"target\":[\"https:\\\/\\\/www.elisabetbach.com\\\/es\\\/el-crecimiento-de-tu-empresa-opcion-o-necesidad\\\/\"]}]},{\"@type\":\"ImageObject\",\"inLanguage\":\"es\",\"@id\":\"https:\\\/\\\/www.elisabetbach.com\\\/es\\\/el-crecimiento-de-tu-empresa-opcion-o-necesidad\\\/#primaryimage\",\"url\":\"https:\\\/\\\/www.elisabetbach.com\\\/wp-content\\\/uploads\\\/2018\\\/07\\\/jeremy-perkins-253184-unsplash-min.jpg\",\"contentUrl\":\"https:\\\/\\\/www.elisabetbach.com\\\/wp-content\\\/uploads\\\/2018\\\/07\\\/jeremy-perkins-253184-unsplash-min.jpg\",\"width\":6000,\"height\":3376,\"caption\":\"Jeremy Perkins by Unsplash.\"},{\"@type\":\"BreadcrumbList\",\"@id\":\"https:\\\/\\\/www.elisabetbach.com\\\/es\\\/el-crecimiento-de-tu-empresa-opcion-o-necesidad\\\/#breadcrumb\",\"itemListElement\":[{\"@type\":\"ListItem\",\"position\":1,\"name\":\"Inici\",\"item\":\"https:\\\/\\\/www.elisabetbach.com\\\/es\\\/\"},{\"@type\":\"ListItem\",\"position\":2,\"name\":\"El crecimiento de tu empresa: \u00bfOpci\u00f3n o necesidad?\"}]},{\"@type\":\"WebSite\",\"@id\":\"https:\\\/\\\/www.elisabetbach.com\\\/#website\",\"url\":\"https:\\\/\\\/www.elisabetbach.com\\\/\",\"name\":\"Elisabet Bach\",\"description\":\"Consultora Econ\u00f3mica y Financiera\",\"publisher\":{\"@id\":\"https:\\\/\\\/www.elisabetbach.com\\\/#organization\"},\"potentialAction\":[{\"@type\":\"SearchAction\",\"target\":{\"@type\":\"EntryPoint\",\"urlTemplate\":\"https:\\\/\\\/www.elisabetbach.com\\\/?s={search_term_string}\"},\"query-input\":{\"@type\":\"PropertyValueSpecification\",\"valueRequired\":true,\"valueName\":\"search_term_string\"}}],\"inLanguage\":\"es\"},{\"@type\":\"Organization\",\"@id\":\"https:\\\/\\\/www.elisabetbach.com\\\/#organization\",\"name\":\"Elisabet Bach\",\"url\":\"https:\\\/\\\/www.elisabetbach.com\\\/\",\"logo\":{\"@type\":\"ImageObject\",\"inLanguage\":\"es\",\"@id\":\"https:\\\/\\\/www.elisabetbach.com\\\/#\\\/schema\\\/logo\\\/image\\\/\",\"url\":\"https:\\\/\\\/www.elisabetbach.com\\\/wp-content\\\/uploads\\\/2014\\\/03\\\/logo.png\",\"contentUrl\":\"https:\\\/\\\/www.elisabetbach.com\\\/wp-content\\\/uploads\\\/2014\\\/03\\\/logo.png\",\"width\":308,\"height\":49,\"caption\":\"Elisabet Bach\"},\"image\":{\"@id\":\"https:\\\/\\\/www.elisabetbach.com\\\/#\\\/schema\\\/logo\\\/image\\\/\"},\"sameAs\":[\"https:\\\/\\\/www.facebook.com\\\/elisabetbacholler\\\/\",\"https:\\\/\\\/x.com\\\/elisabet_bach\",\"https:\\\/\\\/www.linkedin.com\\\/in\\\/elisabetbachconsultant\\\/\",\"https:\\\/\\\/www.youtube.com\\\/channel\\\/UCaoleye0jmPoR0_FLWsGa8Q\"]},{\"@type\":\"Person\",\"@id\":\"https:\\\/\\\/www.elisabetbach.com\\\/#\\\/schema\\\/person\\\/aed6c44263d3fb71bfed603c8edc7c21\",\"name\":\"Gabriela Granja\",\"image\":{\"@type\":\"ImageObject\",\"inLanguage\":\"es\",\"@id\":\"https:\\\/\\\/secure.gravatar.com\\\/avatar\\\/fc8117cb1263432cf991690b0187a13a2baf8f2144aa16d5078080f3926cd9f0?s=96&d=mm&r=g\",\"url\":\"https:\\\/\\\/secure.gravatar.com\\\/avatar\\\/fc8117cb1263432cf991690b0187a13a2baf8f2144aa16d5078080f3926cd9f0?s=96&d=mm&r=g\",\"contentUrl\":\"https:\\\/\\\/secure.gravatar.com\\\/avatar\\\/fc8117cb1263432cf991690b0187a13a2baf8f2144aa16d5078080f3926cd9f0?s=96&d=mm&r=g\",\"caption\":\"Gabriela Granja\"},\"url\":\"https:\\\/\\\/www.elisabetbach.com\\\/es\\\/author\\\/gabriela-granja\\\/\"}]}<\/script>\n<!-- \/ Yoast SEO plugin. -->","yoast_head_json":{"title":"El crecimiento de tu empresa: \u00bfOpci\u00f3n o necesidad? | Elisabet Bach Oller","description":"Realmente, \u00bfel crecimiento de la empresa es un imperativo? \u00bfEn qu\u00e9 casos lo es y en cu\u00e1les se trata de una opci\u00f3n empresarial?","robots":{"index":"index","follow":"follow","max-snippet":"max-snippet:-1","max-image-preview":"max-image-preview:large","max-video-preview":"max-video-preview:-1"},"canonical":"https:\/\/www.elisabetbach.com\/es\/el-crecimiento-de-tu-empresa-opcion-o-necesidad\/","og_locale":"es_ES","og_type":"article","og_title":"El crecimiento de tu empresa: \u00bfOpci\u00f3n o necesidad? | Elisabet Bach Oller","og_description":"Realmente, \u00bfel crecimiento de la empresa es un imperativo? \u00bfEn qu\u00e9 casos lo es y en cu\u00e1les se trata de una opci\u00f3n empresarial?","og_url":"https:\/\/www.elisabetbach.com\/es\/el-crecimiento-de-tu-empresa-opcion-o-necesidad\/","og_site_name":"Elisabet Bach","article_publisher":"https:\/\/www.facebook.com\/elisabetbacholler\/","article_published_time":"2018-07-10T18:19:58+00:00","article_modified_time":"2018-07-12T08:48:18+00:00","og_image":[{"width":6000,"height":3376,"url":"https:\/\/www.elisabetbach.com\/wp-content\/uploads\/2018\/07\/jeremy-perkins-253184-unsplash-min.jpg","type":"image\/jpeg"}],"author":"Gabriela Granja","twitter_misc":{"Escrito por":"Gabriela Granja","Tiempo de lectura":"3 minutos"},"schema":{"@context":"https:\/\/schema.org","@graph":[{"@type":"Article","@id":"https:\/\/www.elisabetbach.com\/es\/el-crecimiento-de-tu-empresa-opcion-o-necesidad\/#article","isPartOf":{"@id":"https:\/\/www.elisabetbach.com\/es\/el-crecimiento-de-tu-empresa-opcion-o-necesidad\/"},"author":{"name":"Gabriela Granja","@id":"https:\/\/www.elisabetbach.com\/#\/schema\/person\/aed6c44263d3fb71bfed603c8edc7c21"},"headline":"El crecimiento de tu empresa: \u00bfOpci\u00f3n o necesidad?","datePublished":"2018-07-10T18:19:58+00:00","dateModified":"2018-07-12T08:48:18+00:00","mainEntityOfPage":{"@id":"https:\/\/www.elisabetbach.com\/es\/el-crecimiento-de-tu-empresa-opcion-o-necesidad\/"},"wordCount":674,"commentCount":0,"publisher":{"@id":"https:\/\/www.elisabetbach.com\/#organization"},"image":{"@id":"https:\/\/www.elisabetbach.com\/es\/el-crecimiento-de-tu-empresa-opcion-o-necesidad\/#primaryimage"},"thumbnailUrl":"https:\/\/www.elisabetbach.com\/wp-content\/uploads\/2018\/07\/jeremy-perkins-253184-unsplash-min.jpg","keywords":["crecimiento empresarial"],"articleSection":["Aut\u00f2noms","Creaci\u00f3n de empresas","PIME"],"inLanguage":"es","potentialAction":[{"@type":"CommentAction","name":"Comment","target":["https:\/\/www.elisabetbach.com\/es\/el-crecimiento-de-tu-empresa-opcion-o-necesidad\/#respond"]}]},{"@type":"WebPage","@id":"https:\/\/www.elisabetbach.com\/es\/el-crecimiento-de-tu-empresa-opcion-o-necesidad\/","url":"https:\/\/www.elisabetbach.com\/es\/el-crecimiento-de-tu-empresa-opcion-o-necesidad\/","name":"El crecimiento de tu empresa: \u00bfOpci\u00f3n o necesidad? | Elisabet Bach Oller","isPartOf":{"@id":"https:\/\/www.elisabetbach.com\/#website"},"primaryImageOfPage":{"@id":"https:\/\/www.elisabetbach.com\/es\/el-crecimiento-de-tu-empresa-opcion-o-necesidad\/#primaryimage"},"image":{"@id":"https:\/\/www.elisabetbach.com\/es\/el-crecimiento-de-tu-empresa-opcion-o-necesidad\/#primaryimage"},"thumbnailUrl":"https:\/\/www.elisabetbach.com\/wp-content\/uploads\/2018\/07\/jeremy-perkins-253184-unsplash-min.jpg","datePublished":"2018-07-10T18:19:58+00:00","dateModified":"2018-07-12T08:48:18+00:00","description":"Realmente, \u00bfel crecimiento de la empresa es un imperativo? \u00bfEn qu\u00e9 casos lo es y en cu\u00e1les se trata de una opci\u00f3n empresarial?","breadcrumb":{"@id":"https:\/\/www.elisabetbach.com\/es\/el-crecimiento-de-tu-empresa-opcion-o-necesidad\/#breadcrumb"},"inLanguage":"es","potentialAction":[{"@type":"ReadAction","target":["https:\/\/www.elisabetbach.com\/es\/el-crecimiento-de-tu-empresa-opcion-o-necesidad\/"]}]},{"@type":"ImageObject","inLanguage":"es","@id":"https:\/\/www.elisabetbach.com\/es\/el-crecimiento-de-tu-empresa-opcion-o-necesidad\/#primaryimage","url":"https:\/\/www.elisabetbach.com\/wp-content\/uploads\/2018\/07\/jeremy-perkins-253184-unsplash-min.jpg","contentUrl":"https:\/\/www.elisabetbach.com\/wp-content\/uploads\/2018\/07\/jeremy-perkins-253184-unsplash-min.jpg","width":6000,"height":3376,"caption":"Jeremy Perkins by Unsplash."},{"@type":"BreadcrumbList","@id":"https:\/\/www.elisabetbach.com\/es\/el-crecimiento-de-tu-empresa-opcion-o-necesidad\/#breadcrumb","itemListElement":[{"@type":"ListItem","position":1,"name":"Inici","item":"https:\/\/www.elisabetbach.com\/es\/"},{"@type":"ListItem","position":2,"name":"El crecimiento de tu empresa: \u00bfOpci\u00f3n o necesidad?"}]},{"@type":"WebSite","@id":"https:\/\/www.elisabetbach.com\/#website","url":"https:\/\/www.elisabetbach.com\/","name":"Elisabet Bach","description":"Consultora Econ\u00f3mica y Financiera","publisher":{"@id":"https:\/\/www.elisabetbach.com\/#organization"},"potentialAction":[{"@type":"SearchAction","target":{"@type":"EntryPoint","urlTemplate":"https:\/\/www.elisabetbach.com\/?s={search_term_string}"},"query-input":{"@type":"PropertyValueSpecification","valueRequired":true,"valueName":"search_term_string"}}],"inLanguage":"es"},{"@type":"Organization","@id":"https:\/\/www.elisabetbach.com\/#organization","name":"Elisabet Bach","url":"https:\/\/www.elisabetbach.com\/","logo":{"@type":"ImageObject","inLanguage":"es","@id":"https:\/\/www.elisabetbach.com\/#\/schema\/logo\/image\/","url":"https:\/\/www.elisabetbach.com\/wp-content\/uploads\/2014\/03\/logo.png","contentUrl":"https:\/\/www.elisabetbach.com\/wp-content\/uploads\/2014\/03\/logo.png","width":308,"height":49,"caption":"Elisabet Bach"},"image":{"@id":"https:\/\/www.elisabetbach.com\/#\/schema\/logo\/image\/"},"sameAs":["https:\/\/www.facebook.com\/elisabetbacholler\/","https:\/\/x.com\/elisabet_bach","https:\/\/www.linkedin.com\/in\/elisabetbachconsultant\/","https:\/\/www.youtube.com\/channel\/UCaoleye0jmPoR0_FLWsGa8Q"]},{"@type":"Person","@id":"https:\/\/www.elisabetbach.com\/#\/schema\/person\/aed6c44263d3fb71bfed603c8edc7c21","name":"Gabriela Granja","image":{"@type":"ImageObject","inLanguage":"es","@id":"https:\/\/secure.gravatar.com\/avatar\/fc8117cb1263432cf991690b0187a13a2baf8f2144aa16d5078080f3926cd9f0?s=96&d=mm&r=g","url":"https:\/\/secure.gravatar.com\/avatar\/fc8117cb1263432cf991690b0187a13a2baf8f2144aa16d5078080f3926cd9f0?s=96&d=mm&r=g","contentUrl":"https:\/\/secure.gravatar.com\/avatar\/fc8117cb1263432cf991690b0187a13a2baf8f2144aa16d5078080f3926cd9f0?s=96&d=mm&r=g","caption":"Gabriela Granja"},"url":"https:\/\/www.elisabetbach.com\/es\/author\/gabriela-granja\/"}]}},"_links":{"self":[{"href":"https:\/\/www.elisabetbach.com\/es\/wp-json\/wp\/v2\/posts\/5631","targetHints":{"allow":["GET"]}}],"collection":[{"href":"https:\/\/www.elisabetbach.com\/es\/wp-json\/wp\/v2\/posts"}],"about":[{"href":"https:\/\/www.elisabetbach.com\/es\/wp-json\/wp\/v2\/types\/post"}],"author":[{"embeddable":true,"href":"https:\/\/www.elisabetbach.com\/es\/wp-json\/wp\/v2\/users\/5"}],"replies":[{"embeddable":true,"href":"https:\/\/www.elisabetbach.com\/es\/wp-json\/wp\/v2\/comments?post=5631"}],"version-history":[{"count":5,"href":"https:\/\/www.elisabetbach.com\/es\/wp-json\/wp\/v2\/posts\/5631\/revisions"}],"predecessor-version":[{"id":5641,"href":"https:\/\/www.elisabetbach.com\/es\/wp-json\/wp\/v2\/posts\/5631\/revisions\/5641"}],"wp:featuredmedia":[{"embeddable":true,"href":"https:\/\/www.elisabetbach.com\/es\/wp-json\/wp\/v2\/media\/5628"}],"wp:attachment":[{"href":"https:\/\/www.elisabetbach.com\/es\/wp-json\/wp\/v2\/media?parent=5631"}],"wp:term":[{"taxonomy":"category","embeddable":true,"href":"https:\/\/www.elisabetbach.com\/es\/wp-json\/wp\/v2\/categories?post=5631"},{"taxonomy":"post_tag","embeddable":true,"href":"https:\/\/www.elisabetbach.com\/es\/wp-json\/wp\/v2\/tags?post=5631"}],"curies":[{"name":"wp","href":"https:\/\/api.w.org\/{rel}","templated":true}]}}