{"id":5716,"date":"2018-09-12T11:01:57","date_gmt":"2018-09-12T11:01:57","guid":{"rendered":"https:\/\/www.elisabetbach.com\/?p=5716"},"modified":"2018-09-12T17:08:07","modified_gmt":"2018-09-12T17:08:07","slug":"tiempo-para-pensar-en-tu-empresa","status":"publish","type":"post","link":"https:\/\/www.elisabetbach.com\/es\/tiempo-para-pensar-en-tu-empresa\/","title":{"rendered":"\u00bfTe cuesta encontrar el tiempo para pensar en tu empresa?"},"content":{"rendered":"<p style=\"text-align: justify;\">Ya lo dec\u00eda el fil\u00f3sofo griego Her\u00e1clito: \u00abTodo fluye, nada est\u00e1 quieto\u00bb; en consecuencia, la \u00fanica manera de convivir con el cambio es vivir cambiando.<\/p>\n<p style=\"text-align: justify;\">Pero cuando hablamos de aut\u00f3nomos y peque\u00f1a empresa, este h\u00e1bito no es sencillo. Una persona sola concentra muchas funciones y el d\u00eda se hace corto. A menudo cuesta encontrar un tiempo para pensar en tu empresa, sobre el futuro del negocio, hacia d\u00f3nde debe evolucionar, y desarrollarlo. \u00bfTe encuentras en este caso? O bien <strong>puede que tengas las ideas sobre c\u00f3mo debe evolucionar tu negocio pero no sabes c\u00f3mo analizar las diferentes opciones y escoger la que pueda ser la m\u00e1s adecuada?<\/strong><\/p>\n<p style=\"text-align: justify;\">P\u00e1rate un momento. Quiz\u00e1 no eres consciente de ello, pero hay muchos recursos que te ayudan a encontrar este tiempo para pensar sobre tu negocio. Te comentamos algunos de ellos:<\/p>\n<ul style=\"text-align: justify;\">\n<li>Hay diferentes <strong>charlas y actividades<\/strong> que se organizan sobre la evoluci\u00f3n de diferentes sectores. <a href=\"http:\/\/www.accio.gencat.cat\/ca\/sectors\/index.html?utm_source=accio-home&amp;utm_medium=link&amp;utm_campaign=connectat-sectors\" target=\"_blank\" rel=\"noopener\">ACCI\u00d3<\/a> es especialmente activa en este \u00e1mbito.<\/li>\n<li>La red <a href=\"http:\/\/inicia.gencat.cat\/inicia\/cat\/agenda.do\" target=\"_blank\" rel=\"noopener\">Catalunya Empr\u00e8n<\/a>\u00a0tambi\u00e9n realiza <strong>formaciones<\/strong>. Habitualmente son c\u00e1psulas muy vinculadas a emprendedur\u00eda. Pero a menudo tambi\u00e9n son adecuadas para aut\u00f3nomos y peque\u00f1as empresas.<\/li>\n<li>\u00bfPerteneces a alguna <strong>asociaci\u00f3n, colegio profesional, gremi<\/strong>o? Seguro que tambi\u00e9n realizan charlas y formaciones de aspectos relevantes para tu profesi\u00f3n.<\/li>\n<li>Participar en <strong>networkings<\/strong> tambi\u00e9n te ayuda a salir de tu espacio habitual, a ver otros planteamientos, tanto de tu sector como de posibles sectores complementarios. Quiz\u00e1s es una evoluci\u00f3n un poco m\u00e1s lenta, pero te puede aportar muchas sinergias.<\/li>\n<\/ul>\n<p style=\"text-align: justify;\">A veces las ideas vienen sobre la marcha: cuando participamos en estas charlas y formaciones que hemos comentado, cuando conversamos con alguien, cuando vemos una imagen, cuando alguien nos cuenta una dificultad que tiene. Lleva siempre encima alg\u00fan elemento que te permita tomar notas -una libreta, el bloc de notas del m\u00f3vil, una grabadora-. Toma nota de lo que has pensado as\u00ed, cuando puedas dedicar ese tiempo para pensar en tu empresa, simplemente recupera estas anotaciones y las pones en orden.<\/p>\n<p style=\"text-align: justify;\">Finalmente, si quieres un espacio que te permita agrupar estas ideas, organizarlas y trabajarlas para dar un paso adelante en tu negocio, puedes participar en nuestro seminario <a href=\"http:\/\/www.coleconomistes.cat\/Eventos\/wf_curso.aspx?IdMenu=d94ff862-99b6-463b-bde4-de56a1789838&amp;Cod=11601&amp;Idioma=ca-ES&amp;utm_source=ATTEST&amp;utm_campaign=0264a6c92f-EMAIL_CAMPAIGN_2018_07_27_08_53_COPY_01&amp;utm_medium=email&amp;utm_term=0_a2a29dd69d-0264a6c92f-271018385\" target=\"_blank\" rel=\"noopener\">\u00abLidera tu empresa en femenino\u00bb<\/a>. Un espacio de entrenamiento sobre competencias personales, liderazgo y visi\u00f3n estrat\u00e9gica que te ayudar\u00e1 a crecer al mismo tiempo que tu empresa. Trabajaremos con <strong>herramientas de Coaching y de Estrategia empresarial potentes y eficaces<\/strong>, que podr\u00e1s poner en pr\u00e1ctica con tu caso particular. Los pr\u00f3ximos<strong> 27 de septiembre, 2 y 4 de octubre<\/strong> en el Colegio de Economistas de Catalu\u00f1a.<\/p>\n<p style=\"text-align: justify;\">Y acabamos con una frase de otro gran fil\u00f3sofo como era S\u00f3crates \u00abEl secreto del cambio est\u00e1 en no enfocar la energ\u00eda en combatir lo viejo, sino en construir lo nuevo\u00bb.<\/p>\n<p style=\"text-align: justify;\">Te apuntas? #Disfrutatunegocio<\/p>\n","protected":false},"excerpt":{"rendered":"<p>Ya lo dec\u00eda el fil\u00f3sofo griego Her\u00e1clito: \u00abTodo fluye, nada est\u00e1 quieto\u00bb; en consecuencia, la \u00fanica manera de convivir con el cambio es vivir cambiando. Pero<span class=\"excerpt-hellip\"> [\u2026]<\/span><\/p>\n","protected":false},"author":5,"featured_media":5723,"comment_status":"open","ping_status":"open","sticky":false,"template":"","format":"standard","meta":{"footnotes":""},"categories":[149,101,252],"tags":[258,260,257,259],"class_list":["post-5716","post","type-post","status-publish","format-standard","has-post-thumbnail","hentry","category-autonomos","category-conferencias","category-disfruta-tu-negocio-2","tag-charlas","tag-coaching","tag-formacion","tag-networking"],"yoast_head":"<!-- This site is optimized with the Yoast SEO plugin v27.4 - https:\/\/yoast.com\/product\/yoast-seo-wordpress\/ -->\n<title>\u00bfTe cuesta encontrar el tiempo para pensar en tu empresa? - Elisabet Bach Oller<\/title>\n<meta name=\"description\" content=\"Cuando hablamos de aut\u00f3nomos y peque\u00f1a empresa, encontrar tiempo para pensar en tu empresa, para pensar hacia d\u00f3nde va, no es sencillo. En este post te comentamos algunos recursos que te pueden ayudar a encontrar ese espacio.\" \/>\n<meta name=\"robots\" content=\"index, follow, max-snippet:-1, max-image-preview:large, max-video-preview:-1\" \/>\n<link rel=\"canonical\" href=\"https:\/\/www.elisabetbach.com\/es\/tiempo-para-pensar-en-tu-empresa\/\" \/>\n<meta property=\"og:locale\" content=\"es_ES\" \/>\n<meta property=\"og:type\" content=\"article\" \/>\n<meta property=\"og:title\" content=\"\u00bfTe cuesta encontrar el tiempo para pensar en tu empresa? - Elisabet Bach Oller\" \/>\n<meta property=\"og:description\" content=\"Cuando hablamos de aut\u00f3nomos y peque\u00f1a empresa, encontrar tiempo para pensar en tu empresa, para pensar hacia d\u00f3nde va, no es sencillo. En este post te comentamos algunos recursos que te pueden ayudar a encontrar ese espacio.\" \/>\n<meta property=\"og:url\" content=\"https:\/\/www.elisabetbach.com\/es\/tiempo-para-pensar-en-tu-empresa\/\" \/>\n<meta property=\"og:site_name\" content=\"Elisabet Bach\" \/>\n<meta property=\"article:publisher\" content=\"https:\/\/www.facebook.com\/elisabetbacholler\/\" \/>\n<meta property=\"article:published_time\" content=\"2018-09-12T11:01:57+00:00\" \/>\n<meta property=\"article:modified_time\" content=\"2018-09-12T17:08:07+00:00\" \/>\n<meta property=\"og:image\" content=\"https:\/\/www.elisabetbach.com\/wp-content\/uploads\/2018\/09\/tiempo-para-pensar-en-tu-empresa-.jpg\" \/>\n\t<meta property=\"og:image:width\" content=\"3024\" \/>\n\t<meta property=\"og:image:height\" content=\"4032\" \/>\n\t<meta property=\"og:image:type\" content=\"image\/jpeg\" \/>\n<meta name=\"author\" content=\"Gabriela Granja\" \/>\n<meta name=\"twitter:label1\" content=\"Escrito por\" \/>\n\t<meta name=\"twitter:data1\" content=\"Gabriela Granja\" \/>\n\t<meta name=\"twitter:label2\" content=\"Tiempo de lectura\" \/>\n\t<meta name=\"twitter:data2\" content=\"2 minutos\" \/>\n<script type=\"application\/ld+json\" class=\"yoast-schema-graph\">{\"@context\":\"https:\\\/\\\/schema.org\",\"@graph\":[{\"@type\":\"Article\",\"@id\":\"https:\\\/\\\/www.elisabetbach.com\\\/es\\\/tiempo-para-pensar-en-tu-empresa\\\/#article\",\"isPartOf\":{\"@id\":\"https:\\\/\\\/www.elisabetbach.com\\\/es\\\/tiempo-para-pensar-en-tu-empresa\\\/\"},\"author\":{\"name\":\"Gabriela Granja\",\"@id\":\"https:\\\/\\\/www.elisabetbach.com\\\/#\\\/schema\\\/person\\\/aed6c44263d3fb71bfed603c8edc7c21\"},\"headline\":\"\u00bfTe cuesta encontrar el tiempo para pensar en tu empresa?\",\"datePublished\":\"2018-09-12T11:01:57+00:00\",\"dateModified\":\"2018-09-12T17:08:07+00:00\",\"mainEntityOfPage\":{\"@id\":\"https:\\\/\\\/www.elisabetbach.com\\\/es\\\/tiempo-para-pensar-en-tu-empresa\\\/\"},\"wordCount\":494,\"commentCount\":0,\"publisher\":{\"@id\":\"https:\\\/\\\/www.elisabetbach.com\\\/#organization\"},\"image\":{\"@id\":\"https:\\\/\\\/www.elisabetbach.com\\\/es\\\/tiempo-para-pensar-en-tu-empresa\\\/#primaryimage\"},\"thumbnailUrl\":\"https:\\\/\\\/www.elisabetbach.com\\\/wp-content\\\/uploads\\\/2018\\\/09\\\/tiempo-para-pensar-en-tu-empresa-.jpg\",\"keywords\":[\"Charlas\",\"Coaching\",\"Formaci\u00f3n\",\"Networking\"],\"articleSection\":[\"Aut\u00f3nomos\",\"Conferencias\",\"Disfruta tu negocio\"],\"inLanguage\":\"es\",\"potentialAction\":[{\"@type\":\"CommentAction\",\"name\":\"Comment\",\"target\":[\"https:\\\/\\\/www.elisabetbach.com\\\/es\\\/tiempo-para-pensar-en-tu-empresa\\\/#respond\"]}]},{\"@type\":\"WebPage\",\"@id\":\"https:\\\/\\\/www.elisabetbach.com\\\/es\\\/tiempo-para-pensar-en-tu-empresa\\\/\",\"url\":\"https:\\\/\\\/www.elisabetbach.com\\\/es\\\/tiempo-para-pensar-en-tu-empresa\\\/\",\"name\":\"\u00bfTe cuesta encontrar el tiempo para pensar en tu empresa? - Elisabet Bach Oller\",\"isPartOf\":{\"@id\":\"https:\\\/\\\/www.elisabetbach.com\\\/#website\"},\"primaryImageOfPage\":{\"@id\":\"https:\\\/\\\/www.elisabetbach.com\\\/es\\\/tiempo-para-pensar-en-tu-empresa\\\/#primaryimage\"},\"image\":{\"@id\":\"https:\\\/\\\/www.elisabetbach.com\\\/es\\\/tiempo-para-pensar-en-tu-empresa\\\/#primaryimage\"},\"thumbnailUrl\":\"https:\\\/\\\/www.elisabetbach.com\\\/wp-content\\\/uploads\\\/2018\\\/09\\\/tiempo-para-pensar-en-tu-empresa-.jpg\",\"datePublished\":\"2018-09-12T11:01:57+00:00\",\"dateModified\":\"2018-09-12T17:08:07+00:00\",\"description\":\"Cuando hablamos de aut\u00f3nomos y peque\u00f1a empresa, encontrar tiempo para pensar en tu empresa, para pensar hacia d\u00f3nde va, no es sencillo. En este post te comentamos algunos recursos que te pueden ayudar a encontrar ese espacio.\",\"breadcrumb\":{\"@id\":\"https:\\\/\\\/www.elisabetbach.com\\\/es\\\/tiempo-para-pensar-en-tu-empresa\\\/#breadcrumb\"},\"inLanguage\":\"es\",\"potentialAction\":[{\"@type\":\"ReadAction\",\"target\":[\"https:\\\/\\\/www.elisabetbach.com\\\/es\\\/tiempo-para-pensar-en-tu-empresa\\\/\"]}]},{\"@type\":\"ImageObject\",\"inLanguage\":\"es\",\"@id\":\"https:\\\/\\\/www.elisabetbach.com\\\/es\\\/tiempo-para-pensar-en-tu-empresa\\\/#primaryimage\",\"url\":\"https:\\\/\\\/www.elisabetbach.com\\\/wp-content\\\/uploads\\\/2018\\\/09\\\/tiempo-para-pensar-en-tu-empresa-.jpg\",\"contentUrl\":\"https:\\\/\\\/www.elisabetbach.com\\\/wp-content\\\/uploads\\\/2018\\\/09\\\/tiempo-para-pensar-en-tu-empresa-.jpg\",\"width\":3024,\"height\":4032,\"caption\":\"Unsplash\"},{\"@type\":\"BreadcrumbList\",\"@id\":\"https:\\\/\\\/www.elisabetbach.com\\\/es\\\/tiempo-para-pensar-en-tu-empresa\\\/#breadcrumb\",\"itemListElement\":[{\"@type\":\"ListItem\",\"position\":1,\"name\":\"Inici\",\"item\":\"https:\\\/\\\/www.elisabetbach.com\\\/es\\\/\"},{\"@type\":\"ListItem\",\"position\":2,\"name\":\"\u00bfTe cuesta encontrar el tiempo para pensar en tu empresa?\"}]},{\"@type\":\"WebSite\",\"@id\":\"https:\\\/\\\/www.elisabetbach.com\\\/#website\",\"url\":\"https:\\\/\\\/www.elisabetbach.com\\\/\",\"name\":\"Elisabet Bach\",\"description\":\"Consultora Econ\u00f3mica y Financiera\",\"publisher\":{\"@id\":\"https:\\\/\\\/www.elisabetbach.com\\\/#organization\"},\"potentialAction\":[{\"@type\":\"SearchAction\",\"target\":{\"@type\":\"EntryPoint\",\"urlTemplate\":\"https:\\\/\\\/www.elisabetbach.com\\\/?s={search_term_string}\"},\"query-input\":{\"@type\":\"PropertyValueSpecification\",\"valueRequired\":true,\"valueName\":\"search_term_string\"}}],\"inLanguage\":\"es\"},{\"@type\":\"Organization\",\"@id\":\"https:\\\/\\\/www.elisabetbach.com\\\/#organization\",\"name\":\"Elisabet Bach\",\"url\":\"https:\\\/\\\/www.elisabetbach.com\\\/\",\"logo\":{\"@type\":\"ImageObject\",\"inLanguage\":\"es\",\"@id\":\"https:\\\/\\\/www.elisabetbach.com\\\/#\\\/schema\\\/logo\\\/image\\\/\",\"url\":\"https:\\\/\\\/www.elisabetbach.com\\\/wp-content\\\/uploads\\\/2014\\\/03\\\/logo.png\",\"contentUrl\":\"https:\\\/\\\/www.elisabetbach.com\\\/wp-content\\\/uploads\\\/2014\\\/03\\\/logo.png\",\"width\":308,\"height\":49,\"caption\":\"Elisabet Bach\"},\"image\":{\"@id\":\"https:\\\/\\\/www.elisabetbach.com\\\/#\\\/schema\\\/logo\\\/image\\\/\"},\"sameAs\":[\"https:\\\/\\\/www.facebook.com\\\/elisabetbacholler\\\/\",\"https:\\\/\\\/x.com\\\/elisabet_bach\",\"https:\\\/\\\/www.linkedin.com\\\/in\\\/elisabetbachconsultant\\\/\",\"https:\\\/\\\/www.youtube.com\\\/channel\\\/UCaoleye0jmPoR0_FLWsGa8Q\"]},{\"@type\":\"Person\",\"@id\":\"https:\\\/\\\/www.elisabetbach.com\\\/#\\\/schema\\\/person\\\/aed6c44263d3fb71bfed603c8edc7c21\",\"name\":\"Gabriela Granja\",\"image\":{\"@type\":\"ImageObject\",\"inLanguage\":\"es\",\"@id\":\"https:\\\/\\\/secure.gravatar.com\\\/avatar\\\/fc8117cb1263432cf991690b0187a13a2baf8f2144aa16d5078080f3926cd9f0?s=96&d=mm&r=g\",\"url\":\"https:\\\/\\\/secure.gravatar.com\\\/avatar\\\/fc8117cb1263432cf991690b0187a13a2baf8f2144aa16d5078080f3926cd9f0?s=96&d=mm&r=g\",\"contentUrl\":\"https:\\\/\\\/secure.gravatar.com\\\/avatar\\\/fc8117cb1263432cf991690b0187a13a2baf8f2144aa16d5078080f3926cd9f0?s=96&d=mm&r=g\",\"caption\":\"Gabriela Granja\"},\"url\":\"https:\\\/\\\/www.elisabetbach.com\\\/es\\\/author\\\/gabriela-granja\\\/\"}]}<\/script>\n<!-- \/ Yoast SEO plugin. -->","yoast_head_json":{"title":"\u00bfTe cuesta encontrar el tiempo para pensar en tu empresa? - Elisabet Bach Oller","description":"Cuando hablamos de aut\u00f3nomos y peque\u00f1a empresa, encontrar tiempo para pensar en tu empresa, para pensar hacia d\u00f3nde va, no es sencillo. En este post te comentamos algunos recursos que te pueden ayudar a encontrar ese espacio.","robots":{"index":"index","follow":"follow","max-snippet":"max-snippet:-1","max-image-preview":"max-image-preview:large","max-video-preview":"max-video-preview:-1"},"canonical":"https:\/\/www.elisabetbach.com\/es\/tiempo-para-pensar-en-tu-empresa\/","og_locale":"es_ES","og_type":"article","og_title":"\u00bfTe cuesta encontrar el tiempo para pensar en tu empresa? - Elisabet Bach Oller","og_description":"Cuando hablamos de aut\u00f3nomos y peque\u00f1a empresa, encontrar tiempo para pensar en tu empresa, para pensar hacia d\u00f3nde va, no es sencillo. En este post te comentamos algunos recursos que te pueden ayudar a encontrar ese espacio.","og_url":"https:\/\/www.elisabetbach.com\/es\/tiempo-para-pensar-en-tu-empresa\/","og_site_name":"Elisabet Bach","article_publisher":"https:\/\/www.facebook.com\/elisabetbacholler\/","article_published_time":"2018-09-12T11:01:57+00:00","article_modified_time":"2018-09-12T17:08:07+00:00","og_image":[{"width":3024,"height":4032,"url":"https:\/\/www.elisabetbach.com\/wp-content\/uploads\/2018\/09\/tiempo-para-pensar-en-tu-empresa-.jpg","type":"image\/jpeg"}],"author":"Gabriela Granja","twitter_misc":{"Escrito por":"Gabriela Granja","Tiempo de lectura":"2 minutos"},"schema":{"@context":"https:\/\/schema.org","@graph":[{"@type":"Article","@id":"https:\/\/www.elisabetbach.com\/es\/tiempo-para-pensar-en-tu-empresa\/#article","isPartOf":{"@id":"https:\/\/www.elisabetbach.com\/es\/tiempo-para-pensar-en-tu-empresa\/"},"author":{"name":"Gabriela Granja","@id":"https:\/\/www.elisabetbach.com\/#\/schema\/person\/aed6c44263d3fb71bfed603c8edc7c21"},"headline":"\u00bfTe cuesta encontrar el tiempo para pensar en tu empresa?","datePublished":"2018-09-12T11:01:57+00:00","dateModified":"2018-09-12T17:08:07+00:00","mainEntityOfPage":{"@id":"https:\/\/www.elisabetbach.com\/es\/tiempo-para-pensar-en-tu-empresa\/"},"wordCount":494,"commentCount":0,"publisher":{"@id":"https:\/\/www.elisabetbach.com\/#organization"},"image":{"@id":"https:\/\/www.elisabetbach.com\/es\/tiempo-para-pensar-en-tu-empresa\/#primaryimage"},"thumbnailUrl":"https:\/\/www.elisabetbach.com\/wp-content\/uploads\/2018\/09\/tiempo-para-pensar-en-tu-empresa-.jpg","keywords":["Charlas","Coaching","Formaci\u00f3n","Networking"],"articleSection":["Aut\u00f3nomos","Conferencias","Disfruta tu negocio"],"inLanguage":"es","potentialAction":[{"@type":"CommentAction","name":"Comment","target":["https:\/\/www.elisabetbach.com\/es\/tiempo-para-pensar-en-tu-empresa\/#respond"]}]},{"@type":"WebPage","@id":"https:\/\/www.elisabetbach.com\/es\/tiempo-para-pensar-en-tu-empresa\/","url":"https:\/\/www.elisabetbach.com\/es\/tiempo-para-pensar-en-tu-empresa\/","name":"\u00bfTe cuesta encontrar el tiempo para pensar en tu empresa? - Elisabet Bach Oller","isPartOf":{"@id":"https:\/\/www.elisabetbach.com\/#website"},"primaryImageOfPage":{"@id":"https:\/\/www.elisabetbach.com\/es\/tiempo-para-pensar-en-tu-empresa\/#primaryimage"},"image":{"@id":"https:\/\/www.elisabetbach.com\/es\/tiempo-para-pensar-en-tu-empresa\/#primaryimage"},"thumbnailUrl":"https:\/\/www.elisabetbach.com\/wp-content\/uploads\/2018\/09\/tiempo-para-pensar-en-tu-empresa-.jpg","datePublished":"2018-09-12T11:01:57+00:00","dateModified":"2018-09-12T17:08:07+00:00","description":"Cuando hablamos de aut\u00f3nomos y peque\u00f1a empresa, encontrar tiempo para pensar en tu empresa, para pensar hacia d\u00f3nde va, no es sencillo. En este post te comentamos algunos recursos que te pueden ayudar a encontrar ese espacio.","breadcrumb":{"@id":"https:\/\/www.elisabetbach.com\/es\/tiempo-para-pensar-en-tu-empresa\/#breadcrumb"},"inLanguage":"es","potentialAction":[{"@type":"ReadAction","target":["https:\/\/www.elisabetbach.com\/es\/tiempo-para-pensar-en-tu-empresa\/"]}]},{"@type":"ImageObject","inLanguage":"es","@id":"https:\/\/www.elisabetbach.com\/es\/tiempo-para-pensar-en-tu-empresa\/#primaryimage","url":"https:\/\/www.elisabetbach.com\/wp-content\/uploads\/2018\/09\/tiempo-para-pensar-en-tu-empresa-.jpg","contentUrl":"https:\/\/www.elisabetbach.com\/wp-content\/uploads\/2018\/09\/tiempo-para-pensar-en-tu-empresa-.jpg","width":3024,"height":4032,"caption":"Unsplash"},{"@type":"BreadcrumbList","@id":"https:\/\/www.elisabetbach.com\/es\/tiempo-para-pensar-en-tu-empresa\/#breadcrumb","itemListElement":[{"@type":"ListItem","position":1,"name":"Inici","item":"https:\/\/www.elisabetbach.com\/es\/"},{"@type":"ListItem","position":2,"name":"\u00bfTe cuesta encontrar el tiempo para pensar en tu empresa?"}]},{"@type":"WebSite","@id":"https:\/\/www.elisabetbach.com\/#website","url":"https:\/\/www.elisabetbach.com\/","name":"Elisabet Bach","description":"Consultora Econ\u00f3mica y Financiera","publisher":{"@id":"https:\/\/www.elisabetbach.com\/#organization"},"potentialAction":[{"@type":"SearchAction","target":{"@type":"EntryPoint","urlTemplate":"https:\/\/www.elisabetbach.com\/?s={search_term_string}"},"query-input":{"@type":"PropertyValueSpecification","valueRequired":true,"valueName":"search_term_string"}}],"inLanguage":"es"},{"@type":"Organization","@id":"https:\/\/www.elisabetbach.com\/#organization","name":"Elisabet Bach","url":"https:\/\/www.elisabetbach.com\/","logo":{"@type":"ImageObject","inLanguage":"es","@id":"https:\/\/www.elisabetbach.com\/#\/schema\/logo\/image\/","url":"https:\/\/www.elisabetbach.com\/wp-content\/uploads\/2014\/03\/logo.png","contentUrl":"https:\/\/www.elisabetbach.com\/wp-content\/uploads\/2014\/03\/logo.png","width":308,"height":49,"caption":"Elisabet Bach"},"image":{"@id":"https:\/\/www.elisabetbach.com\/#\/schema\/logo\/image\/"},"sameAs":["https:\/\/www.facebook.com\/elisabetbacholler\/","https:\/\/x.com\/elisabet_bach","https:\/\/www.linkedin.com\/in\/elisabetbachconsultant\/","https:\/\/www.youtube.com\/channel\/UCaoleye0jmPoR0_FLWsGa8Q"]},{"@type":"Person","@id":"https:\/\/www.elisabetbach.com\/#\/schema\/person\/aed6c44263d3fb71bfed603c8edc7c21","name":"Gabriela Granja","image":{"@type":"ImageObject","inLanguage":"es","@id":"https:\/\/secure.gravatar.com\/avatar\/fc8117cb1263432cf991690b0187a13a2baf8f2144aa16d5078080f3926cd9f0?s=96&d=mm&r=g","url":"https:\/\/secure.gravatar.com\/avatar\/fc8117cb1263432cf991690b0187a13a2baf8f2144aa16d5078080f3926cd9f0?s=96&d=mm&r=g","contentUrl":"https:\/\/secure.gravatar.com\/avatar\/fc8117cb1263432cf991690b0187a13a2baf8f2144aa16d5078080f3926cd9f0?s=96&d=mm&r=g","caption":"Gabriela Granja"},"url":"https:\/\/www.elisabetbach.com\/es\/author\/gabriela-granja\/"}]}},"_links":{"self":[{"href":"https:\/\/www.elisabetbach.com\/es\/wp-json\/wp\/v2\/posts\/5716","targetHints":{"allow":["GET"]}}],"collection":[{"href":"https:\/\/www.elisabetbach.com\/es\/wp-json\/wp\/v2\/posts"}],"about":[{"href":"https:\/\/www.elisabetbach.com\/es\/wp-json\/wp\/v2\/types\/post"}],"author":[{"embeddable":true,"href":"https:\/\/www.elisabetbach.com\/es\/wp-json\/wp\/v2\/users\/5"}],"replies":[{"embeddable":true,"href":"https:\/\/www.elisabetbach.com\/es\/wp-json\/wp\/v2\/comments?post=5716"}],"version-history":[{"count":1,"href":"https:\/\/www.elisabetbach.com\/es\/wp-json\/wp\/v2\/posts\/5716\/revisions"}],"predecessor-version":[{"id":5718,"href":"https:\/\/www.elisabetbach.com\/es\/wp-json\/wp\/v2\/posts\/5716\/revisions\/5718"}],"wp:featuredmedia":[{"embeddable":true,"href":"https:\/\/www.elisabetbach.com\/es\/wp-json\/wp\/v2\/media\/5723"}],"wp:attachment":[{"href":"https:\/\/www.elisabetbach.com\/es\/wp-json\/wp\/v2\/media?parent=5716"}],"wp:term":[{"taxonomy":"category","embeddable":true,"href":"https:\/\/www.elisabetbach.com\/es\/wp-json\/wp\/v2\/categories?post=5716"},{"taxonomy":"post_tag","embeddable":true,"href":"https:\/\/www.elisabetbach.com\/es\/wp-json\/wp\/v2\/tags?post=5716"}],"curies":[{"name":"wp","href":"https:\/\/api.w.org\/{rel}","templated":true}]}}