{"id":5772,"date":"2018-10-09T14:56:48","date_gmt":"2018-10-09T14:56:48","guid":{"rendered":"https:\/\/www.elisabetbach.com\/?p=5772"},"modified":"2018-10-11T09:15:28","modified_gmt":"2018-10-11T09:15:28","slug":"crecimiento-empresarial-no-significa-mas-beneficio","status":"publish","type":"post","link":"https:\/\/www.elisabetbach.com\/es\/crecimiento-empresarial-no-significa-mas-beneficio\/","title":{"rendered":"Crecimiento empresarial no significa m\u00e1s beneficio"},"content":{"rendered":"<p><span style=\"font-weight: 400;\">Cada vez me encuentro con m\u00e1s empresas que han crecido r\u00e1pidamente y que generan p\u00e9rdidas, cuando antes del crecimiento ten\u00edan beneficios. Y es que crecimiento empresarial no implica necesariamente tener m\u00e1s beneficio.<\/span><\/p>\n<h2>Las causas para incurrir en p\u00e9rdidas cuando un negocio crece son diversas:<\/h2>\n<p style=\"text-align: justify;\"><span style=\"font-weight: 400;\">La <\/span><b>primera<\/b><span style=\"font-weight: 400;\"> es que, ante el incremento de pedidos que tiene la empresa, hay que contratar m\u00e1s recursos. Es decir, se incrementan <a href=\"https:\/\/www.elisabetbach.com\/es\/la-empresa-bajo-control-en-1-hora-gastos-fijos\/\" target=\"_blank\" rel=\"noopener\">los gastos<\/a> antes de que se hayan producido los ingresos. En este caso, podemos pensar que cuando se realicen estos pedidos, se generar\u00e1 el beneficio esperado.<\/span><\/p>\n<p style=\"text-align: justify;\"><span style=\"font-weight: 400;\">Lo siento, pero este no suele ser el resultado: habitualmente estos recursos se incorporan de forma fija cuando los pedidos todav\u00eda tienen altibajos y, en consecuencia, lo que se gana en un per\u00edodo, se pierde en el siguiente cuando tenemos el mismo nivel de gasto pero unos ingresos similares a los que ten\u00edamos antes de crecer.<\/span><\/p>\n<p style=\"text-align: justify;\"><span style=\"font-weight: 400;\">La <\/span><b>segunda<\/b><span style=\"font-weight: 400;\"> tiene que ver directamente con la incorporaci\u00f3n del personal. A veces pensamos que el hecho de contratar a una persona formada implica que autom\u00e1ticamente sea productiva.<\/span><\/p>\n<p style=\"text-align: justify;\"><span style=\"font-weight: 400;\">Este supuesto no siempre se cumple. Habitualmente cada negocio tiene sus procesos de trabajo, diferentes relaciones entre las personas y el equipo y sus tiempos de producci\u00f3n. La persona que se contrata necesita un tiempo para habituarse e integrarse en el ecosistema de la empresa y, en consecuencia, antes de llegar al nivel de productividad que el negocio necesita.<\/span><\/p>\n<p style=\"text-align: justify;\"><span style=\"font-weight: 400;\">Una <\/span><b>tercera <\/b><span style=\"font-weight: 400;\">causa son las mismas ineficiencias que tiene la empresa. Los negocios peque\u00f1os suelen tener una indefinici\u00f3n de procesos, incluso de responsabilidades y roles. Habitualmente, mucha informaci\u00f3n se da de palabra, o bien ya hace tanto tiempo que se realizan las tareas, que no es necesario explicarlas. Algunos de los procesos son manuales y ello es factible porque hablamos de un volumen peque\u00f1o.<\/span><\/p>\n<p style=\"text-align: justify;\"><span style=\"font-weight: 400;\">Pero, \u00bfqu\u00e9 ocurre cuando hay mucho m\u00e1s volumen de trabajo? Lo que todo el mundo sabe, no se transmite de forma organizada a los nuevos; los circuitos, muy informales, no funcionan y se pierden documentos; todos hacemos de todo y las tareas se repiten, o bien quedan sin hacer; los procesos manuales eternizan y consumen mucho tiempo y energ\u00eda. En una empresa peque\u00f1a, estas ineficiencias ya est\u00e1n integradas y no generan ninguna complicaci\u00f3n. Pero, cuando crece, generan problemas que se traducen en p\u00e9rdidas econ\u00f3micas.<\/span><\/p>\n<p style=\"text-align: justify;\"><span style=\"font-weight: 400;\"><strong>Por eso es tan importante planificar, organizar y gestionar el crecimiento de la empresa<\/strong>. Porque, aunque en un momento inicial pueda alargar los <\/span><i><span style=\"font-weight: 400;\">tempos<\/span><\/i><span style=\"font-weight: 400;\">, organice y prepare le negocio para esta nueva etapa y el \u00e9xito de dicho crecimiento.<\/span><\/p>\n<p style=\"text-align: justify;\"><em><span style=\"font-weight: 400;\">Si necesitas ayuda el crecimiento de tu negocio, <a href=\"https:\/\/www.elisabetbach.com\/es\/contacto\/\" target=\"_blank\" rel=\"noopener\">ll\u00e1manos.<\/a> Te podemos ayudar a planificarlo, organizarlo y gestionarlo.<\/span><\/em><\/p>\n","protected":false},"excerpt":{"rendered":"<p>Cada vez me encuentro con m\u00e1s empresas que han crecido r\u00e1pidamente y que generan p\u00e9rdidas, cuando antes del crecimiento ten\u00edan beneficios. Y es que crecimiento empresarial<span class=\"excerpt-hellip\"> [\u2026]<\/span><\/p>\n","protected":false},"author":5,"featured_media":5776,"comment_status":"open","ping_status":"open","sticky":false,"template":"","format":"standard","meta":{"footnotes":""},"categories":[246,245,252,324],"tags":[275,274],"class_list":["post-5772","post","type-post","status-publish","format-standard","has-post-thumbnail","hentry","category-crecimiento-empresarial","category-creixement-empresarial-es","category-disfruta-tu-negocio-2","category-gaudeix-el-teu-negoci-es","tag-beneficio","tag-perdidas"],"yoast_head":"<!-- This site is optimized with the Yoast SEO plugin v27.4 - https:\/\/yoast.com\/product\/yoast-seo-wordpress\/ -->\n<title>Crecimiento empresarial no significa m\u00e1s beneficio - Elisabet Bach Oller<\/title>\n<meta name=\"description\" content=\"Conoce algunas causas que provocan p\u00e9rdidas econ\u00f3micas durante el crecimiento empresarial de tu negocio.\" \/>\n<meta name=\"robots\" content=\"index, follow, max-snippet:-1, max-image-preview:large, max-video-preview:-1\" \/>\n<link rel=\"canonical\" href=\"https:\/\/www.elisabetbach.com\/es\/crecimiento-empresarial-no-significa-mas-beneficio\/\" \/>\n<meta property=\"og:locale\" content=\"es_ES\" \/>\n<meta property=\"og:type\" content=\"article\" \/>\n<meta property=\"og:title\" content=\"Crecimiento empresarial no significa m\u00e1s beneficio - Elisabet Bach Oller\" \/>\n<meta property=\"og:description\" content=\"Conoce algunas causas que provocan p\u00e9rdidas econ\u00f3micas durante el crecimiento empresarial de tu negocio.\" \/>\n<meta property=\"og:url\" content=\"https:\/\/www.elisabetbach.com\/es\/crecimiento-empresarial-no-significa-mas-beneficio\/\" \/>\n<meta property=\"og:site_name\" content=\"Elisabet Bach\" \/>\n<meta property=\"article:publisher\" content=\"https:\/\/www.facebook.com\/elisabetbacholler\/\" \/>\n<meta property=\"article:published_time\" content=\"2018-10-09T14:56:48+00:00\" \/>\n<meta property=\"article:modified_time\" content=\"2018-10-11T09:15:28+00:00\" \/>\n<meta property=\"og:image\" content=\"https:\/\/www.elisabetbach.com\/wp-content\/uploads\/2018\/10\/crecimiento-empresarial-perdidas.jpg\" \/>\n\t<meta property=\"og:image:width\" content=\"1800\" \/>\n\t<meta property=\"og:image:height\" content=\"1200\" \/>\n\t<meta property=\"og:image:type\" content=\"image\/jpeg\" \/>\n<meta name=\"author\" content=\"Gabriela Granja\" \/>\n<meta name=\"twitter:label1\" content=\"Escrito por\" \/>\n\t<meta name=\"twitter:data1\" content=\"Gabriela Granja\" \/>\n\t<meta name=\"twitter:label2\" content=\"Tiempo de lectura\" \/>\n\t<meta name=\"twitter:data2\" content=\"2 minutos\" \/>\n<script type=\"application\/ld+json\" class=\"yoast-schema-graph\">{\"@context\":\"https:\\\/\\\/schema.org\",\"@graph\":[{\"@type\":\"Article\",\"@id\":\"https:\\\/\\\/www.elisabetbach.com\\\/es\\\/crecimiento-empresarial-no-significa-mas-beneficio\\\/#article\",\"isPartOf\":{\"@id\":\"https:\\\/\\\/www.elisabetbach.com\\\/es\\\/crecimiento-empresarial-no-significa-mas-beneficio\\\/\"},\"author\":{\"name\":\"Gabriela Granja\",\"@id\":\"https:\\\/\\\/www.elisabetbach.com\\\/#\\\/schema\\\/person\\\/aed6c44263d3fb71bfed603c8edc7c21\"},\"headline\":\"Crecimiento empresarial no significa m\u00e1s beneficio\",\"datePublished\":\"2018-10-09T14:56:48+00:00\",\"dateModified\":\"2018-10-11T09:15:28+00:00\",\"mainEntityOfPage\":{\"@id\":\"https:\\\/\\\/www.elisabetbach.com\\\/es\\\/crecimiento-empresarial-no-significa-mas-beneficio\\\/\"},\"wordCount\":471,\"commentCount\":0,\"publisher\":{\"@id\":\"https:\\\/\\\/www.elisabetbach.com\\\/#organization\"},\"image\":{\"@id\":\"https:\\\/\\\/www.elisabetbach.com\\\/es\\\/crecimiento-empresarial-no-significa-mas-beneficio\\\/#primaryimage\"},\"thumbnailUrl\":\"https:\\\/\\\/www.elisabetbach.com\\\/wp-content\\\/uploads\\\/2018\\\/10\\\/crecimiento-empresarial-perdidas.jpg\",\"keywords\":[\"Beneficio\",\"P\u00e9rdidas\"],\"articleSection\":[\"Crecimiento Empresarial\",\"creixement empresarial\",\"Disfruta tu negocio\",\"Gaudeix el teu negoci\"],\"inLanguage\":\"es\",\"potentialAction\":[{\"@type\":\"CommentAction\",\"name\":\"Comment\",\"target\":[\"https:\\\/\\\/www.elisabetbach.com\\\/es\\\/crecimiento-empresarial-no-significa-mas-beneficio\\\/#respond\"]}]},{\"@type\":\"WebPage\",\"@id\":\"https:\\\/\\\/www.elisabetbach.com\\\/es\\\/crecimiento-empresarial-no-significa-mas-beneficio\\\/\",\"url\":\"https:\\\/\\\/www.elisabetbach.com\\\/es\\\/crecimiento-empresarial-no-significa-mas-beneficio\\\/\",\"name\":\"Crecimiento empresarial no significa m\u00e1s beneficio - Elisabet Bach Oller\",\"isPartOf\":{\"@id\":\"https:\\\/\\\/www.elisabetbach.com\\\/#website\"},\"primaryImageOfPage\":{\"@id\":\"https:\\\/\\\/www.elisabetbach.com\\\/es\\\/crecimiento-empresarial-no-significa-mas-beneficio\\\/#primaryimage\"},\"image\":{\"@id\":\"https:\\\/\\\/www.elisabetbach.com\\\/es\\\/crecimiento-empresarial-no-significa-mas-beneficio\\\/#primaryimage\"},\"thumbnailUrl\":\"https:\\\/\\\/www.elisabetbach.com\\\/wp-content\\\/uploads\\\/2018\\\/10\\\/crecimiento-empresarial-perdidas.jpg\",\"datePublished\":\"2018-10-09T14:56:48+00:00\",\"dateModified\":\"2018-10-11T09:15:28+00:00\",\"description\":\"Conoce algunas causas que provocan p\u00e9rdidas econ\u00f3micas durante el crecimiento empresarial de tu negocio.\",\"breadcrumb\":{\"@id\":\"https:\\\/\\\/www.elisabetbach.com\\\/es\\\/crecimiento-empresarial-no-significa-mas-beneficio\\\/#breadcrumb\"},\"inLanguage\":\"es\",\"potentialAction\":[{\"@type\":\"ReadAction\",\"target\":[\"https:\\\/\\\/www.elisabetbach.com\\\/es\\\/crecimiento-empresarial-no-significa-mas-beneficio\\\/\"]}]},{\"@type\":\"ImageObject\",\"inLanguage\":\"es\",\"@id\":\"https:\\\/\\\/www.elisabetbach.com\\\/es\\\/crecimiento-empresarial-no-significa-mas-beneficio\\\/#primaryimage\",\"url\":\"https:\\\/\\\/www.elisabetbach.com\\\/wp-content\\\/uploads\\\/2018\\\/10\\\/crecimiento-empresarial-perdidas.jpg\",\"contentUrl\":\"https:\\\/\\\/www.elisabetbach.com\\\/wp-content\\\/uploads\\\/2018\\\/10\\\/crecimiento-empresarial-perdidas.jpg\",\"width\":1800,\"height\":1200},{\"@type\":\"BreadcrumbList\",\"@id\":\"https:\\\/\\\/www.elisabetbach.com\\\/es\\\/crecimiento-empresarial-no-significa-mas-beneficio\\\/#breadcrumb\",\"itemListElement\":[{\"@type\":\"ListItem\",\"position\":1,\"name\":\"Inici\",\"item\":\"https:\\\/\\\/www.elisabetbach.com\\\/es\\\/\"},{\"@type\":\"ListItem\",\"position\":2,\"name\":\"Crecimiento empresarial no significa m\u00e1s beneficio\"}]},{\"@type\":\"WebSite\",\"@id\":\"https:\\\/\\\/www.elisabetbach.com\\\/#website\",\"url\":\"https:\\\/\\\/www.elisabetbach.com\\\/\",\"name\":\"Elisabet Bach\",\"description\":\"Consultora Econ\u00f3mica y Financiera\",\"publisher\":{\"@id\":\"https:\\\/\\\/www.elisabetbach.com\\\/#organization\"},\"potentialAction\":[{\"@type\":\"SearchAction\",\"target\":{\"@type\":\"EntryPoint\",\"urlTemplate\":\"https:\\\/\\\/www.elisabetbach.com\\\/?s={search_term_string}\"},\"query-input\":{\"@type\":\"PropertyValueSpecification\",\"valueRequired\":true,\"valueName\":\"search_term_string\"}}],\"inLanguage\":\"es\"},{\"@type\":\"Organization\",\"@id\":\"https:\\\/\\\/www.elisabetbach.com\\\/#organization\",\"name\":\"Elisabet Bach\",\"url\":\"https:\\\/\\\/www.elisabetbach.com\\\/\",\"logo\":{\"@type\":\"ImageObject\",\"inLanguage\":\"es\",\"@id\":\"https:\\\/\\\/www.elisabetbach.com\\\/#\\\/schema\\\/logo\\\/image\\\/\",\"url\":\"https:\\\/\\\/www.elisabetbach.com\\\/wp-content\\\/uploads\\\/2014\\\/03\\\/logo.png\",\"contentUrl\":\"https:\\\/\\\/www.elisabetbach.com\\\/wp-content\\\/uploads\\\/2014\\\/03\\\/logo.png\",\"width\":308,\"height\":49,\"caption\":\"Elisabet Bach\"},\"image\":{\"@id\":\"https:\\\/\\\/www.elisabetbach.com\\\/#\\\/schema\\\/logo\\\/image\\\/\"},\"sameAs\":[\"https:\\\/\\\/www.facebook.com\\\/elisabetbacholler\\\/\",\"https:\\\/\\\/x.com\\\/elisabet_bach\",\"https:\\\/\\\/www.linkedin.com\\\/in\\\/elisabetbachconsultant\\\/\",\"https:\\\/\\\/www.youtube.com\\\/channel\\\/UCaoleye0jmPoR0_FLWsGa8Q\"]},{\"@type\":\"Person\",\"@id\":\"https:\\\/\\\/www.elisabetbach.com\\\/#\\\/schema\\\/person\\\/aed6c44263d3fb71bfed603c8edc7c21\",\"name\":\"Gabriela Granja\",\"image\":{\"@type\":\"ImageObject\",\"inLanguage\":\"es\",\"@id\":\"https:\\\/\\\/secure.gravatar.com\\\/avatar\\\/fc8117cb1263432cf991690b0187a13a2baf8f2144aa16d5078080f3926cd9f0?s=96&d=mm&r=g\",\"url\":\"https:\\\/\\\/secure.gravatar.com\\\/avatar\\\/fc8117cb1263432cf991690b0187a13a2baf8f2144aa16d5078080f3926cd9f0?s=96&d=mm&r=g\",\"contentUrl\":\"https:\\\/\\\/secure.gravatar.com\\\/avatar\\\/fc8117cb1263432cf991690b0187a13a2baf8f2144aa16d5078080f3926cd9f0?s=96&d=mm&r=g\",\"caption\":\"Gabriela Granja\"},\"url\":\"https:\\\/\\\/www.elisabetbach.com\\\/es\\\/author\\\/gabriela-granja\\\/\"}]}<\/script>\n<!-- \/ Yoast SEO plugin. -->","yoast_head_json":{"title":"Crecimiento empresarial no significa m\u00e1s beneficio - Elisabet Bach Oller","description":"Conoce algunas causas que provocan p\u00e9rdidas econ\u00f3micas durante el crecimiento empresarial de tu negocio.","robots":{"index":"index","follow":"follow","max-snippet":"max-snippet:-1","max-image-preview":"max-image-preview:large","max-video-preview":"max-video-preview:-1"},"canonical":"https:\/\/www.elisabetbach.com\/es\/crecimiento-empresarial-no-significa-mas-beneficio\/","og_locale":"es_ES","og_type":"article","og_title":"Crecimiento empresarial no significa m\u00e1s beneficio - Elisabet Bach Oller","og_description":"Conoce algunas causas que provocan p\u00e9rdidas econ\u00f3micas durante el crecimiento empresarial de tu negocio.","og_url":"https:\/\/www.elisabetbach.com\/es\/crecimiento-empresarial-no-significa-mas-beneficio\/","og_site_name":"Elisabet Bach","article_publisher":"https:\/\/www.facebook.com\/elisabetbacholler\/","article_published_time":"2018-10-09T14:56:48+00:00","article_modified_time":"2018-10-11T09:15:28+00:00","og_image":[{"width":1800,"height":1200,"url":"https:\/\/www.elisabetbach.com\/wp-content\/uploads\/2018\/10\/crecimiento-empresarial-perdidas.jpg","type":"image\/jpeg"}],"author":"Gabriela Granja","twitter_misc":{"Escrito por":"Gabriela Granja","Tiempo de lectura":"2 minutos"},"schema":{"@context":"https:\/\/schema.org","@graph":[{"@type":"Article","@id":"https:\/\/www.elisabetbach.com\/es\/crecimiento-empresarial-no-significa-mas-beneficio\/#article","isPartOf":{"@id":"https:\/\/www.elisabetbach.com\/es\/crecimiento-empresarial-no-significa-mas-beneficio\/"},"author":{"name":"Gabriela Granja","@id":"https:\/\/www.elisabetbach.com\/#\/schema\/person\/aed6c44263d3fb71bfed603c8edc7c21"},"headline":"Crecimiento empresarial no significa m\u00e1s beneficio","datePublished":"2018-10-09T14:56:48+00:00","dateModified":"2018-10-11T09:15:28+00:00","mainEntityOfPage":{"@id":"https:\/\/www.elisabetbach.com\/es\/crecimiento-empresarial-no-significa-mas-beneficio\/"},"wordCount":471,"commentCount":0,"publisher":{"@id":"https:\/\/www.elisabetbach.com\/#organization"},"image":{"@id":"https:\/\/www.elisabetbach.com\/es\/crecimiento-empresarial-no-significa-mas-beneficio\/#primaryimage"},"thumbnailUrl":"https:\/\/www.elisabetbach.com\/wp-content\/uploads\/2018\/10\/crecimiento-empresarial-perdidas.jpg","keywords":["Beneficio","P\u00e9rdidas"],"articleSection":["Crecimiento Empresarial","creixement empresarial","Disfruta tu negocio","Gaudeix el teu negoci"],"inLanguage":"es","potentialAction":[{"@type":"CommentAction","name":"Comment","target":["https:\/\/www.elisabetbach.com\/es\/crecimiento-empresarial-no-significa-mas-beneficio\/#respond"]}]},{"@type":"WebPage","@id":"https:\/\/www.elisabetbach.com\/es\/crecimiento-empresarial-no-significa-mas-beneficio\/","url":"https:\/\/www.elisabetbach.com\/es\/crecimiento-empresarial-no-significa-mas-beneficio\/","name":"Crecimiento empresarial no significa m\u00e1s beneficio - Elisabet Bach Oller","isPartOf":{"@id":"https:\/\/www.elisabetbach.com\/#website"},"primaryImageOfPage":{"@id":"https:\/\/www.elisabetbach.com\/es\/crecimiento-empresarial-no-significa-mas-beneficio\/#primaryimage"},"image":{"@id":"https:\/\/www.elisabetbach.com\/es\/crecimiento-empresarial-no-significa-mas-beneficio\/#primaryimage"},"thumbnailUrl":"https:\/\/www.elisabetbach.com\/wp-content\/uploads\/2018\/10\/crecimiento-empresarial-perdidas.jpg","datePublished":"2018-10-09T14:56:48+00:00","dateModified":"2018-10-11T09:15:28+00:00","description":"Conoce algunas causas que provocan p\u00e9rdidas econ\u00f3micas durante el crecimiento empresarial de tu negocio.","breadcrumb":{"@id":"https:\/\/www.elisabetbach.com\/es\/crecimiento-empresarial-no-significa-mas-beneficio\/#breadcrumb"},"inLanguage":"es","potentialAction":[{"@type":"ReadAction","target":["https:\/\/www.elisabetbach.com\/es\/crecimiento-empresarial-no-significa-mas-beneficio\/"]}]},{"@type":"ImageObject","inLanguage":"es","@id":"https:\/\/www.elisabetbach.com\/es\/crecimiento-empresarial-no-significa-mas-beneficio\/#primaryimage","url":"https:\/\/www.elisabetbach.com\/wp-content\/uploads\/2018\/10\/crecimiento-empresarial-perdidas.jpg","contentUrl":"https:\/\/www.elisabetbach.com\/wp-content\/uploads\/2018\/10\/crecimiento-empresarial-perdidas.jpg","width":1800,"height":1200},{"@type":"BreadcrumbList","@id":"https:\/\/www.elisabetbach.com\/es\/crecimiento-empresarial-no-significa-mas-beneficio\/#breadcrumb","itemListElement":[{"@type":"ListItem","position":1,"name":"Inici","item":"https:\/\/www.elisabetbach.com\/es\/"},{"@type":"ListItem","position":2,"name":"Crecimiento empresarial no significa m\u00e1s beneficio"}]},{"@type":"WebSite","@id":"https:\/\/www.elisabetbach.com\/#website","url":"https:\/\/www.elisabetbach.com\/","name":"Elisabet Bach","description":"Consultora Econ\u00f3mica y Financiera","publisher":{"@id":"https:\/\/www.elisabetbach.com\/#organization"},"potentialAction":[{"@type":"SearchAction","target":{"@type":"EntryPoint","urlTemplate":"https:\/\/www.elisabetbach.com\/?s={search_term_string}"},"query-input":{"@type":"PropertyValueSpecification","valueRequired":true,"valueName":"search_term_string"}}],"inLanguage":"es"},{"@type":"Organization","@id":"https:\/\/www.elisabetbach.com\/#organization","name":"Elisabet Bach","url":"https:\/\/www.elisabetbach.com\/","logo":{"@type":"ImageObject","inLanguage":"es","@id":"https:\/\/www.elisabetbach.com\/#\/schema\/logo\/image\/","url":"https:\/\/www.elisabetbach.com\/wp-content\/uploads\/2014\/03\/logo.png","contentUrl":"https:\/\/www.elisabetbach.com\/wp-content\/uploads\/2014\/03\/logo.png","width":308,"height":49,"caption":"Elisabet Bach"},"image":{"@id":"https:\/\/www.elisabetbach.com\/#\/schema\/logo\/image\/"},"sameAs":["https:\/\/www.facebook.com\/elisabetbacholler\/","https:\/\/x.com\/elisabet_bach","https:\/\/www.linkedin.com\/in\/elisabetbachconsultant\/","https:\/\/www.youtube.com\/channel\/UCaoleye0jmPoR0_FLWsGa8Q"]},{"@type":"Person","@id":"https:\/\/www.elisabetbach.com\/#\/schema\/person\/aed6c44263d3fb71bfed603c8edc7c21","name":"Gabriela Granja","image":{"@type":"ImageObject","inLanguage":"es","@id":"https:\/\/secure.gravatar.com\/avatar\/fc8117cb1263432cf991690b0187a13a2baf8f2144aa16d5078080f3926cd9f0?s=96&d=mm&r=g","url":"https:\/\/secure.gravatar.com\/avatar\/fc8117cb1263432cf991690b0187a13a2baf8f2144aa16d5078080f3926cd9f0?s=96&d=mm&r=g","contentUrl":"https:\/\/secure.gravatar.com\/avatar\/fc8117cb1263432cf991690b0187a13a2baf8f2144aa16d5078080f3926cd9f0?s=96&d=mm&r=g","caption":"Gabriela Granja"},"url":"https:\/\/www.elisabetbach.com\/es\/author\/gabriela-granja\/"}]}},"_links":{"self":[{"href":"https:\/\/www.elisabetbach.com\/es\/wp-json\/wp\/v2\/posts\/5772","targetHints":{"allow":["GET"]}}],"collection":[{"href":"https:\/\/www.elisabetbach.com\/es\/wp-json\/wp\/v2\/posts"}],"about":[{"href":"https:\/\/www.elisabetbach.com\/es\/wp-json\/wp\/v2\/types\/post"}],"author":[{"embeddable":true,"href":"https:\/\/www.elisabetbach.com\/es\/wp-json\/wp\/v2\/users\/5"}],"replies":[{"embeddable":true,"href":"https:\/\/www.elisabetbach.com\/es\/wp-json\/wp\/v2\/comments?post=5772"}],"version-history":[{"count":6,"href":"https:\/\/www.elisabetbach.com\/es\/wp-json\/wp\/v2\/posts\/5772\/revisions"}],"predecessor-version":[{"id":5782,"href":"https:\/\/www.elisabetbach.com\/es\/wp-json\/wp\/v2\/posts\/5772\/revisions\/5782"}],"wp:featuredmedia":[{"embeddable":true,"href":"https:\/\/www.elisabetbach.com\/es\/wp-json\/wp\/v2\/media\/5776"}],"wp:attachment":[{"href":"https:\/\/www.elisabetbach.com\/es\/wp-json\/wp\/v2\/media?parent=5772"}],"wp:term":[{"taxonomy":"category","embeddable":true,"href":"https:\/\/www.elisabetbach.com\/es\/wp-json\/wp\/v2\/categories?post=5772"},{"taxonomy":"post_tag","embeddable":true,"href":"https:\/\/www.elisabetbach.com\/es\/wp-json\/wp\/v2\/tags?post=5772"}],"curies":[{"name":"wp","href":"https:\/\/api.w.org\/{rel}","templated":true}]}}