{"id":6889,"date":"2019-09-02T15:19:07","date_gmt":"2019-09-02T15:19:07","guid":{"rendered":"https:\/\/www.elisabetbach.com\/?p=6889"},"modified":"2019-09-04T08:17:24","modified_gmt":"2019-09-04T08:17:24","slug":"que-necesitas-para-consolidar-el-crecimiento-de-tu-negocio","status":"publish","type":"post","link":"https:\/\/www.elisabetbach.com\/es\/que-necesitas-para-consolidar-el-crecimiento-de-tu-negocio\/","title":{"rendered":"\u00bfQu\u00e9 necesitas para consolidar el crecimiento de tu negocio"},"content":{"rendered":"<h2>Prismaway, la metodolog\u00eda para el crecimiento de la microempresa.<\/h2>\n<p style=\"text-align: justify;\"><span style=\"font-weight: 400;\">\u00bfA qu\u00e9 nos referimos cuando hablamos de consolidar el crecimiento de tu negocio? Vayamos por partes. Hablamos de crecimiento y hablamos de consolidaci\u00f3n.<\/span><\/p>\n<p style=\"text-align: justify;\"><span style=\"font-weight: 400;\">Cuando nos referimos <strong>crecimiento de un negocio<\/strong>, pensamos habitualmente en un incremento de su facturaci\u00f3n. Normalmente viene acompa\u00f1ada de mayor producci\u00f3n, de m\u00e1s horas de trabajo, de contrataci\u00f3n de personal. Este crecimiento puede ser temporal debido a unas circunstancias de mercado o bien conducir a la empresa a un volumen permanente de actividad m\u00e1s elevado del que se part\u00eda inicialmente.<\/span><\/p>\n<p style=\"text-align: justify;\"><span style=\"font-weight: 400;\">Es en este segundo caso cuando hablamos de <strong>consolidaci\u00f3n<\/strong>, cuando el incremento del volumen de actividad es sostenible y rentable en el tiempo. Para lograrlo no basta con incrementar los ingresos, la producci\u00f3n y contratar personal. Hay que trabajar elementos internos del negocio para que todos sean coherentes entre ellos, est\u00e9n alineados y sumen en la direcci\u00f3n deseada. En definitiva, para que permitan a la empresa asumir este mayor nivel de actividad, mantenerlo en el tiempo de forma ordenada y organizada, sin tensiones y obtener beneficios superiores a los que ten\u00eda en el estadio anterior.<\/span><\/p>\n<h3 style=\"text-align: justify;\">\u00bfQu\u00e9 elementos influyen en que se consolide el crecimiento del negocio?<\/h3>\n<p style=\"text-align: justify;\"><span style=\"font-weight: 400;\">Despu\u00e9s de estos 5 a\u00f1os de colaborando con personas aut\u00f3nomas y microempresas en el crecimiento y la consolidaci\u00f3n de sus negocios, hemos identificado 10 elementos que son clave en este proceso. Es una metodolog\u00eda que hemos elaborado y llamado <a href=\"https:\/\/www.elisabetbach.com\/es\/prismaway\/\" target=\"_blank\" rel=\"noopener noreferrer\">Prismaway\u00ae<\/a>.<\/span><\/p>\n<p style=\"text-align: justify;\"><span style=\"font-weight: 400;\">Prismaway\u00ae permite a personas aut\u00f3nomas y microempresas tener una visi\u00f3n de su crecimiento, de los elementos que lo favorecen y de aquellos que generan tensiones. Identificar estos elementos permite centrarnos en solucionar primero aquellas \u00e1reas que generan m\u00e1s problemas y, al mismo tiempo, potenciar aquellas que ya funcionan. Como un prisma, nos permite tener una visi\u00f3n de conjunto y, al mismo tiempo, de cada elemento y de c\u00f3mo se interrelacionan e influyen entre s\u00ed.<\/span><\/p>\n<p style=\"text-align: justify;\"><span style=\"font-weight: 400;\">Podemos agrupar estos 10 elementos en 4 grandes \u00e1reas:<\/span><\/p>\n<ol>\n<li>\n<h4>Personas<\/h4>\n<\/li>\n<li>\n<h4>Modelo de negocio<\/h4>\n<\/li>\n<li>\n<h4>Procesos<\/h4>\n<\/li>\n<li>\n<h4>Resultados<\/h4>\n<\/li>\n<\/ol>\n<p style=\"text-align: justify;\"><span style=\"font-weight: 400;\">Si deseas conocer mejor esta metodolog\u00eda, s\u00edguenos el blog. Durante los pr\u00f3ximos meses, la primera semana de cada mes os presentaremos cada uno de los 10 elementos clave para el crecimiento del negocio y que forman parte de la metodolog\u00eda Prismaway\u00ae. Tambi\u00e9n puedes <a href=\"https:\/\/mailchi.mp\/bd6bdd192fe4\/subscriute\" target=\"_blank\" rel=\"noopener noreferrer\">suscribirte<\/a> a nuestra News, y as\u00ed lo recibir\u00e1s c\u00f3modamente en tu correo.<\/span><\/p>\n<p style=\"text-align: justify;\"><span style=\"font-weight: 400;\">Y si deseas poner manos a la obra, puedes empezar realizando el <a href=\"https:\/\/elisabetbach.us20.list-manage.com\/subscribe?u=0525cba2ba5a34f65ad570299&amp;id=6b5de1990e\" target=\"_blank\" rel=\"noopener noreferrer\">diagn\u00f3stico sobre el crecimiento de su negocio<\/a>, participar en una de nuestras <a href=\"https:\/\/www.elisabetbach.com\/es\/servicios\/formacion-para-personas-profesionales-autonomas-y-microempresas\/\" target=\"_blank\" rel=\"noopener noreferrer\">formaciones<\/a> o bien <a href=\"https:\/\/www.elisabetbach.com\/es\/contacto\/\" target=\"_blank\" rel=\"noopener noreferrer\">llamarnos<\/a> para hablar de tu caso en particular.<\/span><\/p>\n","protected":false},"excerpt":{"rendered":"<p>Prismaway, la metodolog\u00eda para el crecimiento de la microempresa. \u00bfA qu\u00e9 nos referimos cuando hablamos de consolidar el crecimiento de tu negocio? Vayamos por partes. Hablamos<span class=\"excerpt-hellip\"> [\u2026]<\/span><\/p>\n","protected":false},"author":3,"featured_media":6890,"comment_status":"open","ping_status":"open","sticky":false,"template":"","format":"standard","meta":{"footnotes":""},"categories":[245],"tags":[197,314,315],"class_list":["post-6889","post","type-post","status-publish","format-standard","has-post-thumbnail","hentry","category-creixement-empresarial-es","tag-microempresas","tag-personas-autonomas","tag-prismaway-es"],"yoast_head":"<!-- This site is optimized with the Yoast SEO plugin v27.4 - https:\/\/yoast.com\/product\/yoast-seo-wordpress\/ -->\n<title>\u00bfQu\u00e9 necesitas para consolidar el crecimiento de tu negocio - Elisabet Bach<\/title>\n<meta name=\"description\" content=\"Prismaway\u00ae, la metodolog\u00eda para el crecimiento de la microempresa. Estos son 10 elementos clave en el proceso de crecimiento y consolidaci\u00f3n de tu negocio.\" \/>\n<meta name=\"robots\" content=\"index, follow, max-snippet:-1, max-image-preview:large, max-video-preview:-1\" \/>\n<link rel=\"canonical\" href=\"https:\/\/www.elisabetbach.com\/es\/que-necesitas-para-consolidar-el-crecimiento-de-tu-negocio\/\" \/>\n<meta property=\"og:locale\" content=\"es_ES\" \/>\n<meta property=\"og:type\" content=\"article\" \/>\n<meta property=\"og:title\" content=\"\u00bfQu\u00e9 necesitas para consolidar el crecimiento de tu negocio - Elisabet Bach\" \/>\n<meta property=\"og:description\" content=\"Prismaway\u00ae, la metodolog\u00eda para el crecimiento de la microempresa. Estos son 10 elementos clave en el proceso de crecimiento y consolidaci\u00f3n de tu negocio.\" \/>\n<meta property=\"og:url\" content=\"https:\/\/www.elisabetbach.com\/es\/que-necesitas-para-consolidar-el-crecimiento-de-tu-negocio\/\" \/>\n<meta property=\"og:site_name\" content=\"Elisabet Bach\" \/>\n<meta property=\"article:publisher\" content=\"https:\/\/www.facebook.com\/elisabetbacholler\/\" \/>\n<meta property=\"article:published_time\" content=\"2019-09-02T15:19:07+00:00\" \/>\n<meta property=\"article:modified_time\" content=\"2019-09-04T08:17:24+00:00\" \/>\n<meta property=\"og:image\" content=\"https:\/\/www.elisabetbach.com\/wp-content\/uploads\/2019\/09\/Prismaway_crecimiento_empresarial.png\" \/>\n\t<meta property=\"og:image:width\" content=\"810\" \/>\n\t<meta property=\"og:image:height\" content=\"450\" \/>\n\t<meta property=\"og:image:type\" content=\"image\/png\" \/>\n<meta name=\"author\" content=\"Elisabet Bach\" \/>\n<meta name=\"twitter:label1\" content=\"Escrito por\" \/>\n\t<meta name=\"twitter:data1\" content=\"Elisabet Bach\" \/>\n\t<meta name=\"twitter:label2\" content=\"Tiempo de lectura\" \/>\n\t<meta name=\"twitter:data2\" content=\"2 minutos\" \/>\n<script type=\"application\/ld+json\" class=\"yoast-schema-graph\">{\"@context\":\"https:\\\/\\\/schema.org\",\"@graph\":[{\"@type\":\"Article\",\"@id\":\"https:\\\/\\\/www.elisabetbach.com\\\/es\\\/que-necesitas-para-consolidar-el-crecimiento-de-tu-negocio\\\/#article\",\"isPartOf\":{\"@id\":\"https:\\\/\\\/www.elisabetbach.com\\\/es\\\/que-necesitas-para-consolidar-el-crecimiento-de-tu-negocio\\\/\"},\"author\":{\"name\":\"Elisabet Bach\",\"@id\":\"https:\\\/\\\/www.elisabetbach.com\\\/#\\\/schema\\\/person\\\/685f9d1030414b49ce9a4362405597ba\"},\"headline\":\"\u00bfQu\u00e9 necesitas para consolidar el crecimiento de tu negocio\",\"datePublished\":\"2019-09-02T15:19:07+00:00\",\"dateModified\":\"2019-09-04T08:17:24+00:00\",\"mainEntityOfPage\":{\"@id\":\"https:\\\/\\\/www.elisabetbach.com\\\/es\\\/que-necesitas-para-consolidar-el-crecimiento-de-tu-negocio\\\/\"},\"wordCount\":453,\"commentCount\":0,\"publisher\":{\"@id\":\"https:\\\/\\\/www.elisabetbach.com\\\/#organization\"},\"image\":{\"@id\":\"https:\\\/\\\/www.elisabetbach.com\\\/es\\\/que-necesitas-para-consolidar-el-crecimiento-de-tu-negocio\\\/#primaryimage\"},\"thumbnailUrl\":\"https:\\\/\\\/www.elisabetbach.com\\\/wp-content\\\/uploads\\\/2019\\\/09\\\/Prismaway_crecimiento_empresarial.png\",\"keywords\":[\"microempresas\",\"Personas aut\u00f3nomas\",\"Prismaway\"],\"articleSection\":[\"creixement empresarial\"],\"inLanguage\":\"es\",\"potentialAction\":[{\"@type\":\"CommentAction\",\"name\":\"Comment\",\"target\":[\"https:\\\/\\\/www.elisabetbach.com\\\/es\\\/que-necesitas-para-consolidar-el-crecimiento-de-tu-negocio\\\/#respond\"]}]},{\"@type\":\"WebPage\",\"@id\":\"https:\\\/\\\/www.elisabetbach.com\\\/es\\\/que-necesitas-para-consolidar-el-crecimiento-de-tu-negocio\\\/\",\"url\":\"https:\\\/\\\/www.elisabetbach.com\\\/es\\\/que-necesitas-para-consolidar-el-crecimiento-de-tu-negocio\\\/\",\"name\":\"\u00bfQu\u00e9 necesitas para consolidar el crecimiento de tu negocio - Elisabet Bach\",\"isPartOf\":{\"@id\":\"https:\\\/\\\/www.elisabetbach.com\\\/#website\"},\"primaryImageOfPage\":{\"@id\":\"https:\\\/\\\/www.elisabetbach.com\\\/es\\\/que-necesitas-para-consolidar-el-crecimiento-de-tu-negocio\\\/#primaryimage\"},\"image\":{\"@id\":\"https:\\\/\\\/www.elisabetbach.com\\\/es\\\/que-necesitas-para-consolidar-el-crecimiento-de-tu-negocio\\\/#primaryimage\"},\"thumbnailUrl\":\"https:\\\/\\\/www.elisabetbach.com\\\/wp-content\\\/uploads\\\/2019\\\/09\\\/Prismaway_crecimiento_empresarial.png\",\"datePublished\":\"2019-09-02T15:19:07+00:00\",\"dateModified\":\"2019-09-04T08:17:24+00:00\",\"description\":\"Prismaway\u00ae, la metodolog\u00eda para el crecimiento de la microempresa. Estos son 10 elementos clave en el proceso de crecimiento y consolidaci\u00f3n de tu negocio.\",\"breadcrumb\":{\"@id\":\"https:\\\/\\\/www.elisabetbach.com\\\/es\\\/que-necesitas-para-consolidar-el-crecimiento-de-tu-negocio\\\/#breadcrumb\"},\"inLanguage\":\"es\",\"potentialAction\":[{\"@type\":\"ReadAction\",\"target\":[\"https:\\\/\\\/www.elisabetbach.com\\\/es\\\/que-necesitas-para-consolidar-el-crecimiento-de-tu-negocio\\\/\"]}]},{\"@type\":\"ImageObject\",\"inLanguage\":\"es\",\"@id\":\"https:\\\/\\\/www.elisabetbach.com\\\/es\\\/que-necesitas-para-consolidar-el-crecimiento-de-tu-negocio\\\/#primaryimage\",\"url\":\"https:\\\/\\\/www.elisabetbach.com\\\/wp-content\\\/uploads\\\/2019\\\/09\\\/Prismaway_crecimiento_empresarial.png\",\"contentUrl\":\"https:\\\/\\\/www.elisabetbach.com\\\/wp-content\\\/uploads\\\/2019\\\/09\\\/Prismaway_crecimiento_empresarial.png\",\"width\":810,\"height\":450,\"caption\":\"\u00bfEst\u00e1 tu negocio preparado para crecer?\"},{\"@type\":\"BreadcrumbList\",\"@id\":\"https:\\\/\\\/www.elisabetbach.com\\\/es\\\/que-necesitas-para-consolidar-el-crecimiento-de-tu-negocio\\\/#breadcrumb\",\"itemListElement\":[{\"@type\":\"ListItem\",\"position\":1,\"name\":\"Inici\",\"item\":\"https:\\\/\\\/www.elisabetbach.com\\\/es\\\/\"},{\"@type\":\"ListItem\",\"position\":2,\"name\":\"\u00bfQu\u00e9 necesitas para consolidar el crecimiento de tu negocio\"}]},{\"@type\":\"WebSite\",\"@id\":\"https:\\\/\\\/www.elisabetbach.com\\\/#website\",\"url\":\"https:\\\/\\\/www.elisabetbach.com\\\/\",\"name\":\"Elisabet Bach\",\"description\":\"Consultora Econ\u00f3mica y Financiera\",\"publisher\":{\"@id\":\"https:\\\/\\\/www.elisabetbach.com\\\/#organization\"},\"potentialAction\":[{\"@type\":\"SearchAction\",\"target\":{\"@type\":\"EntryPoint\",\"urlTemplate\":\"https:\\\/\\\/www.elisabetbach.com\\\/?s={search_term_string}\"},\"query-input\":{\"@type\":\"PropertyValueSpecification\",\"valueRequired\":true,\"valueName\":\"search_term_string\"}}],\"inLanguage\":\"es\"},{\"@type\":\"Organization\",\"@id\":\"https:\\\/\\\/www.elisabetbach.com\\\/#organization\",\"name\":\"Elisabet Bach\",\"url\":\"https:\\\/\\\/www.elisabetbach.com\\\/\",\"logo\":{\"@type\":\"ImageObject\",\"inLanguage\":\"es\",\"@id\":\"https:\\\/\\\/www.elisabetbach.com\\\/#\\\/schema\\\/logo\\\/image\\\/\",\"url\":\"https:\\\/\\\/www.elisabetbach.com\\\/wp-content\\\/uploads\\\/2014\\\/03\\\/logo.png\",\"contentUrl\":\"https:\\\/\\\/www.elisabetbach.com\\\/wp-content\\\/uploads\\\/2014\\\/03\\\/logo.png\",\"width\":308,\"height\":49,\"caption\":\"Elisabet Bach\"},\"image\":{\"@id\":\"https:\\\/\\\/www.elisabetbach.com\\\/#\\\/schema\\\/logo\\\/image\\\/\"},\"sameAs\":[\"https:\\\/\\\/www.facebook.com\\\/elisabetbacholler\\\/\",\"https:\\\/\\\/x.com\\\/elisabet_bach\",\"https:\\\/\\\/www.linkedin.com\\\/in\\\/elisabetbachconsultant\\\/\",\"https:\\\/\\\/www.youtube.com\\\/channel\\\/UCaoleye0jmPoR0_FLWsGa8Q\"]},{\"@type\":\"Person\",\"@id\":\"https:\\\/\\\/www.elisabetbach.com\\\/#\\\/schema\\\/person\\\/685f9d1030414b49ce9a4362405597ba\",\"name\":\"Elisabet Bach\",\"image\":{\"@type\":\"ImageObject\",\"inLanguage\":\"es\",\"@id\":\"https:\\\/\\\/secure.gravatar.com\\\/avatar\\\/d13c76c09a17d190fa2cc3ea283c77f6157acedd712e72edb10e741afaba1cf3?s=96&d=mm&r=g\",\"url\":\"https:\\\/\\\/secure.gravatar.com\\\/avatar\\\/d13c76c09a17d190fa2cc3ea283c77f6157acedd712e72edb10e741afaba1cf3?s=96&d=mm&r=g\",\"contentUrl\":\"https:\\\/\\\/secure.gravatar.com\\\/avatar\\\/d13c76c09a17d190fa2cc3ea283c77f6157acedd712e72edb10e741afaba1cf3?s=96&d=mm&r=g\",\"caption\":\"Elisabet Bach\"},\"sameAs\":[\"http:\\\/\\\/www.elisabetbach.com\"],\"url\":\"https:\\\/\\\/www.elisabetbach.com\\\/es\\\/author\\\/ebach\\\/\"}]}<\/script>\n<!-- \/ Yoast SEO plugin. -->","yoast_head_json":{"title":"\u00bfQu\u00e9 necesitas para consolidar el crecimiento de tu negocio - Elisabet Bach","description":"Prismaway\u00ae, la metodolog\u00eda para el crecimiento de la microempresa. Estos son 10 elementos clave en el proceso de crecimiento y consolidaci\u00f3n de tu negocio.","robots":{"index":"index","follow":"follow","max-snippet":"max-snippet:-1","max-image-preview":"max-image-preview:large","max-video-preview":"max-video-preview:-1"},"canonical":"https:\/\/www.elisabetbach.com\/es\/que-necesitas-para-consolidar-el-crecimiento-de-tu-negocio\/","og_locale":"es_ES","og_type":"article","og_title":"\u00bfQu\u00e9 necesitas para consolidar el crecimiento de tu negocio - Elisabet Bach","og_description":"Prismaway\u00ae, la metodolog\u00eda para el crecimiento de la microempresa. Estos son 10 elementos clave en el proceso de crecimiento y consolidaci\u00f3n de tu negocio.","og_url":"https:\/\/www.elisabetbach.com\/es\/que-necesitas-para-consolidar-el-crecimiento-de-tu-negocio\/","og_site_name":"Elisabet Bach","article_publisher":"https:\/\/www.facebook.com\/elisabetbacholler\/","article_published_time":"2019-09-02T15:19:07+00:00","article_modified_time":"2019-09-04T08:17:24+00:00","og_image":[{"width":810,"height":450,"url":"https:\/\/www.elisabetbach.com\/wp-content\/uploads\/2019\/09\/Prismaway_crecimiento_empresarial.png","type":"image\/png"}],"author":"Elisabet Bach","twitter_misc":{"Escrito por":"Elisabet Bach","Tiempo de lectura":"2 minutos"},"schema":{"@context":"https:\/\/schema.org","@graph":[{"@type":"Article","@id":"https:\/\/www.elisabetbach.com\/es\/que-necesitas-para-consolidar-el-crecimiento-de-tu-negocio\/#article","isPartOf":{"@id":"https:\/\/www.elisabetbach.com\/es\/que-necesitas-para-consolidar-el-crecimiento-de-tu-negocio\/"},"author":{"name":"Elisabet Bach","@id":"https:\/\/www.elisabetbach.com\/#\/schema\/person\/685f9d1030414b49ce9a4362405597ba"},"headline":"\u00bfQu\u00e9 necesitas para consolidar el crecimiento de tu negocio","datePublished":"2019-09-02T15:19:07+00:00","dateModified":"2019-09-04T08:17:24+00:00","mainEntityOfPage":{"@id":"https:\/\/www.elisabetbach.com\/es\/que-necesitas-para-consolidar-el-crecimiento-de-tu-negocio\/"},"wordCount":453,"commentCount":0,"publisher":{"@id":"https:\/\/www.elisabetbach.com\/#organization"},"image":{"@id":"https:\/\/www.elisabetbach.com\/es\/que-necesitas-para-consolidar-el-crecimiento-de-tu-negocio\/#primaryimage"},"thumbnailUrl":"https:\/\/www.elisabetbach.com\/wp-content\/uploads\/2019\/09\/Prismaway_crecimiento_empresarial.png","keywords":["microempresas","Personas aut\u00f3nomas","Prismaway"],"articleSection":["creixement empresarial"],"inLanguage":"es","potentialAction":[{"@type":"CommentAction","name":"Comment","target":["https:\/\/www.elisabetbach.com\/es\/que-necesitas-para-consolidar-el-crecimiento-de-tu-negocio\/#respond"]}]},{"@type":"WebPage","@id":"https:\/\/www.elisabetbach.com\/es\/que-necesitas-para-consolidar-el-crecimiento-de-tu-negocio\/","url":"https:\/\/www.elisabetbach.com\/es\/que-necesitas-para-consolidar-el-crecimiento-de-tu-negocio\/","name":"\u00bfQu\u00e9 necesitas para consolidar el crecimiento de tu negocio - Elisabet Bach","isPartOf":{"@id":"https:\/\/www.elisabetbach.com\/#website"},"primaryImageOfPage":{"@id":"https:\/\/www.elisabetbach.com\/es\/que-necesitas-para-consolidar-el-crecimiento-de-tu-negocio\/#primaryimage"},"image":{"@id":"https:\/\/www.elisabetbach.com\/es\/que-necesitas-para-consolidar-el-crecimiento-de-tu-negocio\/#primaryimage"},"thumbnailUrl":"https:\/\/www.elisabetbach.com\/wp-content\/uploads\/2019\/09\/Prismaway_crecimiento_empresarial.png","datePublished":"2019-09-02T15:19:07+00:00","dateModified":"2019-09-04T08:17:24+00:00","description":"Prismaway\u00ae, la metodolog\u00eda para el crecimiento de la microempresa. Estos son 10 elementos clave en el proceso de crecimiento y consolidaci\u00f3n de tu negocio.","breadcrumb":{"@id":"https:\/\/www.elisabetbach.com\/es\/que-necesitas-para-consolidar-el-crecimiento-de-tu-negocio\/#breadcrumb"},"inLanguage":"es","potentialAction":[{"@type":"ReadAction","target":["https:\/\/www.elisabetbach.com\/es\/que-necesitas-para-consolidar-el-crecimiento-de-tu-negocio\/"]}]},{"@type":"ImageObject","inLanguage":"es","@id":"https:\/\/www.elisabetbach.com\/es\/que-necesitas-para-consolidar-el-crecimiento-de-tu-negocio\/#primaryimage","url":"https:\/\/www.elisabetbach.com\/wp-content\/uploads\/2019\/09\/Prismaway_crecimiento_empresarial.png","contentUrl":"https:\/\/www.elisabetbach.com\/wp-content\/uploads\/2019\/09\/Prismaway_crecimiento_empresarial.png","width":810,"height":450,"caption":"\u00bfEst\u00e1 tu negocio preparado para crecer?"},{"@type":"BreadcrumbList","@id":"https:\/\/www.elisabetbach.com\/es\/que-necesitas-para-consolidar-el-crecimiento-de-tu-negocio\/#breadcrumb","itemListElement":[{"@type":"ListItem","position":1,"name":"Inici","item":"https:\/\/www.elisabetbach.com\/es\/"},{"@type":"ListItem","position":2,"name":"\u00bfQu\u00e9 necesitas para consolidar el crecimiento de tu negocio"}]},{"@type":"WebSite","@id":"https:\/\/www.elisabetbach.com\/#website","url":"https:\/\/www.elisabetbach.com\/","name":"Elisabet Bach","description":"Consultora Econ\u00f3mica y Financiera","publisher":{"@id":"https:\/\/www.elisabetbach.com\/#organization"},"potentialAction":[{"@type":"SearchAction","target":{"@type":"EntryPoint","urlTemplate":"https:\/\/www.elisabetbach.com\/?s={search_term_string}"},"query-input":{"@type":"PropertyValueSpecification","valueRequired":true,"valueName":"search_term_string"}}],"inLanguage":"es"},{"@type":"Organization","@id":"https:\/\/www.elisabetbach.com\/#organization","name":"Elisabet Bach","url":"https:\/\/www.elisabetbach.com\/","logo":{"@type":"ImageObject","inLanguage":"es","@id":"https:\/\/www.elisabetbach.com\/#\/schema\/logo\/image\/","url":"https:\/\/www.elisabetbach.com\/wp-content\/uploads\/2014\/03\/logo.png","contentUrl":"https:\/\/www.elisabetbach.com\/wp-content\/uploads\/2014\/03\/logo.png","width":308,"height":49,"caption":"Elisabet Bach"},"image":{"@id":"https:\/\/www.elisabetbach.com\/#\/schema\/logo\/image\/"},"sameAs":["https:\/\/www.facebook.com\/elisabetbacholler\/","https:\/\/x.com\/elisabet_bach","https:\/\/www.linkedin.com\/in\/elisabetbachconsultant\/","https:\/\/www.youtube.com\/channel\/UCaoleye0jmPoR0_FLWsGa8Q"]},{"@type":"Person","@id":"https:\/\/www.elisabetbach.com\/#\/schema\/person\/685f9d1030414b49ce9a4362405597ba","name":"Elisabet Bach","image":{"@type":"ImageObject","inLanguage":"es","@id":"https:\/\/secure.gravatar.com\/avatar\/d13c76c09a17d190fa2cc3ea283c77f6157acedd712e72edb10e741afaba1cf3?s=96&d=mm&r=g","url":"https:\/\/secure.gravatar.com\/avatar\/d13c76c09a17d190fa2cc3ea283c77f6157acedd712e72edb10e741afaba1cf3?s=96&d=mm&r=g","contentUrl":"https:\/\/secure.gravatar.com\/avatar\/d13c76c09a17d190fa2cc3ea283c77f6157acedd712e72edb10e741afaba1cf3?s=96&d=mm&r=g","caption":"Elisabet Bach"},"sameAs":["http:\/\/www.elisabetbach.com"],"url":"https:\/\/www.elisabetbach.com\/es\/author\/ebach\/"}]}},"_links":{"self":[{"href":"https:\/\/www.elisabetbach.com\/es\/wp-json\/wp\/v2\/posts\/6889","targetHints":{"allow":["GET"]}}],"collection":[{"href":"https:\/\/www.elisabetbach.com\/es\/wp-json\/wp\/v2\/posts"}],"about":[{"href":"https:\/\/www.elisabetbach.com\/es\/wp-json\/wp\/v2\/types\/post"}],"author":[{"embeddable":true,"href":"https:\/\/www.elisabetbach.com\/es\/wp-json\/wp\/v2\/users\/3"}],"replies":[{"embeddable":true,"href":"https:\/\/www.elisabetbach.com\/es\/wp-json\/wp\/v2\/comments?post=6889"}],"version-history":[{"count":4,"href":"https:\/\/www.elisabetbach.com\/es\/wp-json\/wp\/v2\/posts\/6889\/revisions"}],"predecessor-version":[{"id":6899,"href":"https:\/\/www.elisabetbach.com\/es\/wp-json\/wp\/v2\/posts\/6889\/revisions\/6899"}],"wp:featuredmedia":[{"embeddable":true,"href":"https:\/\/www.elisabetbach.com\/es\/wp-json\/wp\/v2\/media\/6890"}],"wp:attachment":[{"href":"https:\/\/www.elisabetbach.com\/es\/wp-json\/wp\/v2\/media?parent=6889"}],"wp:term":[{"taxonomy":"category","embeddable":true,"href":"https:\/\/www.elisabetbach.com\/es\/wp-json\/wp\/v2\/categories?post=6889"},{"taxonomy":"post_tag","embeddable":true,"href":"https:\/\/www.elisabetbach.com\/es\/wp-json\/wp\/v2\/tags?post=6889"}],"curies":[{"name":"wp","href":"https:\/\/api.w.org\/{rel}","templated":true}]}}