{"id":9039,"date":"2022-06-15T17:40:27","date_gmt":"2022-06-15T17:40:27","guid":{"rendered":"https:\/\/www.elisabetbach.com\/3-ambits-a-tenir-en-compte-en-la-gestio-del-negoci-si-ets-agent-digitalitzador\/"},"modified":"2022-06-15T17:58:32","modified_gmt":"2022-06-15T17:58:32","slug":"3-ambitos-a-tener-en-cuenta-en-la-gestion-del-negocio-si-eres-agente-digitalizador","status":"publish","type":"post","link":"https:\/\/www.elisabetbach.com\/es\/3-ambitos-a-tener-en-cuenta-en-la-gestion-del-negocio-si-eres-agente-digitalizador\/","title":{"rendered":"3 \u00e1mbitos a tener en cuenta en la gesti\u00f3n del negocio si eres agente digitalizador"},"content":{"rendered":"<p class=\"p1\"><span class=\"s1\">El Kit digital es una l\u00ednea de subvenciones que permitir\u00e1 que muchas actividades de personas aut\u00f3nomas, microempresas y empresas peque\u00f1as se digitalicen. Asimismo, que esta digitalizaci\u00f3n la realicen personas aut\u00f3nomas y PYMES del sector.<\/span><\/p>\n<p class=\"p1\"><span class=\"s1\">Pero, \u00bfqu\u00e9 implicaciones puede tener la gesti\u00f3n del Kit digital por parte de las empresas proveedoras del sector, llamadas Agentes digitalizadores?<\/span><\/p>\n<h2 class=\"p1\"><span class=\"s1\"><b>Kit digital, agentes digitalizadores y empresas beneficiarias<\/b><\/span><\/h2>\n<p class=\"p1\"><span class=\"s1\">Actualmente se est\u00e1n popularizando palabras como \u00abkit digital\u00bb y \u00abagentes digitalizadores\u00bb, fruto de la convocatoria de subvenciones que ha realizado el Ministerio de Econom\u00eda y Transformaci\u00f3n Digital, a trav\u00e9s de la entidad <a href=\"https:\/\/acelerapyme.gob.es\/kit-digital\"><span class=\"s2\">red.es<\/span><\/a>.<\/span><\/p>\n<p class=\"p1\"><span class=\"s1\">Esta convocatoria se ha llamado Kit Digital. Con ella, el Ministerio pone en juego 3.000.- millones de Euros de fondos europeos en subvenciones para apoyar la digitalizaci\u00f3n de empresas peque\u00f1as, microempresas y aut\u00f3nomos, para el per\u00edodo 2022-23.<\/span><\/p>\n<p class=\"p1\"><span class=\"s1\">El Kit digital contempla beneficiar al colectivo de doble manera:<\/span><\/p>\n<p class=\"p1\"><span class=\"s1\">Primero, con la digitalizaci\u00f3n de las empresas beneficiarias.<\/span><\/p>\n<p class=\"p1\"><span class=\"s1\">Segundo vehiculando esta digitalizaci\u00f3n y, por tanto, estos fondos, a trav\u00e9s de empresas del sector, incluyendo profesionales, microempresas y peque\u00f1as empresas. Es decir, con la creaci\u00f3n de demanda en el sector y en el colectivo. Para poder acceder, es necesario que cada empresa se acredite como Agente Digitalizador.<\/span><\/p>\n<p class=\"p1\"><span class=\"s1\">Para ser Agente digitalizador es necesario cumplir una serie de <a href=\"https:\/\/sede.red.gob.es\/es\/procedimientos\/anuncio-de-adhesion-de-agentes-digitalizadores-al-programa-de-ayudas-para-la\"><span class=\"s2\">requisitos<\/span><\/a>. Una vez se desarrollan los proyectos dentro del marco del Kit digital, \u00bfqu\u00e9 implicaciones hay que tener en cuenta en la gesti\u00f3n del negocio?<\/span><\/p>\n<h2 class=\"p1\"><span class=\"s1\"><b>El Kit digital y c\u00f3mo afecta a la gesti\u00f3n del negocio del Agente digitalizador<\/b><\/span><\/h2>\n<p class=\"p1\"><span class=\"s1\">La configuraci\u00f3n del Kit digital facilita mucho todo el procedimiento de la empresa beneficiaria y pone el peso de la gesti\u00f3n en la empresa proveedora. Su gesti\u00f3n supondr\u00e1 un aprendizaje por parte de los Agentes digitalizadores y en c\u00f3mo afecta a la gesti\u00f3n de sus negocios. Por ahora, podemos vislumbrar ya algunas implicaciones de tipo administrativo, financiero y econ\u00f3mico a tener en cuenta.<\/span><\/p>\n<p class=\"p1\"><span class=\"s1\">En primer lugar, de tipo administrativo. La presentaci\u00f3n de documentaci\u00f3n de contrataci\u00f3n y justificativa del proyecto la realizar\u00e1 el Agente digitalizador. En este caso, Red.es ha previsto que se realice v\u00eda formularios estandarizados. Este elemento no excluye una dedicaci\u00f3n en tiempo, m\u00e1s o menos intensa en funci\u00f3n de cada proyecto. Tambi\u00e9n es importante leer bien el contenido de la documentaci\u00f3n a presentar para evitar errores que retrasen la validaci\u00f3n del proyecto y, por tanto, su cobro. Hay que tener en cuenta tambi\u00e9n los plazos en que es necesario dar cada paso.<\/span><\/p>\n<p class=\"p1\"><span class=\"s1\">En segundo lugar, de tipo financiero. Una de las grandes ventajas del Kit digital es que la empresa beneficiaria no debe avanzar el dinero de la subvenci\u00f3n. Red.es paga directamente al agente digitalizador. Esto puede suponer para el agente una variaci\u00f3n e incluso un alargamiento de los plazos en los que cobrar\u00e1 los proyectos.<\/span><\/p>\n<p class=\"p1\"><span class=\"s1\">Ya hemos comentado en el apartado anterior la importancia de presentar correctamente en tiempo y forma la documentaci\u00f3n para evitar retrasos. Ahora bien, es necesario prever un alargamiento de los plazos de cobro de los proyectos respecto a los plazos que tiene habitualmente la empresa y hay que valorar cu\u00e1l es la capacidad financiera que tiene para sostenerlos. Por ejemplo, una empresa que tenga una facturaci\u00f3n de 40.000.- EUR y realice 10 proyectos de 2.000.-EUR cada uno, significa que tendr\u00e1 que financiar 20.000.- EUR durante unos meses, es decir, el equivalente al 50% de su facturaci\u00f3n. Red.es e ICO han previsto una l\u00ednea <a href=\"https:\/\/www.ico.es\/web\/guest\/ico-red.es-kit-digital\"><span class=\"s2\">ICO Red.es Kit Digital<\/span><\/a> de financiaci\u00f3n para facilitar la liquidez de los agentes en estos meses.<\/span><\/p>\n<p class=\"p1\"><span class=\"s1\">Por \u00faltimo, aspectos de tipo econ\u00f3mico. Los dos primeros apartados suponen un coste de gesti\u00f3n y financiero respectivamente, coste que afecta a la rentabilidad de cada proyecto y al conjunto de la empresa. Por tanto, hay que tenerlo presente. Seg\u00fan el tipo de proyecto, su simplicidad o su grado de complejidad, la justificaci\u00f3n puede comportar un volumen diferente de trabajo; lo mismo con la financiaci\u00f3n del volumen de facturaci\u00f3n sujeto a subvenci\u00f3n.<\/span><\/p>\n<p class=\"p1\"><span class=\"s1\">Es necesario, pues, tener en cuenta estos aspectos antes de decidir qu\u00e9 volumen dedicar a proyectos objeto de subvenci\u00f3n, para gestionar adecuadamente lo que puede suponer para el negocio. Elementos como tipolog\u00eda de proyectos, volumen de cada tipolog\u00eda, momento temporal de contrataci\u00f3n, son variables que es necesario decidir para el \u00e9xito del servicio como agente digitalizador y que suponga volumen de negocio y rentabilidad para la empresa.<\/span><\/p>\n","protected":false},"excerpt":{"rendered":"<p>El Kit digital es una l\u00ednea de subvenciones que permitir\u00e1 que muchas actividades de personas aut\u00f3nomas, microempresas y empresas peque\u00f1as se digitalicen. Asimismo, que esta digitalizaci\u00f3n<span class=\"excerpt-hellip\"> [\u2026]<\/span><\/p>\n","protected":false},"author":3,"featured_media":9035,"comment_status":"open","ping_status":"open","sticky":false,"template":"","format":"standard","meta":{"footnotes":""},"categories":[98,318,140,155,172],"tags":[341,342],"class_list":["post-9039","post","type-post","status-publish","format-standard","has-post-thumbnail","hentry","category-general-es","category-microempresa","category-modelos-de-negocio","category-pyme","category-startup","tag-agent-digitalitzador-es","tag-agente-digitalizador"],"yoast_head":"<!-- This site is optimized with the Yoast SEO plugin v27.4 - https:\/\/yoast.com\/product\/yoast-seo-wordpress\/ -->\n<title>3 \u00e1mbitos a tener en cuenta en la gesti\u00f3n del negocio si eres agente digitalizador - Elisabet Bach<\/title>\n<meta name=\"description\" content=\"Que implicaciones puede tener la gesti\u00f3n del Kit digital por parte de las empresas proveedoras del sector, llamadas agentes digitalizadores.\" \/>\n<meta name=\"robots\" content=\"index, follow, max-snippet:-1, max-image-preview:large, max-video-preview:-1\" \/>\n<link rel=\"canonical\" href=\"https:\/\/www.elisabetbach.com\/es\/3-ambitos-a-tener-en-cuenta-en-la-gestion-del-negocio-si-eres-agente-digitalizador\/\" \/>\n<meta property=\"og:locale\" content=\"es_ES\" \/>\n<meta property=\"og:type\" content=\"article\" \/>\n<meta property=\"og:title\" content=\"3 \u00e1mbitos a tener en cuenta en la gesti\u00f3n del negocio si eres agente digitalizador - Elisabet Bach\" \/>\n<meta property=\"og:description\" content=\"Que implicaciones puede tener la gesti\u00f3n del Kit digital por parte de las empresas proveedoras del sector, llamadas agentes digitalizadores.\" \/>\n<meta property=\"og:url\" content=\"https:\/\/www.elisabetbach.com\/es\/3-ambitos-a-tener-en-cuenta-en-la-gestion-del-negocio-si-eres-agente-digitalizador\/\" \/>\n<meta property=\"og:site_name\" content=\"Elisabet Bach\" \/>\n<meta property=\"article:publisher\" content=\"https:\/\/www.facebook.com\/elisabetbacholler\/\" \/>\n<meta property=\"article:published_time\" content=\"2022-06-15T17:40:27+00:00\" \/>\n<meta property=\"article:modified_time\" content=\"2022-06-15T17:58:32+00:00\" \/>\n<meta property=\"og:image\" content=\"https:\/\/www.elisabetbach.com\/wp-content\/uploads\/2022\/06\/agente-digitalizador-1024x683.jpeg\" \/>\n\t<meta property=\"og:image:width\" content=\"1024\" \/>\n\t<meta property=\"og:image:height\" content=\"683\" \/>\n\t<meta property=\"og:image:type\" content=\"image\/jpeg\" \/>\n<meta name=\"author\" content=\"Elisabet Bach\" \/>\n<meta name=\"twitter:label1\" content=\"Escrito por\" \/>\n\t<meta name=\"twitter:data1\" content=\"Elisabet Bach\" \/>\n\t<meta name=\"twitter:label2\" content=\"Tiempo de lectura\" \/>\n\t<meta name=\"twitter:data2\" content=\"4 minutos\" \/>\n<script type=\"application\/ld+json\" class=\"yoast-schema-graph\">{\"@context\":\"https:\\\/\\\/schema.org\",\"@graph\":[{\"@type\":\"Article\",\"@id\":\"https:\\\/\\\/www.elisabetbach.com\\\/es\\\/3-ambitos-a-tener-en-cuenta-en-la-gestion-del-negocio-si-eres-agente-digitalizador\\\/#article\",\"isPartOf\":{\"@id\":\"https:\\\/\\\/www.elisabetbach.com\\\/es\\\/3-ambitos-a-tener-en-cuenta-en-la-gestion-del-negocio-si-eres-agente-digitalizador\\\/\"},\"author\":{\"name\":\"Elisabet Bach\",\"@id\":\"https:\\\/\\\/www.elisabetbach.com\\\/#\\\/schema\\\/person\\\/685f9d1030414b49ce9a4362405597ba\"},\"headline\":\"3 \u00e1mbitos a tener en cuenta en la gesti\u00f3n del negocio si eres agente digitalizador\",\"datePublished\":\"2022-06-15T17:40:27+00:00\",\"dateModified\":\"2022-06-15T17:58:32+00:00\",\"mainEntityOfPage\":{\"@id\":\"https:\\\/\\\/www.elisabetbach.com\\\/es\\\/3-ambitos-a-tener-en-cuenta-en-la-gestion-del-negocio-si-eres-agente-digitalizador\\\/\"},\"wordCount\":789,\"commentCount\":0,\"publisher\":{\"@id\":\"https:\\\/\\\/www.elisabetbach.com\\\/#organization\"},\"image\":{\"@id\":\"https:\\\/\\\/www.elisabetbach.com\\\/es\\\/3-ambitos-a-tener-en-cuenta-en-la-gestion-del-negocio-si-eres-agente-digitalizador\\\/#primaryimage\"},\"thumbnailUrl\":\"https:\\\/\\\/www.elisabetbach.com\\\/wp-content\\\/uploads\\\/2022\\\/06\\\/agente-digitalizador.jpeg\",\"keywords\":[\"agent digitalitzador\",\"agente digitalizador\"],\"articleSection\":[\"General @es\",\"Microempresa\",\"Modelos de negocio\",\"PYME\",\"Startup\"],\"inLanguage\":\"es\",\"potentialAction\":[{\"@type\":\"CommentAction\",\"name\":\"Comment\",\"target\":[\"https:\\\/\\\/www.elisabetbach.com\\\/es\\\/3-ambitos-a-tener-en-cuenta-en-la-gestion-del-negocio-si-eres-agente-digitalizador\\\/#respond\"]}]},{\"@type\":\"WebPage\",\"@id\":\"https:\\\/\\\/www.elisabetbach.com\\\/es\\\/3-ambitos-a-tener-en-cuenta-en-la-gestion-del-negocio-si-eres-agente-digitalizador\\\/\",\"url\":\"https:\\\/\\\/www.elisabetbach.com\\\/es\\\/3-ambitos-a-tener-en-cuenta-en-la-gestion-del-negocio-si-eres-agente-digitalizador\\\/\",\"name\":\"3 \u00e1mbitos a tener en cuenta en la gesti\u00f3n del negocio si eres agente digitalizador - Elisabet Bach\",\"isPartOf\":{\"@id\":\"https:\\\/\\\/www.elisabetbach.com\\\/#website\"},\"primaryImageOfPage\":{\"@id\":\"https:\\\/\\\/www.elisabetbach.com\\\/es\\\/3-ambitos-a-tener-en-cuenta-en-la-gestion-del-negocio-si-eres-agente-digitalizador\\\/#primaryimage\"},\"image\":{\"@id\":\"https:\\\/\\\/www.elisabetbach.com\\\/es\\\/3-ambitos-a-tener-en-cuenta-en-la-gestion-del-negocio-si-eres-agente-digitalizador\\\/#primaryimage\"},\"thumbnailUrl\":\"https:\\\/\\\/www.elisabetbach.com\\\/wp-content\\\/uploads\\\/2022\\\/06\\\/agente-digitalizador.jpeg\",\"datePublished\":\"2022-06-15T17:40:27+00:00\",\"dateModified\":\"2022-06-15T17:58:32+00:00\",\"description\":\"Que implicaciones puede tener la gesti\u00f3n del Kit digital por parte de las empresas proveedoras del sector, llamadas agentes digitalizadores.\",\"breadcrumb\":{\"@id\":\"https:\\\/\\\/www.elisabetbach.com\\\/es\\\/3-ambitos-a-tener-en-cuenta-en-la-gestion-del-negocio-si-eres-agente-digitalizador\\\/#breadcrumb\"},\"inLanguage\":\"es\",\"potentialAction\":[{\"@type\":\"ReadAction\",\"target\":[\"https:\\\/\\\/www.elisabetbach.com\\\/es\\\/3-ambitos-a-tener-en-cuenta-en-la-gestion-del-negocio-si-eres-agente-digitalizador\\\/\"]}]},{\"@type\":\"ImageObject\",\"inLanguage\":\"es\",\"@id\":\"https:\\\/\\\/www.elisabetbach.com\\\/es\\\/3-ambitos-a-tener-en-cuenta-en-la-gestion-del-negocio-si-eres-agente-digitalizador\\\/#primaryimage\",\"url\":\"https:\\\/\\\/www.elisabetbach.com\\\/wp-content\\\/uploads\\\/2022\\\/06\\\/agente-digitalizador.jpeg\",\"contentUrl\":\"https:\\\/\\\/www.elisabetbach.com\\\/wp-content\\\/uploads\\\/2022\\\/06\\\/agente-digitalizador.jpeg\",\"width\":2560,\"height\":1707},{\"@type\":\"BreadcrumbList\",\"@id\":\"https:\\\/\\\/www.elisabetbach.com\\\/es\\\/3-ambitos-a-tener-en-cuenta-en-la-gestion-del-negocio-si-eres-agente-digitalizador\\\/#breadcrumb\",\"itemListElement\":[{\"@type\":\"ListItem\",\"position\":1,\"name\":\"Inici\",\"item\":\"https:\\\/\\\/www.elisabetbach.com\\\/es\\\/\"},{\"@type\":\"ListItem\",\"position\":2,\"name\":\"3 \u00e1mbitos a tener en cuenta en la gesti\u00f3n del negocio si eres agente digitalizador\"}]},{\"@type\":\"WebSite\",\"@id\":\"https:\\\/\\\/www.elisabetbach.com\\\/#website\",\"url\":\"https:\\\/\\\/www.elisabetbach.com\\\/\",\"name\":\"Elisabet Bach\",\"description\":\"Consultora Econ\u00f3mica y Financiera\",\"publisher\":{\"@id\":\"https:\\\/\\\/www.elisabetbach.com\\\/#organization\"},\"potentialAction\":[{\"@type\":\"SearchAction\",\"target\":{\"@type\":\"EntryPoint\",\"urlTemplate\":\"https:\\\/\\\/www.elisabetbach.com\\\/?s={search_term_string}\"},\"query-input\":{\"@type\":\"PropertyValueSpecification\",\"valueRequired\":true,\"valueName\":\"search_term_string\"}}],\"inLanguage\":\"es\"},{\"@type\":\"Organization\",\"@id\":\"https:\\\/\\\/www.elisabetbach.com\\\/#organization\",\"name\":\"Elisabet Bach\",\"url\":\"https:\\\/\\\/www.elisabetbach.com\\\/\",\"logo\":{\"@type\":\"ImageObject\",\"inLanguage\":\"es\",\"@id\":\"https:\\\/\\\/www.elisabetbach.com\\\/#\\\/schema\\\/logo\\\/image\\\/\",\"url\":\"https:\\\/\\\/www.elisabetbach.com\\\/wp-content\\\/uploads\\\/2014\\\/03\\\/logo.png\",\"contentUrl\":\"https:\\\/\\\/www.elisabetbach.com\\\/wp-content\\\/uploads\\\/2014\\\/03\\\/logo.png\",\"width\":308,\"height\":49,\"caption\":\"Elisabet Bach\"},\"image\":{\"@id\":\"https:\\\/\\\/www.elisabetbach.com\\\/#\\\/schema\\\/logo\\\/image\\\/\"},\"sameAs\":[\"https:\\\/\\\/www.facebook.com\\\/elisabetbacholler\\\/\",\"https:\\\/\\\/x.com\\\/elisabet_bach\",\"https:\\\/\\\/www.linkedin.com\\\/in\\\/elisabetbachconsultant\\\/\",\"https:\\\/\\\/www.youtube.com\\\/channel\\\/UCaoleye0jmPoR0_FLWsGa8Q\"]},{\"@type\":\"Person\",\"@id\":\"https:\\\/\\\/www.elisabetbach.com\\\/#\\\/schema\\\/person\\\/685f9d1030414b49ce9a4362405597ba\",\"name\":\"Elisabet Bach\",\"image\":{\"@type\":\"ImageObject\",\"inLanguage\":\"es\",\"@id\":\"https:\\\/\\\/secure.gravatar.com\\\/avatar\\\/d13c76c09a17d190fa2cc3ea283c77f6157acedd712e72edb10e741afaba1cf3?s=96&d=mm&r=g\",\"url\":\"https:\\\/\\\/secure.gravatar.com\\\/avatar\\\/d13c76c09a17d190fa2cc3ea283c77f6157acedd712e72edb10e741afaba1cf3?s=96&d=mm&r=g\",\"contentUrl\":\"https:\\\/\\\/secure.gravatar.com\\\/avatar\\\/d13c76c09a17d190fa2cc3ea283c77f6157acedd712e72edb10e741afaba1cf3?s=96&d=mm&r=g\",\"caption\":\"Elisabet Bach\"},\"sameAs\":[\"http:\\\/\\\/www.elisabetbach.com\"],\"url\":\"https:\\\/\\\/www.elisabetbach.com\\\/es\\\/author\\\/ebach\\\/\"}]}<\/script>\n<!-- \/ Yoast SEO plugin. -->","yoast_head_json":{"title":"3 \u00e1mbitos a tener en cuenta en la gesti\u00f3n del negocio si eres agente digitalizador - Elisabet Bach","description":"Que implicaciones puede tener la gesti\u00f3n del Kit digital por parte de las empresas proveedoras del sector, llamadas agentes digitalizadores.","robots":{"index":"index","follow":"follow","max-snippet":"max-snippet:-1","max-image-preview":"max-image-preview:large","max-video-preview":"max-video-preview:-1"},"canonical":"https:\/\/www.elisabetbach.com\/es\/3-ambitos-a-tener-en-cuenta-en-la-gestion-del-negocio-si-eres-agente-digitalizador\/","og_locale":"es_ES","og_type":"article","og_title":"3 \u00e1mbitos a tener en cuenta en la gesti\u00f3n del negocio si eres agente digitalizador - Elisabet Bach","og_description":"Que implicaciones puede tener la gesti\u00f3n del Kit digital por parte de las empresas proveedoras del sector, llamadas agentes digitalizadores.","og_url":"https:\/\/www.elisabetbach.com\/es\/3-ambitos-a-tener-en-cuenta-en-la-gestion-del-negocio-si-eres-agente-digitalizador\/","og_site_name":"Elisabet Bach","article_publisher":"https:\/\/www.facebook.com\/elisabetbacholler\/","article_published_time":"2022-06-15T17:40:27+00:00","article_modified_time":"2022-06-15T17:58:32+00:00","og_image":[{"width":1024,"height":683,"url":"https:\/\/www.elisabetbach.com\/wp-content\/uploads\/2022\/06\/agente-digitalizador-1024x683.jpeg","type":"image\/jpeg"}],"author":"Elisabet Bach","twitter_misc":{"Escrito por":"Elisabet Bach","Tiempo de lectura":"4 minutos"},"schema":{"@context":"https:\/\/schema.org","@graph":[{"@type":"Article","@id":"https:\/\/www.elisabetbach.com\/es\/3-ambitos-a-tener-en-cuenta-en-la-gestion-del-negocio-si-eres-agente-digitalizador\/#article","isPartOf":{"@id":"https:\/\/www.elisabetbach.com\/es\/3-ambitos-a-tener-en-cuenta-en-la-gestion-del-negocio-si-eres-agente-digitalizador\/"},"author":{"name":"Elisabet Bach","@id":"https:\/\/www.elisabetbach.com\/#\/schema\/person\/685f9d1030414b49ce9a4362405597ba"},"headline":"3 \u00e1mbitos a tener en cuenta en la gesti\u00f3n del negocio si eres agente digitalizador","datePublished":"2022-06-15T17:40:27+00:00","dateModified":"2022-06-15T17:58:32+00:00","mainEntityOfPage":{"@id":"https:\/\/www.elisabetbach.com\/es\/3-ambitos-a-tener-en-cuenta-en-la-gestion-del-negocio-si-eres-agente-digitalizador\/"},"wordCount":789,"commentCount":0,"publisher":{"@id":"https:\/\/www.elisabetbach.com\/#organization"},"image":{"@id":"https:\/\/www.elisabetbach.com\/es\/3-ambitos-a-tener-en-cuenta-en-la-gestion-del-negocio-si-eres-agente-digitalizador\/#primaryimage"},"thumbnailUrl":"https:\/\/www.elisabetbach.com\/wp-content\/uploads\/2022\/06\/agente-digitalizador.jpeg","keywords":["agent digitalitzador","agente digitalizador"],"articleSection":["General @es","Microempresa","Modelos de negocio","PYME","Startup"],"inLanguage":"es","potentialAction":[{"@type":"CommentAction","name":"Comment","target":["https:\/\/www.elisabetbach.com\/es\/3-ambitos-a-tener-en-cuenta-en-la-gestion-del-negocio-si-eres-agente-digitalizador\/#respond"]}]},{"@type":"WebPage","@id":"https:\/\/www.elisabetbach.com\/es\/3-ambitos-a-tener-en-cuenta-en-la-gestion-del-negocio-si-eres-agente-digitalizador\/","url":"https:\/\/www.elisabetbach.com\/es\/3-ambitos-a-tener-en-cuenta-en-la-gestion-del-negocio-si-eres-agente-digitalizador\/","name":"3 \u00e1mbitos a tener en cuenta en la gesti\u00f3n del negocio si eres agente digitalizador - Elisabet Bach","isPartOf":{"@id":"https:\/\/www.elisabetbach.com\/#website"},"primaryImageOfPage":{"@id":"https:\/\/www.elisabetbach.com\/es\/3-ambitos-a-tener-en-cuenta-en-la-gestion-del-negocio-si-eres-agente-digitalizador\/#primaryimage"},"image":{"@id":"https:\/\/www.elisabetbach.com\/es\/3-ambitos-a-tener-en-cuenta-en-la-gestion-del-negocio-si-eres-agente-digitalizador\/#primaryimage"},"thumbnailUrl":"https:\/\/www.elisabetbach.com\/wp-content\/uploads\/2022\/06\/agente-digitalizador.jpeg","datePublished":"2022-06-15T17:40:27+00:00","dateModified":"2022-06-15T17:58:32+00:00","description":"Que implicaciones puede tener la gesti\u00f3n del Kit digital por parte de las empresas proveedoras del sector, llamadas agentes digitalizadores.","breadcrumb":{"@id":"https:\/\/www.elisabetbach.com\/es\/3-ambitos-a-tener-en-cuenta-en-la-gestion-del-negocio-si-eres-agente-digitalizador\/#breadcrumb"},"inLanguage":"es","potentialAction":[{"@type":"ReadAction","target":["https:\/\/www.elisabetbach.com\/es\/3-ambitos-a-tener-en-cuenta-en-la-gestion-del-negocio-si-eres-agente-digitalizador\/"]}]},{"@type":"ImageObject","inLanguage":"es","@id":"https:\/\/www.elisabetbach.com\/es\/3-ambitos-a-tener-en-cuenta-en-la-gestion-del-negocio-si-eres-agente-digitalizador\/#primaryimage","url":"https:\/\/www.elisabetbach.com\/wp-content\/uploads\/2022\/06\/agente-digitalizador.jpeg","contentUrl":"https:\/\/www.elisabetbach.com\/wp-content\/uploads\/2022\/06\/agente-digitalizador.jpeg","width":2560,"height":1707},{"@type":"BreadcrumbList","@id":"https:\/\/www.elisabetbach.com\/es\/3-ambitos-a-tener-en-cuenta-en-la-gestion-del-negocio-si-eres-agente-digitalizador\/#breadcrumb","itemListElement":[{"@type":"ListItem","position":1,"name":"Inici","item":"https:\/\/www.elisabetbach.com\/es\/"},{"@type":"ListItem","position":2,"name":"3 \u00e1mbitos a tener en cuenta en la gesti\u00f3n del negocio si eres agente digitalizador"}]},{"@type":"WebSite","@id":"https:\/\/www.elisabetbach.com\/#website","url":"https:\/\/www.elisabetbach.com\/","name":"Elisabet Bach","description":"Consultora Econ\u00f3mica y Financiera","publisher":{"@id":"https:\/\/www.elisabetbach.com\/#organization"},"potentialAction":[{"@type":"SearchAction","target":{"@type":"EntryPoint","urlTemplate":"https:\/\/www.elisabetbach.com\/?s={search_term_string}"},"query-input":{"@type":"PropertyValueSpecification","valueRequired":true,"valueName":"search_term_string"}}],"inLanguage":"es"},{"@type":"Organization","@id":"https:\/\/www.elisabetbach.com\/#organization","name":"Elisabet Bach","url":"https:\/\/www.elisabetbach.com\/","logo":{"@type":"ImageObject","inLanguage":"es","@id":"https:\/\/www.elisabetbach.com\/#\/schema\/logo\/image\/","url":"https:\/\/www.elisabetbach.com\/wp-content\/uploads\/2014\/03\/logo.png","contentUrl":"https:\/\/www.elisabetbach.com\/wp-content\/uploads\/2014\/03\/logo.png","width":308,"height":49,"caption":"Elisabet Bach"},"image":{"@id":"https:\/\/www.elisabetbach.com\/#\/schema\/logo\/image\/"},"sameAs":["https:\/\/www.facebook.com\/elisabetbacholler\/","https:\/\/x.com\/elisabet_bach","https:\/\/www.linkedin.com\/in\/elisabetbachconsultant\/","https:\/\/www.youtube.com\/channel\/UCaoleye0jmPoR0_FLWsGa8Q"]},{"@type":"Person","@id":"https:\/\/www.elisabetbach.com\/#\/schema\/person\/685f9d1030414b49ce9a4362405597ba","name":"Elisabet Bach","image":{"@type":"ImageObject","inLanguage":"es","@id":"https:\/\/secure.gravatar.com\/avatar\/d13c76c09a17d190fa2cc3ea283c77f6157acedd712e72edb10e741afaba1cf3?s=96&d=mm&r=g","url":"https:\/\/secure.gravatar.com\/avatar\/d13c76c09a17d190fa2cc3ea283c77f6157acedd712e72edb10e741afaba1cf3?s=96&d=mm&r=g","contentUrl":"https:\/\/secure.gravatar.com\/avatar\/d13c76c09a17d190fa2cc3ea283c77f6157acedd712e72edb10e741afaba1cf3?s=96&d=mm&r=g","caption":"Elisabet Bach"},"sameAs":["http:\/\/www.elisabetbach.com"],"url":"https:\/\/www.elisabetbach.com\/es\/author\/ebach\/"}]}},"_links":{"self":[{"href":"https:\/\/www.elisabetbach.com\/es\/wp-json\/wp\/v2\/posts\/9039","targetHints":{"allow":["GET"]}}],"collection":[{"href":"https:\/\/www.elisabetbach.com\/es\/wp-json\/wp\/v2\/posts"}],"about":[{"href":"https:\/\/www.elisabetbach.com\/es\/wp-json\/wp\/v2\/types\/post"}],"author":[{"embeddable":true,"href":"https:\/\/www.elisabetbach.com\/es\/wp-json\/wp\/v2\/users\/3"}],"replies":[{"embeddable":true,"href":"https:\/\/www.elisabetbach.com\/es\/wp-json\/wp\/v2\/comments?post=9039"}],"version-history":[{"count":3,"href":"https:\/\/www.elisabetbach.com\/es\/wp-json\/wp\/v2\/posts\/9039\/revisions"}],"predecessor-version":[{"id":9042,"href":"https:\/\/www.elisabetbach.com\/es\/wp-json\/wp\/v2\/posts\/9039\/revisions\/9042"}],"wp:featuredmedia":[{"embeddable":true,"href":"https:\/\/www.elisabetbach.com\/es\/wp-json\/wp\/v2\/media\/9035"}],"wp:attachment":[{"href":"https:\/\/www.elisabetbach.com\/es\/wp-json\/wp\/v2\/media?parent=9039"}],"wp:term":[{"taxonomy":"category","embeddable":true,"href":"https:\/\/www.elisabetbach.com\/es\/wp-json\/wp\/v2\/categories?post=9039"},{"taxonomy":"post_tag","embeddable":true,"href":"https:\/\/www.elisabetbach.com\/es\/wp-json\/wp\/v2\/tags?post=9039"}],"curies":[{"name":"wp","href":"https:\/\/api.w.org\/{rel}","templated":true}]}}