{"id":9988,"date":"2022-10-19T10:41:25","date_gmt":"2022-10-19T10:41:25","guid":{"rendered":"https:\/\/www.elisabetbach.com\/?p=9988"},"modified":"2022-10-19T10:41:25","modified_gmt":"2022-10-19T10:41:25","slug":"3-elementos-a-tener-en-cuenta-para-fijar-el-precio-de-tus-servicios-profesionales","status":"publish","type":"post","link":"https:\/\/www.elisabetbach.com\/es\/3-elementos-a-tener-en-cuenta-para-fijar-el-precio-de-tus-servicios-profesionales\/","title":{"rendered":"3 elementos a tener en cuenta para fijar el precio de tus servicios profesionales"},"content":{"rendered":"<p class=\"p1\"><span class=\"s1\">Fijar el <a href=\"https:\/\/www.elisabetbach.com\/es\/principales-errores-al-momento-de-fijar-precios-a-los-servicios-profesionales\/\">precio de tus servicios profesionales<\/a> es una actividad cr\u00edtica para el \u00e9xito de tu negocio. Afecta tu rentabilidad, tu posicionamiento frente a tus clientes, y puede ser la diferencia entre conseguir tus objetivos o quedarte corto. <\/span><\/p>\n<p class=\"p2\"><span class=\"s1\">Hoy queremos daros una pincelada de un tema que abordamos a profundidad en <a href=\"https:\/\/www.amazon.es\/Precios-Conectados-perfecta-servicios-profesionales-ebook\/dp\/B09YBT18KJ\/ref=tmm_kin_swatch_0?_encoding=UTF8&amp;qid=&amp;sr=\">Precios Conectados<\/a>, el libro que he escrito en conjunto con Marisela Cuevas y en el cual trabajamos precisamente en las estrategias de fijaci\u00f3n de precios para servicios profesionales. <\/span><\/p>\n<p class=\"p1\"><span class=\"s1\">Para fijar el precio de forma adecuada, has de tener en cuenta el mercado en que act\u00faas, el precio como elemento econ\u00f3mico, y las emociones. Os hablamos un poco de cada uno de ellos:<\/span><\/p>\n<h2 class=\"p4\"><span class=\"s1\">El mercado<\/span><\/h2>\n<p class=\"p2\"><span class=\"s1\">\u00bfConoces el mercado en el que se desarrolla tu actividad profesional? El mercado tiene una influencia muy importante en la fijaci\u00f3n de precios, que no debe ser ignorada pues conocer el mercado nos permitir\u00e1 establecer una estrategia de posicionamiento.<\/span><\/p>\n<p class=\"p2\"><span class=\"s1\">Desde la perspectiva del precio como elemento de posicionamiento en el mercado, nuestro servicio no es un elemento \u00fanico ni aislado. Te recomiendo tres pasos para establecer el precio de tu servicio, desde esta perspectiva:<\/span><\/p>\n<ol>\n<li class=\"p2\"><span class=\"s1\">El primer paso en la fijaci\u00f3n de los precios de servicios profesionales es hacer una adecuada segmentaci\u00f3n de nuestros potenciales clientes. Escoger aquel grupo de personas que pueden estar m\u00e1s predispuestos a comprarlo, nos ayudar\u00e1 a fijar un precio m\u00e1s adecuado.<\/span><\/li>\n<li class=\"p2\"><span class=\"s1\">Seguidamente, debemos identificar nuestra competencia y conocer c\u00f3mo se posiciona en el mercado. Conocer el precio de la competencia es un dato de referencia que puede convertirse en la base para colocar un precio por encima del que hab\u00edas estimado.<\/span><\/li>\n<li class=\"p2\"><span class=\"s1\">Como tercer paso, decidiremos la estrategia a aplicar respecto al precio. Para ello, existen muchas estrategias, nuestra recomendaci\u00f3n es que esta sea coherente con nuestro objetivo empresarial.<\/span><\/li>\n<\/ol>\n<p><span class=\"s1\">En Precios Conectados, os comentamos a detalle 3 estrategias para determinar precios desde la perspectiva del mercado. <\/span><\/p>\n<h2 class=\"p4\"><span class=\"s1\">El precio como elemento econ\u00f3mico <\/span><\/h2>\n<p class=\"p2\"><span class=\"s1\">\u00bfC\u00f3mo facturas por tus servicios profesionales? \u00bfPor horas?\u00bfPor servicio? En cualquiera de los dos casos, necesitas un precio de referencia para calcular el precio de venta. Por ello, el segundo elemento de fijaci\u00f3n del precio es el econ\u00f3mico.<\/span><\/p>\n<p class=\"p2\"><span class=\"s1\">Tu negocio es un agente econ\u00f3mico y necesitas establecer los ingresos del negocio. Y dentro de los ingresos existen dos elementos derivados de la venta de los servicios profesionales que necesitas conocer con la finalidad de encontrar esa cifra de referencia: La capacidad de prestaci\u00f3n del servicio y la estructura de gastos y el beneficio esperado.<\/span><\/p>\n<h2 class=\"p4\"><span class=\"s1\">Las emociones<\/span><\/h2>\n<p class=\"p2\"><span class=\"s1\">Hasta aqu\u00ed hemos hablado de 2 de los tres elementos que determinan la fijaci\u00f3n de precios de los servicios profesionales, es ahora el turno de las emociones.<\/span><\/p>\n<p class=\"p2\"><span class=\"s1\">El precio es un elemento que debe enmarcarse en todos los bloques del Modelo de Negocio de forma que sea una consecuencia y no una causa. El precio no debe ser la raz\u00f3n por la cual nos elijan los clientes, hay otros elementos mucho m\u00e1s importantes, como la calidad, el servicio y sobre todo el VALOR que entregas.<\/span><\/p>\n<p class=\"p2\"><span class=\"s1\">Es importante blindar el precio con estrategias emocionales. La clave es garantizar que te compren por lo que ofreces y no por lo que cuestan tus servicios. <\/span><\/p>\n<p class=\"p2\"><span class=\"s1\">Porque lo que en verdad vendemos son experiencias y emociones, y la intangibilidad de ellas es lo que realmente le interesa a nuestros clientes.<\/span><\/p>\n<p class=\"p2\"><span class=\"s1\">Al tener decidido el precio de cada uno de nuestros servicios, es el momento de analizar estrategias emocionales. Si quer\u00e9is conocerlas, os invitamos a leer Precios Conectados\u2026 \u00a1Son 15 estrategias que podr\u00e9is aplicar a vuestro negocio de inmediato!<\/span><\/p>\n","protected":false},"excerpt":{"rendered":"<p>Fijar el precio de tus servicios profesionales es una actividad cr\u00edtica para el \u00e9xito de tu negocio. Afecta tu rentabilidad, tu posicionamiento frente a tus clientes,<span class=\"excerpt-hellip\"> [\u2026]<\/span><\/p>\n","protected":false},"author":5,"featured_media":9983,"comment_status":"open","ping_status":"open","sticky":false,"template":"","format":"standard","meta":{"footnotes":""},"categories":[344],"tags":[],"class_list":["post-9988","post","type-post","status-publish","format-standard","has-post-thumbnail","hentry","category-precios"],"yoast_head":"<!-- This site is optimized with the Yoast SEO plugin v27.4 - https:\/\/yoast.com\/product\/yoast-seo-wordpress\/ -->\n<title>3 elementos a tener en cuenta para fijar el precio de tus servicios profesionales - Elisabet Bach<\/title>\n<meta name=\"description\" content=\"Para fijar el precio de forma adecuada, has de tener en cuenta el mercado en que act\u00faas, el precio como elemento econ\u00f3mico, y las emociones.\" \/>\n<meta name=\"robots\" content=\"index, follow, max-snippet:-1, max-image-preview:large, max-video-preview:-1\" \/>\n<link rel=\"canonical\" href=\"https:\/\/www.elisabetbach.com\/es\/3-elementos-a-tener-en-cuenta-para-fijar-el-precio-de-tus-servicios-profesionales\/\" \/>\n<meta property=\"og:locale\" content=\"es_ES\" \/>\n<meta property=\"og:type\" content=\"article\" \/>\n<meta property=\"og:title\" content=\"3 elementos a tener en cuenta para fijar el precio de tus servicios profesionales - Elisabet Bach\" \/>\n<meta property=\"og:description\" content=\"Para fijar el precio de forma adecuada, has de tener en cuenta el mercado en que act\u00faas, el precio como elemento econ\u00f3mico, y las emociones.\" \/>\n<meta property=\"og:url\" content=\"https:\/\/www.elisabetbach.com\/es\/3-elementos-a-tener-en-cuenta-para-fijar-el-precio-de-tus-servicios-profesionales\/\" \/>\n<meta property=\"og:site_name\" content=\"Elisabet Bach\" \/>\n<meta property=\"article:publisher\" content=\"https:\/\/www.facebook.com\/elisabetbacholler\/\" \/>\n<meta property=\"article:published_time\" content=\"2022-10-19T10:41:25+00:00\" \/>\n<meta property=\"og:image\" content=\"https:\/\/www.elisabetbach.com\/wp-content\/uploads\/2022\/10\/kobu-agency-7okkFhxrxNw-unsplash.jpeg\" \/>\n\t<meta property=\"og:image:width\" content=\"2560\" \/>\n\t<meta property=\"og:image:height\" content=\"1707\" \/>\n\t<meta property=\"og:image:type\" content=\"image\/jpeg\" \/>\n<meta name=\"author\" content=\"Gabriela Granja\" \/>\n<meta name=\"twitter:label1\" content=\"Escrito por\" \/>\n\t<meta name=\"twitter:data1\" content=\"Gabriela Granja\" \/>\n\t<meta name=\"twitter:label2\" content=\"Tiempo de lectura\" \/>\n\t<meta name=\"twitter:data2\" content=\"4 minutos\" \/>\n<script type=\"application\/ld+json\" class=\"yoast-schema-graph\">{\"@context\":\"https:\\\/\\\/schema.org\",\"@graph\":[{\"@type\":\"Article\",\"@id\":\"https:\\\/\\\/www.elisabetbach.com\\\/es\\\/3-elementos-a-tener-en-cuenta-para-fijar-el-precio-de-tus-servicios-profesionales\\\/#article\",\"isPartOf\":{\"@id\":\"https:\\\/\\\/www.elisabetbach.com\\\/es\\\/3-elementos-a-tener-en-cuenta-para-fijar-el-precio-de-tus-servicios-profesionales\\\/\"},\"author\":{\"name\":\"Gabriela Granja\",\"@id\":\"https:\\\/\\\/www.elisabetbach.com\\\/#\\\/schema\\\/person\\\/aed6c44263d3fb71bfed603c8edc7c21\"},\"headline\":\"3 elementos a tener en cuenta para fijar el precio de tus servicios profesionales\",\"datePublished\":\"2022-10-19T10:41:25+00:00\",\"mainEntityOfPage\":{\"@id\":\"https:\\\/\\\/www.elisabetbach.com\\\/es\\\/3-elementos-a-tener-en-cuenta-para-fijar-el-precio-de-tus-servicios-profesionales\\\/\"},\"wordCount\":623,\"commentCount\":0,\"publisher\":{\"@id\":\"https:\\\/\\\/www.elisabetbach.com\\\/#organization\"},\"image\":{\"@id\":\"https:\\\/\\\/www.elisabetbach.com\\\/es\\\/3-elementos-a-tener-en-cuenta-para-fijar-el-precio-de-tus-servicios-profesionales\\\/#primaryimage\"},\"thumbnailUrl\":\"https:\\\/\\\/www.elisabetbach.com\\\/wp-content\\\/uploads\\\/2022\\\/10\\\/kobu-agency-7okkFhxrxNw-unsplash.jpeg\",\"articleSection\":[\"precios\"],\"inLanguage\":\"es\",\"potentialAction\":[{\"@type\":\"CommentAction\",\"name\":\"Comment\",\"target\":[\"https:\\\/\\\/www.elisabetbach.com\\\/es\\\/3-elementos-a-tener-en-cuenta-para-fijar-el-precio-de-tus-servicios-profesionales\\\/#respond\"]}]},{\"@type\":\"WebPage\",\"@id\":\"https:\\\/\\\/www.elisabetbach.com\\\/es\\\/3-elementos-a-tener-en-cuenta-para-fijar-el-precio-de-tus-servicios-profesionales\\\/\",\"url\":\"https:\\\/\\\/www.elisabetbach.com\\\/es\\\/3-elementos-a-tener-en-cuenta-para-fijar-el-precio-de-tus-servicios-profesionales\\\/\",\"name\":\"3 elementos a tener en cuenta para fijar el precio de tus servicios profesionales - Elisabet Bach\",\"isPartOf\":{\"@id\":\"https:\\\/\\\/www.elisabetbach.com\\\/#website\"},\"primaryImageOfPage\":{\"@id\":\"https:\\\/\\\/www.elisabetbach.com\\\/es\\\/3-elementos-a-tener-en-cuenta-para-fijar-el-precio-de-tus-servicios-profesionales\\\/#primaryimage\"},\"image\":{\"@id\":\"https:\\\/\\\/www.elisabetbach.com\\\/es\\\/3-elementos-a-tener-en-cuenta-para-fijar-el-precio-de-tus-servicios-profesionales\\\/#primaryimage\"},\"thumbnailUrl\":\"https:\\\/\\\/www.elisabetbach.com\\\/wp-content\\\/uploads\\\/2022\\\/10\\\/kobu-agency-7okkFhxrxNw-unsplash.jpeg\",\"datePublished\":\"2022-10-19T10:41:25+00:00\",\"description\":\"Para fijar el precio de forma adecuada, has de tener en cuenta el mercado en que act\u00faas, el precio como elemento econ\u00f3mico, y las emociones.\",\"breadcrumb\":{\"@id\":\"https:\\\/\\\/www.elisabetbach.com\\\/es\\\/3-elementos-a-tener-en-cuenta-para-fijar-el-precio-de-tus-servicios-profesionales\\\/#breadcrumb\"},\"inLanguage\":\"es\",\"potentialAction\":[{\"@type\":\"ReadAction\",\"target\":[\"https:\\\/\\\/www.elisabetbach.com\\\/es\\\/3-elementos-a-tener-en-cuenta-para-fijar-el-precio-de-tus-servicios-profesionales\\\/\"]}]},{\"@type\":\"ImageObject\",\"inLanguage\":\"es\",\"@id\":\"https:\\\/\\\/www.elisabetbach.com\\\/es\\\/3-elementos-a-tener-en-cuenta-para-fijar-el-precio-de-tus-servicios-profesionales\\\/#primaryimage\",\"url\":\"https:\\\/\\\/www.elisabetbach.com\\\/wp-content\\\/uploads\\\/2022\\\/10\\\/kobu-agency-7okkFhxrxNw-unsplash.jpeg\",\"contentUrl\":\"https:\\\/\\\/www.elisabetbach.com\\\/wp-content\\\/uploads\\\/2022\\\/10\\\/kobu-agency-7okkFhxrxNw-unsplash.jpeg\",\"width\":2560,\"height\":1707,\"caption\":\"fixar el preu dels teus serveis professionals\"},{\"@type\":\"BreadcrumbList\",\"@id\":\"https:\\\/\\\/www.elisabetbach.com\\\/es\\\/3-elementos-a-tener-en-cuenta-para-fijar-el-precio-de-tus-servicios-profesionales\\\/#breadcrumb\",\"itemListElement\":[{\"@type\":\"ListItem\",\"position\":1,\"name\":\"Inici\",\"item\":\"https:\\\/\\\/www.elisabetbach.com\\\/es\\\/\"},{\"@type\":\"ListItem\",\"position\":2,\"name\":\"3 elementos a tener en cuenta para fijar el precio de tus servicios profesionales\"}]},{\"@type\":\"WebSite\",\"@id\":\"https:\\\/\\\/www.elisabetbach.com\\\/#website\",\"url\":\"https:\\\/\\\/www.elisabetbach.com\\\/\",\"name\":\"Elisabet Bach\",\"description\":\"Consultora Econ\u00f3mica y Financiera\",\"publisher\":{\"@id\":\"https:\\\/\\\/www.elisabetbach.com\\\/#organization\"},\"potentialAction\":[{\"@type\":\"SearchAction\",\"target\":{\"@type\":\"EntryPoint\",\"urlTemplate\":\"https:\\\/\\\/www.elisabetbach.com\\\/?s={search_term_string}\"},\"query-input\":{\"@type\":\"PropertyValueSpecification\",\"valueRequired\":true,\"valueName\":\"search_term_string\"}}],\"inLanguage\":\"es\"},{\"@type\":\"Organization\",\"@id\":\"https:\\\/\\\/www.elisabetbach.com\\\/#organization\",\"name\":\"Elisabet Bach\",\"url\":\"https:\\\/\\\/www.elisabetbach.com\\\/\",\"logo\":{\"@type\":\"ImageObject\",\"inLanguage\":\"es\",\"@id\":\"https:\\\/\\\/www.elisabetbach.com\\\/#\\\/schema\\\/logo\\\/image\\\/\",\"url\":\"https:\\\/\\\/www.elisabetbach.com\\\/wp-content\\\/uploads\\\/2014\\\/03\\\/logo.png\",\"contentUrl\":\"https:\\\/\\\/www.elisabetbach.com\\\/wp-content\\\/uploads\\\/2014\\\/03\\\/logo.png\",\"width\":308,\"height\":49,\"caption\":\"Elisabet Bach\"},\"image\":{\"@id\":\"https:\\\/\\\/www.elisabetbach.com\\\/#\\\/schema\\\/logo\\\/image\\\/\"},\"sameAs\":[\"https:\\\/\\\/www.facebook.com\\\/elisabetbacholler\\\/\",\"https:\\\/\\\/x.com\\\/elisabet_bach\",\"https:\\\/\\\/www.linkedin.com\\\/in\\\/elisabetbachconsultant\\\/\",\"https:\\\/\\\/www.youtube.com\\\/channel\\\/UCaoleye0jmPoR0_FLWsGa8Q\"]},{\"@type\":\"Person\",\"@id\":\"https:\\\/\\\/www.elisabetbach.com\\\/#\\\/schema\\\/person\\\/aed6c44263d3fb71bfed603c8edc7c21\",\"name\":\"Gabriela Granja\",\"image\":{\"@type\":\"ImageObject\",\"inLanguage\":\"es\",\"@id\":\"https:\\\/\\\/secure.gravatar.com\\\/avatar\\\/fc8117cb1263432cf991690b0187a13a2baf8f2144aa16d5078080f3926cd9f0?s=96&d=mm&r=g\",\"url\":\"https:\\\/\\\/secure.gravatar.com\\\/avatar\\\/fc8117cb1263432cf991690b0187a13a2baf8f2144aa16d5078080f3926cd9f0?s=96&d=mm&r=g\",\"contentUrl\":\"https:\\\/\\\/secure.gravatar.com\\\/avatar\\\/fc8117cb1263432cf991690b0187a13a2baf8f2144aa16d5078080f3926cd9f0?s=96&d=mm&r=g\",\"caption\":\"Gabriela Granja\"},\"url\":\"https:\\\/\\\/www.elisabetbach.com\\\/es\\\/author\\\/gabriela-granja\\\/\"}]}<\/script>\n<!-- \/ Yoast SEO plugin. -->","yoast_head_json":{"title":"3 elementos a tener en cuenta para fijar el precio de tus servicios profesionales - Elisabet Bach","description":"Para fijar el precio de forma adecuada, has de tener en cuenta el mercado en que act\u00faas, el precio como elemento econ\u00f3mico, y las emociones.","robots":{"index":"index","follow":"follow","max-snippet":"max-snippet:-1","max-image-preview":"max-image-preview:large","max-video-preview":"max-video-preview:-1"},"canonical":"https:\/\/www.elisabetbach.com\/es\/3-elementos-a-tener-en-cuenta-para-fijar-el-precio-de-tus-servicios-profesionales\/","og_locale":"es_ES","og_type":"article","og_title":"3 elementos a tener en cuenta para fijar el precio de tus servicios profesionales - Elisabet Bach","og_description":"Para fijar el precio de forma adecuada, has de tener en cuenta el mercado en que act\u00faas, el precio como elemento econ\u00f3mico, y las emociones.","og_url":"https:\/\/www.elisabetbach.com\/es\/3-elementos-a-tener-en-cuenta-para-fijar-el-precio-de-tus-servicios-profesionales\/","og_site_name":"Elisabet Bach","article_publisher":"https:\/\/www.facebook.com\/elisabetbacholler\/","article_published_time":"2022-10-19T10:41:25+00:00","og_image":[{"width":2560,"height":1707,"url":"https:\/\/www.elisabetbach.com\/wp-content\/uploads\/2022\/10\/kobu-agency-7okkFhxrxNw-unsplash.jpeg","type":"image\/jpeg"}],"author":"Gabriela Granja","twitter_misc":{"Escrito por":"Gabriela Granja","Tiempo de lectura":"4 minutos"},"schema":{"@context":"https:\/\/schema.org","@graph":[{"@type":"Article","@id":"https:\/\/www.elisabetbach.com\/es\/3-elementos-a-tener-en-cuenta-para-fijar-el-precio-de-tus-servicios-profesionales\/#article","isPartOf":{"@id":"https:\/\/www.elisabetbach.com\/es\/3-elementos-a-tener-en-cuenta-para-fijar-el-precio-de-tus-servicios-profesionales\/"},"author":{"name":"Gabriela Granja","@id":"https:\/\/www.elisabetbach.com\/#\/schema\/person\/aed6c44263d3fb71bfed603c8edc7c21"},"headline":"3 elementos a tener en cuenta para fijar el precio de tus servicios profesionales","datePublished":"2022-10-19T10:41:25+00:00","mainEntityOfPage":{"@id":"https:\/\/www.elisabetbach.com\/es\/3-elementos-a-tener-en-cuenta-para-fijar-el-precio-de-tus-servicios-profesionales\/"},"wordCount":623,"commentCount":0,"publisher":{"@id":"https:\/\/www.elisabetbach.com\/#organization"},"image":{"@id":"https:\/\/www.elisabetbach.com\/es\/3-elementos-a-tener-en-cuenta-para-fijar-el-precio-de-tus-servicios-profesionales\/#primaryimage"},"thumbnailUrl":"https:\/\/www.elisabetbach.com\/wp-content\/uploads\/2022\/10\/kobu-agency-7okkFhxrxNw-unsplash.jpeg","articleSection":["precios"],"inLanguage":"es","potentialAction":[{"@type":"CommentAction","name":"Comment","target":["https:\/\/www.elisabetbach.com\/es\/3-elementos-a-tener-en-cuenta-para-fijar-el-precio-de-tus-servicios-profesionales\/#respond"]}]},{"@type":"WebPage","@id":"https:\/\/www.elisabetbach.com\/es\/3-elementos-a-tener-en-cuenta-para-fijar-el-precio-de-tus-servicios-profesionales\/","url":"https:\/\/www.elisabetbach.com\/es\/3-elementos-a-tener-en-cuenta-para-fijar-el-precio-de-tus-servicios-profesionales\/","name":"3 elementos a tener en cuenta para fijar el precio de tus servicios profesionales - Elisabet Bach","isPartOf":{"@id":"https:\/\/www.elisabetbach.com\/#website"},"primaryImageOfPage":{"@id":"https:\/\/www.elisabetbach.com\/es\/3-elementos-a-tener-en-cuenta-para-fijar-el-precio-de-tus-servicios-profesionales\/#primaryimage"},"image":{"@id":"https:\/\/www.elisabetbach.com\/es\/3-elementos-a-tener-en-cuenta-para-fijar-el-precio-de-tus-servicios-profesionales\/#primaryimage"},"thumbnailUrl":"https:\/\/www.elisabetbach.com\/wp-content\/uploads\/2022\/10\/kobu-agency-7okkFhxrxNw-unsplash.jpeg","datePublished":"2022-10-19T10:41:25+00:00","description":"Para fijar el precio de forma adecuada, has de tener en cuenta el mercado en que act\u00faas, el precio como elemento econ\u00f3mico, y las emociones.","breadcrumb":{"@id":"https:\/\/www.elisabetbach.com\/es\/3-elementos-a-tener-en-cuenta-para-fijar-el-precio-de-tus-servicios-profesionales\/#breadcrumb"},"inLanguage":"es","potentialAction":[{"@type":"ReadAction","target":["https:\/\/www.elisabetbach.com\/es\/3-elementos-a-tener-en-cuenta-para-fijar-el-precio-de-tus-servicios-profesionales\/"]}]},{"@type":"ImageObject","inLanguage":"es","@id":"https:\/\/www.elisabetbach.com\/es\/3-elementos-a-tener-en-cuenta-para-fijar-el-precio-de-tus-servicios-profesionales\/#primaryimage","url":"https:\/\/www.elisabetbach.com\/wp-content\/uploads\/2022\/10\/kobu-agency-7okkFhxrxNw-unsplash.jpeg","contentUrl":"https:\/\/www.elisabetbach.com\/wp-content\/uploads\/2022\/10\/kobu-agency-7okkFhxrxNw-unsplash.jpeg","width":2560,"height":1707,"caption":"fixar el preu dels teus serveis professionals"},{"@type":"BreadcrumbList","@id":"https:\/\/www.elisabetbach.com\/es\/3-elementos-a-tener-en-cuenta-para-fijar-el-precio-de-tus-servicios-profesionales\/#breadcrumb","itemListElement":[{"@type":"ListItem","position":1,"name":"Inici","item":"https:\/\/www.elisabetbach.com\/es\/"},{"@type":"ListItem","position":2,"name":"3 elementos a tener en cuenta para fijar el precio de tus servicios profesionales"}]},{"@type":"WebSite","@id":"https:\/\/www.elisabetbach.com\/#website","url":"https:\/\/www.elisabetbach.com\/","name":"Elisabet Bach","description":"Consultora Econ\u00f3mica y Financiera","publisher":{"@id":"https:\/\/www.elisabetbach.com\/#organization"},"potentialAction":[{"@type":"SearchAction","target":{"@type":"EntryPoint","urlTemplate":"https:\/\/www.elisabetbach.com\/?s={search_term_string}"},"query-input":{"@type":"PropertyValueSpecification","valueRequired":true,"valueName":"search_term_string"}}],"inLanguage":"es"},{"@type":"Organization","@id":"https:\/\/www.elisabetbach.com\/#organization","name":"Elisabet Bach","url":"https:\/\/www.elisabetbach.com\/","logo":{"@type":"ImageObject","inLanguage":"es","@id":"https:\/\/www.elisabetbach.com\/#\/schema\/logo\/image\/","url":"https:\/\/www.elisabetbach.com\/wp-content\/uploads\/2014\/03\/logo.png","contentUrl":"https:\/\/www.elisabetbach.com\/wp-content\/uploads\/2014\/03\/logo.png","width":308,"height":49,"caption":"Elisabet Bach"},"image":{"@id":"https:\/\/www.elisabetbach.com\/#\/schema\/logo\/image\/"},"sameAs":["https:\/\/www.facebook.com\/elisabetbacholler\/","https:\/\/x.com\/elisabet_bach","https:\/\/www.linkedin.com\/in\/elisabetbachconsultant\/","https:\/\/www.youtube.com\/channel\/UCaoleye0jmPoR0_FLWsGa8Q"]},{"@type":"Person","@id":"https:\/\/www.elisabetbach.com\/#\/schema\/person\/aed6c44263d3fb71bfed603c8edc7c21","name":"Gabriela Granja","image":{"@type":"ImageObject","inLanguage":"es","@id":"https:\/\/secure.gravatar.com\/avatar\/fc8117cb1263432cf991690b0187a13a2baf8f2144aa16d5078080f3926cd9f0?s=96&d=mm&r=g","url":"https:\/\/secure.gravatar.com\/avatar\/fc8117cb1263432cf991690b0187a13a2baf8f2144aa16d5078080f3926cd9f0?s=96&d=mm&r=g","contentUrl":"https:\/\/secure.gravatar.com\/avatar\/fc8117cb1263432cf991690b0187a13a2baf8f2144aa16d5078080f3926cd9f0?s=96&d=mm&r=g","caption":"Gabriela Granja"},"url":"https:\/\/www.elisabetbach.com\/es\/author\/gabriela-granja\/"}]}},"_links":{"self":[{"href":"https:\/\/www.elisabetbach.com\/es\/wp-json\/wp\/v2\/posts\/9988","targetHints":{"allow":["GET"]}}],"collection":[{"href":"https:\/\/www.elisabetbach.com\/es\/wp-json\/wp\/v2\/posts"}],"about":[{"href":"https:\/\/www.elisabetbach.com\/es\/wp-json\/wp\/v2\/types\/post"}],"author":[{"embeddable":true,"href":"https:\/\/www.elisabetbach.com\/es\/wp-json\/wp\/v2\/users\/5"}],"replies":[{"embeddable":true,"href":"https:\/\/www.elisabetbach.com\/es\/wp-json\/wp\/v2\/comments?post=9988"}],"version-history":[{"count":1,"href":"https:\/\/www.elisabetbach.com\/es\/wp-json\/wp\/v2\/posts\/9988\/revisions"}],"predecessor-version":[{"id":9989,"href":"https:\/\/www.elisabetbach.com\/es\/wp-json\/wp\/v2\/posts\/9988\/revisions\/9989"}],"wp:featuredmedia":[{"embeddable":true,"href":"https:\/\/www.elisabetbach.com\/es\/wp-json\/wp\/v2\/media\/9983"}],"wp:attachment":[{"href":"https:\/\/www.elisabetbach.com\/es\/wp-json\/wp\/v2\/media?parent=9988"}],"wp:term":[{"taxonomy":"category","embeddable":true,"href":"https:\/\/www.elisabetbach.com\/es\/wp-json\/wp\/v2\/categories?post=9988"},{"taxonomy":"post_tag","embeddable":true,"href":"https:\/\/www.elisabetbach.com\/es\/wp-json\/wp\/v2\/tags?post=9988"}],"curies":[{"name":"wp","href":"https:\/\/api.w.org\/{rel}","templated":true}]}}